{"id":9905,"date":"2022-07-22T06:41:44","date_gmt":"2022-07-22T06:41:44","guid":{"rendered":"https:\/\/www.euegeajans.com\/?p=9905"},"modified":"2022-07-22T06:41:45","modified_gmt":"2022-07-22T06:41:45","slug":"ege-universitesi-uluslararasi-arenada-yukselisini-surduruyor","status":"publish","type":"post","link":"https:\/\/www.euegeajans.com\/index.php\/2022\/07\/22\/ege-universitesi-uluslararasi-arenada-yukselisini-surduruyor\/","title":{"rendered":"Ege \u00dcniversitesi uluslararas\u0131 arenada y\u00fckseli\u015fini s\u00fcrd\u00fcr\u00fcyor"},"content":{"rendered":"<p style=\"text-align: justify;\">SCImago s\u0131ralamas\u0131nda son \u00fc\u00e7 y\u0131lda y\u00fczde 58 ba\u015far\u0131 g\u00f6steren E\u00dc 2022 y\u0131l\u0131nda alt\u0131nc\u0131 s\u0131raya y\u00fckseldi<\/p>\n<p style=\"text-align: justify;\"><b>Ege \u00dcniversitesi uluslararas\u0131 arenada y\u00fckseli\u015fini s\u00fcrd\u00fcr\u00fcyor<\/b><\/p>\n<p style=\"text-align: justify;\">*Son a\u00e7\u0131klanan SCImago s\u0131ralamalar\u0131na g\u00f6re Ege \u00dcniversitesi, ulusal s\u0131ralamada 132 \u00fcniversite i\u00e7inde alt\u0131nc\u0131 s\u0131rada yer alan devlet \u00fcniversitesi oldu. Ortado\u011fu \u00fclkelerindeki 494 \u00fcniversite i\u00e7inde 45\u2019inci olan \u00fcniversite, d\u00fcnya s\u0131ralamalar\u0131nda 8 bin 84 kurum i\u00e7inde 639\u2019uncu s\u0131rada yer ald\u0131.<\/p>\n<p style=\"text-align: justify;\"><b>*<\/b>\u00a0<b>Di\u015f Hekimli\u011fi alan\u0131nda, ulusal bazda \u00fc\u00e7\u00fcnc\u00fc, OECD \u00fclkeleri i\u00e7inde 158\u2019inci, d\u00fcnya s\u0131ralamas\u0131nda 200\u2019\u00fcnc\u00fc oldu.<\/b><\/p>\n<p style=\"text-align: justify;\">Hem d\u00fcnya \u00e7ap\u0131nda hem de sekt\u00f6r, b\u00f6lge ve \u00fclke baz\u0131nda en iyi 50 \u00fcniversite ve ara\u015ft\u0131rma kurumunun s\u0131ralamas\u0131ndaki de\u011fi\u015fimleri analiz eden SCImago\u2019ya g\u00f6re Ege \u00dcniversitesi, son \u00fc\u00e7 y\u0131lda y\u00fczde 58 ba\u015far\u0131 sa\u011flad\u0131.<\/p>\n<p style=\"text-align: justify;\">\u0130spanya merkezli bir ara\u015ft\u0131rma kurulu\u015fu olan SCImago Research Group\u2019un ge\u00e7ti\u011fimiz nisan ay\u0131nda a\u00e7\u0131klad\u0131\u011f\u0131 \u201cSCImago D\u00fcnya S\u0131ralama Verileri\u201dne g\u00f6re yapt\u0131\u011f\u0131 analizinde Ege \u00dcniversitesi, 2020 y\u0131l\u0131ndan bu yana ulusal bazda y\u00fckseli\u015fte olan ilk be\u015f \u00fcniversiteden biri oldu. \u00dcniversite, ulusal s\u0131ralamada devlet \u00fcniversiteleri i\u00e7inde 2020 ve 2021 y\u0131llar\u0131nda sekizinci olurken 2022 y\u0131l\u0131nda alt\u0131nc\u0131 s\u0131raya y\u00fckseldi.<\/p>\n<p style=\"text-align: justify;\"><img loading=\"lazy\" decoding=\"async\" class=\"size-medium wp-image-9907 alignleft\" src=\"http:\/\/www.euegeajans.com\/wp-content\/uploads\/2022\/07\/EGE-SCImago-siralamasinda-son-uc-yilda-yuzde-58-basari-4-300x200.jpg\" alt=\"\" width=\"300\" height=\"200\" srcset=\"https:\/\/www.euegeajans.com\/wp-content\/uploads\/2022\/07\/EGE-SCImago-siralamasinda-son-uc-yilda-yuzde-58-basari-4-300x200.jpg 300w, https:\/\/www.euegeajans.com\/wp-content\/uploads\/2022\/07\/EGE-SCImago-siralamasinda-son-uc-yilda-yuzde-58-basari-4-1024x683.jpg 1024w, https:\/\/www.euegeajans.com\/wp-content\/uploads\/2022\/07\/EGE-SCImago-siralamasinda-son-uc-yilda-yuzde-58-basari-4-768x512.jpg 768w, https:\/\/www.euegeajans.com\/wp-content\/uploads\/2022\/07\/EGE-SCImago-siralamasinda-son-uc-yilda-yuzde-58-basari-4.jpg 1500w\" sizes=\"auto, (max-width: 300px) 100vw, 300px\" \/>S\u0131ralamay\u0131 de\u011ferlendiren Rekt\u00f6r Prof. Dr. Necdet Budak, Ege \u00dcniversitesinin evrensel d\u00fczeyde bilim \u00fcreten tam akredite bir ara\u015ft\u0131rma \u00fcniversitesi oldu\u011funa dikkat \u00e7ekti. Ege \u00dcniversitesinin uluslararas\u0131la\u015fma misyonu do\u011frultusunda \u00e7al\u0131\u015fmalar\u0131n\u0131 aral\u0131ks\u0131z s\u00fcrd\u00fcrd\u00fc\u011f\u00fcn\u00fc vurgulayan Rekt\u00f6r Budak, \u201cUlusal s\u0131ralamada her ge\u00e7en y\u0131l y\u00fckseli\u015f g\u00f6steren devlet \u00fcniversiteleri aras\u0131nda d\u00f6rd\u00fcnc\u00fc s\u0131rada yer alan \u00fcniversitemiz, di\u015f hekimli\u011fi alan\u0131nda ise \u00fc\u00e7\u00fcnc\u00fc s\u0131radaki yerini korumaya devam etti. 2021 y\u0131l\u0131nda fizik ve astronomi alan\u0131nda 41\u2019inci s\u0131rada yer alan Ege \u00dcniversitesi, 2022 y\u0131l\u0131nda 18 basamak y\u00fckselerek 23\u2019\u00fcnc\u00fc s\u0131raya yerle\u015fti. \u00dcniversitemiz, enerji alan\u0131nda 38\u2019inci ve m\u00fchendislik alan\u0131nda 28\u2019inci s\u0131raya y\u00fckselirken ulusal s\u0131ralamada Di\u015f Hekimli\u011fi, T\u0131p, Farmakoloji ve Ziraat alanlar\u0131nda ilk 10 \u00fcniversite aras\u0131nda yer ald\u0131\u201d diye konu\u015ftu.<\/p>\n<p style=\"text-align: justify;\"><b>\u201cD\u00fcnya s\u0131ralamalar\u0131nda 8 bin 84 kurum i\u00e7inde 639\u2019uncu s\u0131rada\u201d<\/b><\/p>\n<p style=\"text-align: justify;\">Rekt\u00f6r Prof. Dr. Necdet Budak, \u201cSon a\u00e7\u0131klanan SCImago s\u0131ralamalar\u0131na g\u00f6re Ege \u00dcniversitesi, ulusal s\u0131ralamada 132 \u00fcniversite i\u00e7inde alt\u0131nc\u0131 s\u0131rada yer alan devlet \u00fcniversitesi oldu. Ortado\u011fu \u00fclkelerindeki 494 \u00fcniversite i\u00e7inde 45\u2019inci olan Ege \u00fcniversitesi, d\u00fcnya s\u0131ralamalar\u0131nda 8 bin 84 kurum i\u00e7inde 639\u2019uncu s\u0131rada yer ald\u0131. 791 kurumun de\u011ferlendirildi\u011fi Di\u015f Hekimli\u011fi alan\u0131nda, ulusal bazda \u00fc\u00e7\u00fcnc\u00fc, OECD \u00fclkeleri i\u00e7inde 158\u2019inci, d\u00fcnya s\u0131ralamas\u0131nda 200\u2019\u00fcnc\u00fc; 4 bin 680 kurumun de\u011ferlendirildi\u011fi T\u0131p alan\u0131nda, ulusal bazda alt\u0131nc\u0131, OECD \u00fclkeleri i\u00e7inde 648\u2019inci ve d\u00fcnya s\u0131ralamas\u0131nda 717\u2019inci; 3 bin 826 kurumun de\u011ferlendirildi\u011fi Farmakoloji alan\u0131nda ulusal bazda dokuzuncu, OECD \u00fclkeleri i\u00e7inde 554\u2019\u00fcnc\u00fc ve d\u00fcnya s\u0131ralamas\u0131nda 632\u2019nci olurken 3 bin 999 kurumun de\u011ferlendirildi\u011fi Ziraat alan\u0131nda ise ulusal bazda dokuzuncu s\u0131rada yer ald\u0131. Uluslararas\u0131 alanda g\u00f6r\u00fcn\u00fcrl\u00fc\u011f\u00fcm\u00fcz\u00fc her ge\u00e7en g\u00fcn art\u0131rmaya devam ediyoruz. Eme\u011fi ge\u00e7en mensuplar\u0131m\u0131za te\u015fekk\u00fcr ediyorum\u201d diye konu\u015ftu.<\/p>\n<div id='gallery-1' class='gallery galleryid-9905 gallery-columns-2 gallery-size-medium'><figure class='gallery-item'>\n\t\t\t<div class='gallery-icon landscape'>\n\t\t\t\t<a href='https:\/\/www.euegeajans.com\/wp-content\/uploads\/2022\/07\/EGE-SCImago-siralamasinda-son-uc-yilda-yuzde-58-basari-13.jpg'><img loading=\"lazy\" decoding=\"async\" width=\"300\" height=\"201\" src=\"https:\/\/www.euegeajans.com\/wp-content\/uploads\/2022\/07\/EGE-SCImago-siralamasinda-son-uc-yilda-yuzde-58-basari-13-300x201.jpg\" class=\"attachment-medium size-medium\" alt=\"\" srcset=\"https:\/\/www.euegeajans.com\/wp-content\/uploads\/2022\/07\/EGE-SCImago-siralamasinda-son-uc-yilda-yuzde-58-basari-13-300x201.jpg 300w, https:\/\/www.euegeajans.com\/wp-content\/uploads\/2022\/07\/EGE-SCImago-siralamasinda-son-uc-yilda-yuzde-58-basari-13-1024x684.jpg 1024w, https:\/\/www.euegeajans.com\/wp-content\/uploads\/2022\/07\/EGE-SCImago-siralamasinda-son-uc-yilda-yuzde-58-basari-13-768x513.jpg 768w, https:\/\/www.euegeajans.com\/wp-content\/uploads\/2022\/07\/EGE-SCImago-siralamasinda-son-uc-yilda-yuzde-58-basari-13.jpg 1200w\" sizes=\"auto, (max-width: 300px) 100vw, 300px\" \/><\/a>\n\t\t\t<\/div><\/figure><figure class='gallery-item'>\n\t\t\t<div class='gallery-icon landscape'>\n\t\t\t\t<a href='https:\/\/www.euegeajans.com\/wp-content\/uploads\/2022\/07\/EGE-SCImago-siralamasinda-son-uc-yilda-yuzde-58-basari-7.jpg'><img loading=\"lazy\" decoding=\"async\" width=\"300\" height=\"200\" src=\"https:\/\/www.euegeajans.com\/wp-content\/uploads\/2022\/07\/EGE-SCImago-siralamasinda-son-uc-yilda-yuzde-58-basari-7-300x200.jpg\" class=\"attachment-medium size-medium\" alt=\"\" srcset=\"https:\/\/www.euegeajans.com\/wp-content\/uploads\/2022\/07\/EGE-SCImago-siralamasinda-son-uc-yilda-yuzde-58-basari-7-300x200.jpg 300w, https:\/\/www.euegeajans.com\/wp-content\/uploads\/2022\/07\/EGE-SCImago-siralamasinda-son-uc-yilda-yuzde-58-basari-7-1024x683.jpg 1024w, https:\/\/www.euegeajans.com\/wp-content\/uploads\/2022\/07\/EGE-SCImago-siralamasinda-son-uc-yilda-yuzde-58-basari-7-768x512.jpg 768w, https:\/\/www.euegeajans.com\/wp-content\/uploads\/2022\/07\/EGE-SCImago-siralamasinda-son-uc-yilda-yuzde-58-basari-7.jpg 1500w\" sizes=\"auto, (max-width: 300px) 100vw, 300px\" \/><\/a>\n\t\t\t<\/div><\/figure>\n\t\t<\/div>\n\n","protected":false},"excerpt":{"rendered":"<p>SCImago s\u0131ralamas\u0131nda son \u00fc\u00e7 y\u0131lda y\u00fczde 58 ba\u015far\u0131 g\u00f6steren E\u00dc 2022 y\u0131l\u0131nda alt\u0131nc\u0131 s\u0131raya y\u00fckseldi&#8230;<\/p>\n","protected":false},"author":2,"featured_media":0,"comment_status":"open","ping_status":"open","sticky":false,"template":"","format":"standard","meta":{"footnotes":""},"categories":[69,99,1,70],"tags":[],"class_list":["post-9905","post","type-post","status-publish","format-standard","hentry","category-bilim","category-egitim","category-gncl","category-kampus"],"featured_image_urls":{"full":"","thumbnail":"","medium":"","medium_large":"","large":"","1536x1536":"","2048x2048":"","newsphere-slider-full":"","newsphere-featured":"","newsphere-medium":""},"author_info":{"display_name":"Editor","author_link":"https:\/\/www.euegeajans.com\/index.php\/author\/editor\/"},"category_info":"<a href=\"https:\/\/www.euegeajans.com\/index.php\/category\/bilim\/\" rel=\"category tag\">Bilim<\/a> <a href=\"https:\/\/www.euegeajans.com\/index.php\/category\/egitim\/\" rel=\"category tag\">E\u011fitim<\/a> <a href=\"https:\/\/www.euegeajans.com\/index.php\/category\/gncl\/\" rel=\"category tag\">G\u00fcncel<\/a> <a href=\"https:\/\/www.euegeajans.com\/index.php\/category\/kampus\/\" rel=\"category tag\">Kamp\u00fcs<\/a>","tag_info":"Kamp\u00fcs","comment_count":"0","_links":{"self":[{"href":"https:\/\/www.euegeajans.com\/index.php\/wp-json\/wp\/v2\/posts\/9905","targetHints":{"allow":["GET"]}}],"collection":[{"href":"https:\/\/www.euegeajans.com\/index.php\/wp-json\/wp\/v2\/posts"}],"about":[{"href":"https:\/\/www.euegeajans.com\/index.php\/wp-json\/wp\/v2\/types\/post"}],"author":[{"embeddable":true,"href":"https:\/\/www.euegeajans.com\/index.php\/wp-json\/wp\/v2\/users\/2"}],"replies":[{"embeddable":true,"href":"https:\/\/www.euegeajans.com\/index.php\/wp-json\/wp\/v2\/comments?post=9905"}],"version-history":[{"count":1,"href":"https:\/\/www.euegeajans.com\/index.php\/wp-json\/wp\/v2\/posts\/9905\/revisions"}],"predecessor-version":[{"id":9910,"href":"https:\/\/www.euegeajans.com\/index.php\/wp-json\/wp\/v2\/posts\/9905\/revisions\/9910"}],"wp:attachment":[{"href":"https:\/\/www.euegeajans.com\/index.php\/wp-json\/wp\/v2\/media?parent=9905"}],"wp:term":[{"taxonomy":"category","embeddable":true,"href":"https:\/\/www.euegeajans.com\/index.php\/wp-json\/wp\/v2\/categories?post=9905"},{"taxonomy":"post_tag","embeddable":true,"href":"https:\/\/www.euegeajans.com\/index.php\/wp-json\/wp\/v2\/tags?post=9905"}],"curies":[{"name":"wp","href":"https:\/\/api.w.org\/{rel}","templated":true}]}}