{"id":9776,"date":"2022-07-08T06:41:32","date_gmt":"2022-07-08T06:41:32","guid":{"rendered":"https:\/\/www.euegeajans.com\/?p=9776"},"modified":"2022-07-08T06:41:33","modified_gmt":"2022-07-08T06:41:33","slug":"rektor-budak-eu-ailesi-ile-bayramlasti","status":"publish","type":"post","link":"https:\/\/www.euegeajans.com\/index.php\/2022\/07\/08\/rektor-budak-eu-ailesi-ile-bayramlasti\/","title":{"rendered":"Rekt\u00f6r Budak, E\u00dc Ailesi ile bayramla\u015ft\u0131"},"content":{"rendered":"<p style=\"text-align: justify;\">Ege \u00dcniversitesi Rekt\u00f6r\u00fc Prof. Dr. Necdet Budak, yakla\u015fan Kurban Bayram\u0131 dolay\u0131s\u0131yla E\u00dc ailesi ile bir araya gelerek bayramla\u015ft\u0131. Ege \u00dcniversitesi Rekt\u00f6rl\u00fck Bah\u00e7esinde d\u00fczenlenen bayramla\u015fma t\u00f6renine \u00fcniversite \u00fcst y\u00f6netimi, senato \u00fcyeleri ile akademik ve idari \u00e7al\u0131\u015fanlar kat\u0131ld\u0131.<\/p>\n<p style=\"text-align: justify;\"><img loading=\"lazy\" decoding=\"async\" class=\"size-medium wp-image-9770 alignright\" src=\"http:\/\/www.euegeajans.com\/wp-content\/uploads\/2022\/07\/Prof.-Dr.-Necdet-Budak--300x200.jpg\" alt=\"\" width=\"300\" height=\"200\" srcset=\"https:\/\/www.euegeajans.com\/wp-content\/uploads\/2022\/07\/Prof.-Dr.-Necdet-Budak--300x200.jpg 300w, https:\/\/www.euegeajans.com\/wp-content\/uploads\/2022\/07\/Prof.-Dr.-Necdet-Budak--1024x683.jpg 1024w, https:\/\/www.euegeajans.com\/wp-content\/uploads\/2022\/07\/Prof.-Dr.-Necdet-Budak--768x512.jpg 768w, https:\/\/www.euegeajans.com\/wp-content\/uploads\/2022\/07\/Prof.-Dr.-Necdet-Budak--1536x1024.jpg 1536w, https:\/\/www.euegeajans.com\/wp-content\/uploads\/2022\/07\/Prof.-Dr.-Necdet-Budak-.jpg 2048w\" sizes=\"auto, (max-width: 300px) 100vw, 300px\" \/>Bayramlar\u0131n birlik ve beraberli\u011fi art\u0131rd\u0131\u011f\u0131n\u0131 vurgulayan Rekt\u00f6r Budak, \u201cMilli ve dini duygular\u0131m\u0131z\u0131 en yo\u011fun \u015fekilde ya\u015fad\u0131\u011f\u0131m\u0131z bir bayrama daha kavu\u015fman\u0131n k\u0131vanc\u0131n\u0131 ya\u015f\u0131yoruz. Bayramlar; birlik ve beraberli\u011fin artt\u0131\u011f\u0131, aile ba\u011flar\u0131n\u0131n g\u00fc\u00e7lendi\u011fi, insanlar\u0131n karde\u015f\u00e7e kucakla\u015ft\u0131\u011f\u0131, maneviyat\u0131 y\u00fcksek g\u00fcnlerdir. Kurban Bayram\u0131 demek payla\u015fmak demektir. \u0130nan\u0131yorum ki bu bayramda da mutlulu\u011fu payla\u015fman\u0131n, tek y\u00fcrek olman\u0131n en g\u00fczel \u00f6rneklerini millet\u00e7e sergileyece\u011fiz. Bu vesile ile ba\u015fta Ege \u00dcniversitesi ailesinin de\u011ferli mensuplar\u0131 olmak \u00fczere milletimizin ve t\u00fcm \u0130slam \u00e2leminin m\u00fcbarek Kurban Bayram\u0131n\u0131 kutluyor; sevgi, huzur, bar\u0131\u015f ve mutluluk dolu nice bayramlara kavu\u015fmay\u0131 Y\u00fcce Allah\u2019tan niyaz ediyorum\u201d diye konu\u015ftu.<\/p>\n<p style=\"text-align: justify;\">T\u00f6rende Rekt\u00f6r Budak, akademik ve idari personel ile tek tek bayramla\u015farak bayram hediyesi verdi.<\/p>\n<div id='gallery-1' class='gallery galleryid-9776 gallery-columns-2 gallery-size-medium'><figure class='gallery-item'>\n\t\t\t<div class='gallery-icon landscape'>\n\t\t\t\t<a href='https:\/\/www.euegeajans.com\/ege-rektorluk-bayramlasma-2022-2\/'><img loading=\"lazy\" decoding=\"async\" width=\"300\" height=\"200\" src=\"https:\/\/www.euegeajans.com\/wp-content\/uploads\/2022\/07\/EGE-Rektorluk-Bayramlasma-2022-2-300x200.jpg\" class=\"attachment-medium size-medium\" alt=\"\" srcset=\"https:\/\/www.euegeajans.com\/wp-content\/uploads\/2022\/07\/EGE-Rektorluk-Bayramlasma-2022-2-300x200.jpg 300w, https:\/\/www.euegeajans.com\/wp-content\/uploads\/2022\/07\/EGE-Rektorluk-Bayramlasma-2022-2-1024x683.jpg 1024w, https:\/\/www.euegeajans.com\/wp-content\/uploads\/2022\/07\/EGE-Rektorluk-Bayramlasma-2022-2-768x512.jpg 768w, https:\/\/www.euegeajans.com\/wp-content\/uploads\/2022\/07\/EGE-Rektorluk-Bayramlasma-2022-2-1536x1024.jpg 1536w, https:\/\/www.euegeajans.com\/wp-content\/uploads\/2022\/07\/EGE-Rektorluk-Bayramlasma-2022-2.jpg 2048w\" sizes=\"auto, (max-width: 300px) 100vw, 300px\" \/><\/a>\n\t\t\t<\/div><\/figure><figure class='gallery-item'>\n\t\t\t<div class='gallery-icon landscape'>\n\t\t\t\t<a href='https:\/\/www.euegeajans.com\/ege-rektorluk-bayramlasma-2022-4\/'><img loading=\"lazy\" decoding=\"async\" width=\"300\" height=\"200\" src=\"https:\/\/www.euegeajans.com\/wp-content\/uploads\/2022\/07\/EGE-Rektorluk-Bayramlasma-2022-4-300x200.jpg\" class=\"attachment-medium size-medium\" alt=\"\" srcset=\"https:\/\/www.euegeajans.com\/wp-content\/uploads\/2022\/07\/EGE-Rektorluk-Bayramlasma-2022-4-300x200.jpg 300w, https:\/\/www.euegeajans.com\/wp-content\/uploads\/2022\/07\/EGE-Rektorluk-Bayramlasma-2022-4-1024x683.jpg 1024w, https:\/\/www.euegeajans.com\/wp-content\/uploads\/2022\/07\/EGE-Rektorluk-Bayramlasma-2022-4-768x512.jpg 768w, https:\/\/www.euegeajans.com\/wp-content\/uploads\/2022\/07\/EGE-Rektorluk-Bayramlasma-2022-4-1536x1024.jpg 1536w, https:\/\/www.euegeajans.com\/wp-content\/uploads\/2022\/07\/EGE-Rektorluk-Bayramlasma-2022-4.jpg 2048w\" sizes=\"auto, (max-width: 300px) 100vw, 300px\" \/><\/a>\n\t\t\t<\/div><\/figure><figure class='gallery-item'>\n\t\t\t<div class='gallery-icon landscape'>\n\t\t\t\t<a href='https:\/\/www.euegeajans.com\/ege-rektorluk-bayramlasma-2022-6\/'><img loading=\"lazy\" decoding=\"async\" width=\"300\" height=\"200\" src=\"https:\/\/www.euegeajans.com\/wp-content\/uploads\/2022\/07\/EGE-Rektorluk-Bayramlasma-2022-6-300x200.jpg\" class=\"attachment-medium size-medium\" alt=\"\" srcset=\"https:\/\/www.euegeajans.com\/wp-content\/uploads\/2022\/07\/EGE-Rektorluk-Bayramlasma-2022-6-300x200.jpg 300w, https:\/\/www.euegeajans.com\/wp-content\/uploads\/2022\/07\/EGE-Rektorluk-Bayramlasma-2022-6-1024x683.jpg 1024w, https:\/\/www.euegeajans.com\/wp-content\/uploads\/2022\/07\/EGE-Rektorluk-Bayramlasma-2022-6-768x512.jpg 768w, https:\/\/www.euegeajans.com\/wp-content\/uploads\/2022\/07\/EGE-Rektorluk-Bayramlasma-2022-6-1536x1024.jpg 1536w, https:\/\/www.euegeajans.com\/wp-content\/uploads\/2022\/07\/EGE-Rektorluk-Bayramlasma-2022-6.jpg 2048w\" sizes=\"auto, (max-width: 300px) 100vw, 300px\" \/><\/a>\n\t\t\t<\/div><\/figure><figure class='gallery-item'>\n\t\t\t<div class='gallery-icon landscape'>\n\t\t\t\t<a href='https:\/\/www.euegeajans.com\/ege-rektorluk-bayramlasma-2022-1\/'><img loading=\"lazy\" decoding=\"async\" width=\"300\" height=\"200\" src=\"https:\/\/www.euegeajans.com\/wp-content\/uploads\/2022\/07\/EGE-Rektorluk-Bayramlasma-2022-1-300x200.jpg\" class=\"attachment-medium size-medium\" alt=\"\" srcset=\"https:\/\/www.euegeajans.com\/wp-content\/uploads\/2022\/07\/EGE-Rektorluk-Bayramlasma-2022-1-300x200.jpg 300w, https:\/\/www.euegeajans.com\/wp-content\/uploads\/2022\/07\/EGE-Rektorluk-Bayramlasma-2022-1-1024x683.jpg 1024w, https:\/\/www.euegeajans.com\/wp-content\/uploads\/2022\/07\/EGE-Rektorluk-Bayramlasma-2022-1-768x512.jpg 768w, https:\/\/www.euegeajans.com\/wp-content\/uploads\/2022\/07\/EGE-Rektorluk-Bayramlasma-2022-1-1536x1024.jpg 1536w, https:\/\/www.euegeajans.com\/wp-content\/uploads\/2022\/07\/EGE-Rektorluk-Bayramlasma-2022-1.jpg 2048w\" sizes=\"auto, (max-width: 300px) 100vw, 300px\" \/><\/a>\n\t\t\t<\/div><\/figure>\n\t\t<\/div>\n\n","protected":false},"excerpt":{"rendered":"<p>Ege \u00dcniversitesi Rekt\u00f6r\u00fc Prof. Dr. Necdet Budak, yakla\u015fan Kurban Bayram\u0131 dolay\u0131s\u0131yla E\u00dc ailesi ile bir&#8230;<\/p>\n","protected":false},"author":2,"featured_media":9769,"comment_status":"open","ping_status":"open","sticky":false,"template":"","format":"standard","meta":{"footnotes":""},"categories":[1,70],"tags":[],"class_list":["post-9776","post","type-post","status-publish","format-standard","has-post-thumbnail","hentry","category-gncl","category-kampus"],"featured_image_urls":{"full":["https:\/\/www.euegeajans.com\/wp-content\/uploads\/2022\/07\/EGE-Rektorluk-Bayramlasma-2022-3.jpg",2048,1365,false],"thumbnail":["https:\/\/www.euegeajans.com\/wp-content\/uploads\/2022\/07\/EGE-Rektorluk-Bayramlasma-2022-3-150x150.jpg",150,150,true],"medium":["https:\/\/www.euegeajans.com\/wp-content\/uploads\/2022\/07\/EGE-Rektorluk-Bayramlasma-2022-3-300x200.jpg",300,200,true],"medium_large":["https:\/\/www.euegeajans.com\/wp-content\/uploads\/2022\/07\/EGE-Rektorluk-Bayramlasma-2022-3-768x512.jpg",640,427,true],"large":["https:\/\/www.euegeajans.com\/wp-content\/uploads\/2022\/07\/EGE-Rektorluk-Bayramlasma-2022-3-1024x683.jpg",640,427,true],"1536x1536":["https:\/\/www.euegeajans.com\/wp-content\/uploads\/2022\/07\/EGE-Rektorluk-Bayramlasma-2022-3-1536x1024.jpg",1536,1024,true],"2048x2048":["https:\/\/www.euegeajans.com\/wp-content\/uploads\/2022\/07\/EGE-Rektorluk-Bayramlasma-2022-3.jpg",2048,1365,false],"newsphere-slider-full":["https:\/\/www.euegeajans.com\/wp-content\/uploads\/2022\/07\/EGE-Rektorluk-Bayramlasma-2022-3-1280x720.jpg",1280,720,true],"newsphere-featured":["https:\/\/www.euegeajans.com\/wp-content\/uploads\/2022\/07\/EGE-Rektorluk-Bayramlasma-2022-3-1024x683.jpg",1024,683,true],"newsphere-medium":["https:\/\/www.euegeajans.com\/wp-content\/uploads\/2022\/07\/EGE-Rektorluk-Bayramlasma-2022-3-720x380.jpg",720,380,true]},"author_info":{"display_name":"Editor","author_link":"https:\/\/www.euegeajans.com\/index.php\/author\/editor\/"},"category_info":"<a href=\"https:\/\/www.euegeajans.com\/index.php\/category\/gncl\/\" rel=\"category tag\">G\u00fcncel<\/a> <a href=\"https:\/\/www.euegeajans.com\/index.php\/category\/kampus\/\" rel=\"category tag\">Kamp\u00fcs<\/a>","tag_info":"Kamp\u00fcs","comment_count":"0","_links":{"self":[{"href":"https:\/\/www.euegeajans.com\/index.php\/wp-json\/wp\/v2\/posts\/9776","targetHints":{"allow":["GET"]}}],"collection":[{"href":"https:\/\/www.euegeajans.com\/index.php\/wp-json\/wp\/v2\/posts"}],"about":[{"href":"https:\/\/www.euegeajans.com\/index.php\/wp-json\/wp\/v2\/types\/post"}],"author":[{"embeddable":true,"href":"https:\/\/www.euegeajans.com\/index.php\/wp-json\/wp\/v2\/users\/2"}],"replies":[{"embeddable":true,"href":"https:\/\/www.euegeajans.com\/index.php\/wp-json\/wp\/v2\/comments?post=9776"}],"version-history":[{"count":1,"href":"https:\/\/www.euegeajans.com\/index.php\/wp-json\/wp\/v2\/posts\/9776\/revisions"}],"predecessor-version":[{"id":9777,"href":"https:\/\/www.euegeajans.com\/index.php\/wp-json\/wp\/v2\/posts\/9776\/revisions\/9777"}],"wp:featuredmedia":[{"embeddable":true,"href":"https:\/\/www.euegeajans.com\/index.php\/wp-json\/wp\/v2\/media\/9769"}],"wp:attachment":[{"href":"https:\/\/www.euegeajans.com\/index.php\/wp-json\/wp\/v2\/media?parent=9776"}],"wp:term":[{"taxonomy":"category","embeddable":true,"href":"https:\/\/www.euegeajans.com\/index.php\/wp-json\/wp\/v2\/categories?post=9776"},{"taxonomy":"post_tag","embeddable":true,"href":"https:\/\/www.euegeajans.com\/index.php\/wp-json\/wp\/v2\/tags?post=9776"}],"curies":[{"name":"wp","href":"https:\/\/api.w.org\/{rel}","templated":true}]}}