{"id":9384,"date":"2022-06-17T07:11:18","date_gmt":"2022-06-17T07:11:18","guid":{"rendered":"https:\/\/www.euegeajans.com\/?p=9384"},"modified":"2022-06-17T07:11:19","modified_gmt":"2022-06-17T07:11:19","slug":"egeli-ogrencilerden-tedavi-goren-cocuklara-cim-adam-morali","status":"publish","type":"post","link":"https:\/\/www.euegeajans.com\/index.php\/2022\/06\/17\/egeli-ogrencilerden-tedavi-goren-cocuklara-cim-adam-morali\/","title":{"rendered":"Egeli \u00f6\u011frencilerden tedavi g\u00f6ren \u00e7ocuklara \u201c\u00c7im Adam\u201d morali"},"content":{"rendered":"<p style=\"text-align: justify;\">\n<p style=\"text-align: justify;\">Ege \u00dcniversitesi Bay\u0131nd\u0131r Meslek Y\u00fcksekokulu \u00c7im Alan Tesisi ve Y\u00f6netimi Program\u0131 birinci ve ikinci s\u0131n\u0131f \u00f6\u011frencileri, anlaml\u0131 bir sosyal sorumluluk projesine imza att\u0131.<\/p>\n<p style=\"text-align: justify;\">Ege \u00dcniversitesi Bay\u0131nd\u0131r Meslek Y\u00fcksekokulu \u00f6\u011frencileri, \u201cTedavi G\u00f6ren \u00c7ocuklar \u0130\u00e7in \u00c7im Adam Projesi\u201d kapsam\u0131nda E\u00dc T\u0131p Fak\u00fcltesi Hastanesinde tedavisine devam edilen \u00e7ocuklara haz\u0131rlad\u0131klar\u0131 \u00e7im adamlar\u0131 da\u011f\u0131tt\u0131lar. \u00d6\u011frencilere E\u00dc Rekt\u00f6r Yard\u0131mc\u0131s\u0131 Prof. Dr. Cemil G\u00fcrg\u00fcn, E\u00dcTF Hastanesi Ba\u015fhekimi Prof. Dr. Muhsin \u00d6zg\u00fcr \u00c7o\u011fulu, Bay\u0131nd\u0131r MYO M\u00fcd\u00fcr\u00fc proje dan\u0131\u015fman\u0131 Dr. \u00d6\u011fretim \u00dcyesi Ali Salman ve M\u00fcd\u00fcr Yard\u0131mc\u0131s\u0131 \u00d6\u011fr. G\u00f6r. Ertu\u011frul Baleko\u011flu e\u015flik etti.<\/p>\n<p style=\"text-align: justify;\">Ama\u00e7lar\u0131n\u0131n tedavisi devam eden \u00e7ocuklara moral kazand\u0131rmak oldu\u011funu s\u00f6yleyen Bay\u0131nd\u0131r MYO M\u00fcd\u00fcr\u00fc Dr. \u00d6\u011fretim \u00dcyesi Ali Salman, \u201c \u00d6\u011frencilerimizle y\u00fcr\u00fctt\u00fc\u011f\u00fcm\u00fcz projemiz kapsam\u0131nda \u00e7ocuk alerji hastal\u0131klar\u0131, \u00e7ocuk g\u00f6\u011f\u00fcs hastal\u0131klar\u0131 ve \u00e7ocuk onkoloji klini\u011finde tedavi g\u00f6ren \u00e7ocuklara \u00f6\u011frencilerimiz taraf\u0131ndan kendi haz\u0131rlad\u0131klar\u0131 200 \u00e7im adam da\u011f\u0131t\u0131ld\u0131.\u00a0 Amac\u0131m\u0131z, burada tedavi g\u00f6ren \u00e7ocuklar\u0131m\u0131za moral vermek ve hastane ortam\u0131nda e\u011flenceli vakit ge\u00e7irmelerini sa\u011flamak. Ayr\u0131ca kendi \u00f6\u011frencilerimize de sosyal sorumluluk bilinci a\u015f\u0131lam\u0131\u015f olduk. Bug\u00fcn bizleri yaln\u0131z b\u0131rakmayan Rekt\u00f6r Yard\u0131mc\u0131m\u0131za, Hastane Ba\u015fhekimimize, sa\u011fl\u0131k \u00e7al\u0131\u015fanlar\u0131m\u0131za ve projemize maddi-manevi destek veren firmalar\u0131m\u0131za te\u015fekk\u00fcr ediyorum\u201d diye konu\u015ftu.<\/p>\n<div id='gallery-1' class='gallery galleryid-9384 gallery-columns-3 gallery-size-thumbnail'><figure class='gallery-item'>\n\t\t\t<div class='gallery-icon landscape'>\n\t\t\t\t<a href='https:\/\/www.euegeajans.com\/index.php\/2022\/06\/17\/egeli-ogrencilerden-tedavi-goren-cocuklara-cim-adam-morali\/ege-cocuklara-cim-adam-morali-2\/'><img loading=\"lazy\" decoding=\"async\" width=\"150\" height=\"150\" src=\"https:\/\/www.euegeajans.com\/wp-content\/uploads\/2022\/06\/EGE-Cocuklara-cim-adam-morali-2-150x150.jpg\" class=\"attachment-thumbnail size-thumbnail\" alt=\"\" \/><\/a>\n\t\t\t<\/div><\/figure><figure class='gallery-item'>\n\t\t\t<div class='gallery-icon landscape'>\n\t\t\t\t<a href='https:\/\/www.euegeajans.com\/index.php\/2022\/06\/17\/egeli-ogrencilerden-tedavi-goren-cocuklara-cim-adam-morali\/ege-cocuklara-cim-adam-morali-3\/'><img loading=\"lazy\" decoding=\"async\" width=\"150\" height=\"150\" src=\"https:\/\/www.euegeajans.com\/wp-content\/uploads\/2022\/06\/EGE-Cocuklara-cim-adam-morali-3-150x150.jpg\" class=\"attachment-thumbnail size-thumbnail\" alt=\"\" \/><\/a>\n\t\t\t<\/div><\/figure><figure class='gallery-item'>\n\t\t\t<div class='gallery-icon landscape'>\n\t\t\t\t<a href='https:\/\/www.euegeajans.com\/index.php\/2022\/06\/17\/egeli-ogrencilerden-tedavi-goren-cocuklara-cim-adam-morali\/ege-cocuklara-cim-adam-morali-6\/'><img loading=\"lazy\" decoding=\"async\" width=\"150\" height=\"150\" src=\"https:\/\/www.euegeajans.com\/wp-content\/uploads\/2022\/06\/EGE-Cocuklara-cim-adam-morali-6-150x150.jpg\" class=\"attachment-thumbnail size-thumbnail\" alt=\"\" \/><\/a>\n\t\t\t<\/div><\/figure>\n\t\t<\/div>\n\n","protected":false},"excerpt":{"rendered":"<p>Ege \u00dcniversitesi Bay\u0131nd\u0131r Meslek Y\u00fcksekokulu \u00c7im Alan Tesisi ve Y\u00f6netimi Program\u0131 birinci ve ikinci s\u0131n\u0131f&#8230;<\/p>\n","protected":false},"author":2,"featured_media":9388,"comment_status":"open","ping_status":"open","sticky":false,"template":"","format":"standard","meta":{"footnotes":""},"categories":[1],"tags":[],"class_list":["post-9384","post","type-post","status-publish","format-standard","has-post-thumbnail","hentry","category-gncl"],"featured_image_urls":{"full":["https:\/\/www.euegeajans.com\/wp-content\/uploads\/2022\/06\/EGE-Cocuklara-cim-adam-morali-4.jpg",1600,1066,false],"thumbnail":["https:\/\/www.euegeajans.com\/wp-content\/uploads\/2022\/06\/EGE-Cocuklara-cim-adam-morali-4-150x150.jpg",150,150,true],"medium":["https:\/\/www.euegeajans.com\/wp-content\/uploads\/2022\/06\/EGE-Cocuklara-cim-adam-morali-4-300x200.jpg",300,200,true],"medium_large":["https:\/\/www.euegeajans.com\/wp-content\/uploads\/2022\/06\/EGE-Cocuklara-cim-adam-morali-4-768x512.jpg",640,427,true],"large":["https:\/\/www.euegeajans.com\/wp-content\/uploads\/2022\/06\/EGE-Cocuklara-cim-adam-morali-4-1024x682.jpg",640,426,true],"1536x1536":["https:\/\/www.euegeajans.com\/wp-content\/uploads\/2022\/06\/EGE-Cocuklara-cim-adam-morali-4-1536x1023.jpg",1536,1023,true],"2048x2048":["https:\/\/www.euegeajans.com\/wp-content\/uploads\/2022\/06\/EGE-Cocuklara-cim-adam-morali-4.jpg",1600,1066,false],"newsphere-slider-full":["https:\/\/www.euegeajans.com\/wp-content\/uploads\/2022\/06\/EGE-Cocuklara-cim-adam-morali-4-1280x720.jpg",1280,720,true],"newsphere-featured":["https:\/\/www.euegeajans.com\/wp-content\/uploads\/2022\/06\/EGE-Cocuklara-cim-adam-morali-4-1024x682.jpg",1024,682,true],"newsphere-medium":["https:\/\/www.euegeajans.com\/wp-content\/uploads\/2022\/06\/EGE-Cocuklara-cim-adam-morali-4-720x380.jpg",720,380,true]},"author_info":{"display_name":"Editor","author_link":"https:\/\/www.euegeajans.com\/index.php\/author\/editor\/"},"category_info":"<a href=\"https:\/\/www.euegeajans.com\/index.php\/category\/gncl\/\" rel=\"category tag\">G\u00fcncel<\/a>","tag_info":"G\u00fcncel","comment_count":"0","_links":{"self":[{"href":"https:\/\/www.euegeajans.com\/index.php\/wp-json\/wp\/v2\/posts\/9384","targetHints":{"allow":["GET"]}}],"collection":[{"href":"https:\/\/www.euegeajans.com\/index.php\/wp-json\/wp\/v2\/posts"}],"about":[{"href":"https:\/\/www.euegeajans.com\/index.php\/wp-json\/wp\/v2\/types\/post"}],"author":[{"embeddable":true,"href":"https:\/\/www.euegeajans.com\/index.php\/wp-json\/wp\/v2\/users\/2"}],"replies":[{"embeddable":true,"href":"https:\/\/www.euegeajans.com\/index.php\/wp-json\/wp\/v2\/comments?post=9384"}],"version-history":[{"count":1,"href":"https:\/\/www.euegeajans.com\/index.php\/wp-json\/wp\/v2\/posts\/9384\/revisions"}],"predecessor-version":[{"id":9389,"href":"https:\/\/www.euegeajans.com\/index.php\/wp-json\/wp\/v2\/posts\/9384\/revisions\/9389"}],"wp:featuredmedia":[{"embeddable":true,"href":"https:\/\/www.euegeajans.com\/index.php\/wp-json\/wp\/v2\/media\/9388"}],"wp:attachment":[{"href":"https:\/\/www.euegeajans.com\/index.php\/wp-json\/wp\/v2\/media?parent=9384"}],"wp:term":[{"taxonomy":"category","embeddable":true,"href":"https:\/\/www.euegeajans.com\/index.php\/wp-json\/wp\/v2\/categories?post=9384"},{"taxonomy":"post_tag","embeddable":true,"href":"https:\/\/www.euegeajans.com\/index.php\/wp-json\/wp\/v2\/tags?post=9384"}],"curies":[{"name":"wp","href":"https:\/\/api.w.org\/{rel}","templated":true}]}}