{"id":8768,"date":"2022-05-24T03:32:00","date_gmt":"2022-05-24T03:32:00","guid":{"rendered":"https:\/\/www.euegeajans.com\/?p=8768"},"modified":"2022-05-24T07:34:50","modified_gmt":"2022-05-24T07:34:50","slug":"eu-etnografya-muzesinde-ebru-ve-baski-atolyeleri-duzenlendi","status":"publish","type":"post","link":"https:\/\/www.euegeajans.com\/index.php\/2022\/05\/24\/eu-etnografya-muzesinde-ebru-ve-baski-atolyeleri-duzenlendi\/","title":{"rendered":"E\u00dc Etnografya M\u00fczesinde ebru ve bask\u0131 at\u00f6lyeleri d\u00fczenlendi"},"content":{"rendered":"<p style=\"text-align: justify;\">E\u00dc\u2019de M\u00fczeler Haftas\u0131 dolu dolu etkinliklerle devam ediyor<\/p>\n<p style=\"text-align: justify;\"><b>E\u00dc Etnografya M\u00fczesinde ebru ve bask\u0131 at\u00f6lyeleri d\u00fczenlendi<\/b><\/p>\n<p style=\"text-align: justify;\">Seren Kara\u015fahin<\/p>\n<p style=\"text-align: justify;\">Ege \u00dcniversitesi (E\u00dc) Etnografya M\u00fczesi taraf\u0131ndan \u201cM\u00fczeler Haftas\u0131\u201d dolay\u0131s\u0131yla \u201c\u00c7ocuklar i\u00e7in Nuri P\u0131nar\u2019la Ebru At\u00f6lyesi\u201d d\u00fczenlendi. E\u00dc Etnografya M\u00fczesi\u2019nde ger\u00e7ekle\u015ftirilen at\u00f6lye \u00e7al\u0131\u015fmas\u0131na ilkokul, ortaokul ve Ege \u00dcniversitesi Anaokulu \u00f6\u011frencileri kat\u0131ld\u0131. At\u00f6lyede kat\u0131l\u0131mc\u0131lar, kadim T\u00fcrk sanat\u0131 olan ebrunun inceliklerini \u00f6\u011frendi.<\/p>\n<p style=\"text-align: justify;\">E\u00dc Etnografya M\u00fczesi M\u00fcd\u00fcr\u00fc E\u00dc Edebiyat Fak\u00fcltesi Sanat Tarihi B\u00f6l\u00fcm\u00fc Bizans Sanat\u0131 Anabilim Dal\u0131 Dr. \u00d6\u011fr. \u00dcyesi Dilek Maktal Canko, \u201cM\u00fczemizde devam eden \u2018Ebru ile Mozaik\u2019 sergisinde eserleri yer alan sanat\u00e7\u0131 Nuri P\u0131nar\u2019\u0131n e\u011fitmenli\u011finde \u00e7ocuklar i\u00e7in ebru at\u00f6lyesi d\u00fczenledik. Sergi, T\u00fcrkiye \u00e7ap\u0131nda \u00fcnl\u00fc ebru sanat\u00e7\u0131s\u0131 Nuri P\u0131nar\u2019\u0131n ebrular\u0131 ile Orhan Sara\u00e7\u2019\u0131n kendi geometrik tasar\u0131mlar\u0131yla olu\u015fturdu\u011fu eserlerden olu\u015fuyor. Sanat\u00e7\u0131m\u0131z at\u00f6lye s\u00fcresi boyunca \u00e7ocuklara ebru sanat\u0131n\u0131 olabildi\u011fince tan\u0131tarak \u00e7al\u0131\u015fmalar yapt\u0131racak\u201d dedi.<\/p>\n<p style=\"text-align: justify;\"><img loading=\"lazy\" decoding=\"async\" class=\"size-medium wp-image-8770 alignright\" src=\"http:\/\/www.euegeajans.com\/wp-content\/uploads\/2022\/05\/EGE-EBRU-ATOLYESI-13-300x200.jpg\" alt=\"\" width=\"300\" height=\"200\" srcset=\"https:\/\/www.euegeajans.com\/wp-content\/uploads\/2022\/05\/EGE-EBRU-ATOLYESI-13-300x200.jpg 300w, https:\/\/www.euegeajans.com\/wp-content\/uploads\/2022\/05\/EGE-EBRU-ATOLYESI-13-1024x683.jpg 1024w, https:\/\/www.euegeajans.com\/wp-content\/uploads\/2022\/05\/EGE-EBRU-ATOLYESI-13-768x512.jpg 768w, https:\/\/www.euegeajans.com\/wp-content\/uploads\/2022\/05\/EGE-EBRU-ATOLYESI-13-1536x1024.jpg 1536w, https:\/\/www.euegeajans.com\/wp-content\/uploads\/2022\/05\/EGE-EBRU-ATOLYESI-13-2048x1365.jpg 2048w\" sizes=\"auto, (max-width: 300px) 100vw, 300px\" \/>Ebru sanat\u00e7\u0131s\u0131 Nuri P\u0131nar ise, \u201cM\u00fczenin y\u00f6neticisi olan hocam\u0131z Dilek Han\u0131m M\u00fczeler Haftas\u0131 dolay\u0131s\u0131yla benden \u00e7ocuklara at\u00f6lye \u00e7al\u0131\u015fmas\u0131 yapmam\u0131 isteyince \u00e7ok sevinerek geldim. Bu yola \u00e7\u0131kmaktaki ilk amac\u0131m \u00e7ocuklara bunu sevdirmek, tan\u0131tmak ve kendi k\u00fclt\u00fcrleriyle bir k\u00f6pr\u00fc kurmalar\u0131n\u0131 sa\u011flamakt\u0131. Amac\u0131m, \u00e7ocuklara bunu sevdirmekti. \u00c7\u00fcnk\u00fc \u00e7ocuklara k\u00fc\u00e7\u00fckken ne verirseniz b\u00fcy\u00fckl\u00fckte oraya y\u00f6neliyorlar. Biz burada birka\u00e7 \u00f6\u011frenciye ebru a\u015f\u0131s\u0131n\u0131 yapt\u0131ysak i\u015fimizi, g\u00f6revimizi yapm\u0131\u015f\u0131zd\u0131r demektir\u201d dedi.<\/p>\n<p style=\"text-align: justify;\">Yine M\u00fczeler Haftas\u0131 dolay\u0131s\u0131yla E\u00dc K\u00e2\u011f\u0131t ve Kitap Sanatlar\u0131 M\u00fczesi,\u00a0 ah\u015fap bask\u0131 at\u00f6lye etkinli\u011fi de ger\u00e7ekle\u015ftirildi. E\u00dc E\u011fitim Fak\u00fcltesi Resim-\u0130\u015f \u00d6\u011fretmenli\u011fi B\u00f6l\u00fcm \u00f6\u011frencilerinin katk\u0131lar\u0131yla Ege \u00dcniversitesi Anaokulu \u00f6\u011frencilerinin m\u00fcze ziyaretinin ard\u0131ndan kendi tasar\u0131mlar\u0131nda olu\u015fan ah\u015fap bask\u0131 tekni\u011fi ile eserler yapt\u0131lar. At\u00f6lye boyunca gelece\u011fin gen\u00e7leri olan minik ziyaret\u00e7ilere erken ya\u015fta m\u00fcze fark\u0131ndal\u0131\u011f\u0131 kazand\u0131rma ve k\u00fclt\u00fcrel miras\u0131n aktar\u0131lmas\u0131 konular\u0131nda \u00e7al\u0131\u015fmalar y\u00fcr\u00fct\u00fcld\u00fc.<\/p>\n<div id='gallery-1' class='gallery galleryid-8768 gallery-columns-3 gallery-size-medium'><figure class='gallery-item'>\n\t\t\t<div class='gallery-icon landscape'>\n\t\t\t\t<a href='https:\/\/www.euegeajans.com\/wp-content\/uploads\/2022\/05\/EGE-EBRU-ATOLYESI-1.jpg'><img loading=\"lazy\" decoding=\"async\" width=\"300\" height=\"225\" src=\"https:\/\/www.euegeajans.com\/wp-content\/uploads\/2022\/05\/EGE-EBRU-ATOLYESI-1-300x225.jpg\" class=\"attachment-medium size-medium\" alt=\"\" srcset=\"https:\/\/www.euegeajans.com\/wp-content\/uploads\/2022\/05\/EGE-EBRU-ATOLYESI-1-300x225.jpg 300w, https:\/\/www.euegeajans.com\/wp-content\/uploads\/2022\/05\/EGE-EBRU-ATOLYESI-1-1024x768.jpg 1024w, https:\/\/www.euegeajans.com\/wp-content\/uploads\/2022\/05\/EGE-EBRU-ATOLYESI-1-768x576.jpg 768w, https:\/\/www.euegeajans.com\/wp-content\/uploads\/2022\/05\/EGE-EBRU-ATOLYESI-1-1536x1152.jpg 1536w, https:\/\/www.euegeajans.com\/wp-content\/uploads\/2022\/05\/EGE-EBRU-ATOLYESI-1.jpg 1600w\" sizes=\"auto, (max-width: 300px) 100vw, 300px\" \/><\/a>\n\t\t\t<\/div><\/figure><figure class='gallery-item'>\n\t\t\t<div class='gallery-icon landscape'>\n\t\t\t\t<a href='https:\/\/www.euegeajans.com\/wp-content\/uploads\/2022\/05\/EGE-EBRU-ATOLYESI-3.jpg'><img loading=\"lazy\" decoding=\"async\" width=\"300\" height=\"169\" src=\"https:\/\/www.euegeajans.com\/wp-content\/uploads\/2022\/05\/EGE-EBRU-ATOLYESI-3-300x169.jpg\" class=\"attachment-medium size-medium\" alt=\"\" srcset=\"https:\/\/www.euegeajans.com\/wp-content\/uploads\/2022\/05\/EGE-EBRU-ATOLYESI-3-300x169.jpg 300w, https:\/\/www.euegeajans.com\/wp-content\/uploads\/2022\/05\/EGE-EBRU-ATOLYESI-3-1024x577.jpg 1024w, https:\/\/www.euegeajans.com\/wp-content\/uploads\/2022\/05\/EGE-EBRU-ATOLYESI-3-768x432.jpg 768w, https:\/\/www.euegeajans.com\/wp-content\/uploads\/2022\/05\/EGE-EBRU-ATOLYESI-3-1536x865.jpg 1536w, https:\/\/www.euegeajans.com\/wp-content\/uploads\/2022\/05\/EGE-EBRU-ATOLYESI-3-1280x720.jpg 1280w, https:\/\/www.euegeajans.com\/wp-content\/uploads\/2022\/05\/EGE-EBRU-ATOLYESI-3.jpg 2000w\" sizes=\"auto, (max-width: 300px) 100vw, 300px\" \/><\/a>\n\t\t\t<\/div><\/figure><figure class='gallery-item'>\n\t\t\t<div class='gallery-icon landscape'>\n\t\t\t\t<a href='https:\/\/www.euegeajans.com\/wp-content\/uploads\/2022\/05\/EGE-EBRU-ATOLYESI-8.jpg'><img loading=\"lazy\" decoding=\"async\" width=\"300\" height=\"200\" src=\"https:\/\/www.euegeajans.com\/wp-content\/uploads\/2022\/05\/EGE-EBRU-ATOLYESI-8-300x200.jpg\" class=\"attachment-medium size-medium\" alt=\"\" srcset=\"https:\/\/www.euegeajans.com\/wp-content\/uploads\/2022\/05\/EGE-EBRU-ATOLYESI-8-300x200.jpg 300w, https:\/\/www.euegeajans.com\/wp-content\/uploads\/2022\/05\/EGE-EBRU-ATOLYESI-8-1024x683.jpg 1024w, https:\/\/www.euegeajans.com\/wp-content\/uploads\/2022\/05\/EGE-EBRU-ATOLYESI-8-768x512.jpg 768w, https:\/\/www.euegeajans.com\/wp-content\/uploads\/2022\/05\/EGE-EBRU-ATOLYESI-8-1536x1024.jpg 1536w, https:\/\/www.euegeajans.com\/wp-content\/uploads\/2022\/05\/EGE-EBRU-ATOLYESI-8-2048x1365.jpg 2048w\" sizes=\"auto, (max-width: 300px) 100vw, 300px\" \/><\/a>\n\t\t\t<\/div><\/figure>\n\t\t<\/div>\n\n","protected":false},"excerpt":{"rendered":"<p>E\u00dc\u2019de M\u00fczeler Haftas\u0131 dolu dolu etkinliklerle devam ediyor E\u00dc Etnografya M\u00fczesinde ebru ve bask\u0131 at\u00f6lyeleri&#8230;<\/p>\n","protected":false},"author":2,"featured_media":8769,"comment_status":"open","ping_status":"open","sticky":false,"template":"","format":"standard","meta":{"footnotes":""},"categories":[1,70],"tags":[],"class_list":["post-8768","post","type-post","status-publish","format-standard","has-post-thumbnail","hentry","category-gncl","category-kampus"],"featured_image_urls":{"full":["https:\/\/www.euegeajans.com\/wp-content\/uploads\/2022\/05\/EGE-EBRU-ATOLYESI-10.jpg",2136,1424,false],"thumbnail":["https:\/\/www.euegeajans.com\/wp-content\/uploads\/2022\/05\/EGE-EBRU-ATOLYESI-10-150x150.jpg",150,150,true],"medium":["https:\/\/www.euegeajans.com\/wp-content\/uploads\/2022\/05\/EGE-EBRU-ATOLYESI-10-300x200.jpg",300,200,true],"medium_large":["https:\/\/www.euegeajans.com\/wp-content\/uploads\/2022\/05\/EGE-EBRU-ATOLYESI-10-768x512.jpg",640,427,true],"large":["https:\/\/www.euegeajans.com\/wp-content\/uploads\/2022\/05\/EGE-EBRU-ATOLYESI-10-1024x683.jpg",640,427,true],"1536x1536":["https:\/\/www.euegeajans.com\/wp-content\/uploads\/2022\/05\/EGE-EBRU-ATOLYESI-10-1536x1024.jpg",1536,1024,true],"2048x2048":["https:\/\/www.euegeajans.com\/wp-content\/uploads\/2022\/05\/EGE-EBRU-ATOLYESI-10-2048x1365.jpg",2048,1365,true],"newsphere-slider-full":["https:\/\/www.euegeajans.com\/wp-content\/uploads\/2022\/05\/EGE-EBRU-ATOLYESI-10-1280x720.jpg",1280,720,true],"newsphere-featured":["https:\/\/www.euegeajans.com\/wp-content\/uploads\/2022\/05\/EGE-EBRU-ATOLYESI-10-1024x683.jpg",1024,683,true],"newsphere-medium":["https:\/\/www.euegeajans.com\/wp-content\/uploads\/2022\/05\/EGE-EBRU-ATOLYESI-10-720x380.jpg",720,380,true]},"author_info":{"display_name":"Editor","author_link":"https:\/\/www.euegeajans.com\/index.php\/author\/editor\/"},"category_info":"<a href=\"https:\/\/www.euegeajans.com\/index.php\/category\/gncl\/\" rel=\"category tag\">G\u00fcncel<\/a> <a href=\"https:\/\/www.euegeajans.com\/index.php\/category\/kampus\/\" rel=\"category tag\">Kamp\u00fcs<\/a>","tag_info":"Kamp\u00fcs","comment_count":"0","_links":{"self":[{"href":"https:\/\/www.euegeajans.com\/index.php\/wp-json\/wp\/v2\/posts\/8768","targetHints":{"allow":["GET"]}}],"collection":[{"href":"https:\/\/www.euegeajans.com\/index.php\/wp-json\/wp\/v2\/posts"}],"about":[{"href":"https:\/\/www.euegeajans.com\/index.php\/wp-json\/wp\/v2\/types\/post"}],"author":[{"embeddable":true,"href":"https:\/\/www.euegeajans.com\/index.php\/wp-json\/wp\/v2\/users\/2"}],"replies":[{"embeddable":true,"href":"https:\/\/www.euegeajans.com\/index.php\/wp-json\/wp\/v2\/comments?post=8768"}],"version-history":[{"count":1,"href":"https:\/\/www.euegeajans.com\/index.php\/wp-json\/wp\/v2\/posts\/8768\/revisions"}],"predecessor-version":[{"id":8774,"href":"https:\/\/www.euegeajans.com\/index.php\/wp-json\/wp\/v2\/posts\/8768\/revisions\/8774"}],"wp:featuredmedia":[{"embeddable":true,"href":"https:\/\/www.euegeajans.com\/index.php\/wp-json\/wp\/v2\/media\/8769"}],"wp:attachment":[{"href":"https:\/\/www.euegeajans.com\/index.php\/wp-json\/wp\/v2\/media?parent=8768"}],"wp:term":[{"taxonomy":"category","embeddable":true,"href":"https:\/\/www.euegeajans.com\/index.php\/wp-json\/wp\/v2\/categories?post=8768"},{"taxonomy":"post_tag","embeddable":true,"href":"https:\/\/www.euegeajans.com\/index.php\/wp-json\/wp\/v2\/tags?post=8768"}],"curies":[{"name":"wp","href":"https:\/\/api.w.org\/{rel}","templated":true}]}}