{"id":8750,"date":"2022-05-24T07:00:15","date_gmt":"2022-05-24T07:00:15","guid":{"rendered":"https:\/\/www.euegeajans.com\/?p=8750"},"modified":"2022-05-24T07:00:16","modified_gmt":"2022-05-24T07:00:16","slug":"ege-universitesinin-dijitallesme-atagi-suruyor","status":"publish","type":"post","link":"https:\/\/www.euegeajans.com\/index.php\/2022\/05\/24\/ege-universitesinin-dijitallesme-atagi-suruyor\/","title":{"rendered":"Ege \u00dcniversitesinin dijitalle\u015fme ata\u011f\u0131 s\u00fcr\u00fcyor"},"content":{"rendered":"<p style=\"text-align: justify;\">\u201cDijital Ege\u201d i\u00e7in \u00f6nemli bir ad\u0131m daha at\u0131ld\u0131:\u00a0 \u201cUNISIS\u201d uygulamas\u0131 eri\u015fime a\u00e7\u0131ld\u0131<\/p>\n<p style=\"text-align: justify;\"><b>Ege \u00dcniversitesinin dijitalle\u015fme ata\u011f\u0131 s\u00fcr\u00fcyor<\/b><\/p>\n<p style=\"text-align: justify;\">Ege \u00dcniversitesi (E\u00dc) yeni d\u00f6nemde belirledi\u011fi hedeflerden biri olan dijitalle\u015fme hedefi do\u011frultusunda yeni uygulamalar\u0131 hayata ge\u00e7irmeye devam ediyor. E\u00dc\u2019de bilimsel ara\u015ft\u0131rma projeleri, akademik veri sistemi ve d\u0131\u015f kaynakl\u0131 proje y\u00f6netim sistemi ile ilgili s\u00fcre\u00e7lerin y\u00f6netimi i\u00e7in akademik veri sistemi \u201cUNISIS\u201d uygulamas\u0131 eri\u015fime a\u00e7\u0131ld\u0131.<b><\/b><\/p>\n<p style=\"text-align: justify;\">Dijitalle\u015fmede marka \u00fcniversite olma hedefiyle \u00e7a\u011f\u0131n gereksinimlerini yak\u0131ndan takip eden Ege \u00dcniversitesi, Rekt\u00f6r Prof. Dr. Necdet Budak\u2019\u0131n \u00f6nc\u00fcl\u00fc\u011f\u00fcnde yap\u0131lan teknolojik altyap\u0131 yat\u0131r\u0131mlar\u0131yla ara\u015ft\u0131rma ve e\u011fitim olanaklar\u0131n\u0131 verimli hale getirmeyi s\u00fcrd\u00fcr\u00fcyor. Bu yat\u0131r\u0131mlardan en yenisi ise akademik veri sistemi \u201cUNISIS\u201d oldu.<\/p>\n<p style=\"text-align: justify;\"><img loading=\"lazy\" decoding=\"async\" class=\"size-medium wp-image-8752 alignleft\" src=\"http:\/\/www.euegeajans.com\/wp-content\/uploads\/2022\/05\/EUden-dijitallesmede-son-adim-UNISIS-6-300x200.jpg\" alt=\"\" width=\"300\" height=\"200\" \/>Ege\u2019nin dijital d\u00f6n\u00fc\u015f\u00fcm yol haritas\u0131 kapsam\u0131nda kendi \u00f6z kaynaklar\u0131 ile geli\u015ftirdi\u011fi ve yay\u0131na ald\u0131\u011f\u0131 \u201cUNISIS<b>\u201d<\/b>\u00a0Bilgi Sistemi Tan\u0131t\u0131m Toplant\u0131s\u0131 Prof. Dr. Yusuf Vardar M\u00d6TBE K\u00fclt\u00fcr Merkezinde yap\u0131ld\u0131. \u00a0Toplant\u0131ya; Rekt\u00f6r Prof. Dr. Necdet Budak, Rekt\u00f6r Yard\u0131mc\u0131lar\u0131 Prof. Dr. Cemil G\u00fcrg\u00fcn, Prof. Dr. Hakan At\u0131lgan, Prof. Dr. Mehmet Ersan, E\u00dc senato \u00fcyeleri ve akademisyenler kat\u0131ld\u0131. Toplant\u0131n\u0131n a\u00e7\u0131l\u0131\u015f konu\u015fmas\u0131n\u0131 yapan Rekt\u00f6r Prof. Dr. Necdet Budak, Ege \u00dcniversitesinin \u00f6z kaynaklar\u0131 ile haz\u0131rlanan \u201cUNISIS\u201d sistemi hakk\u0131nda bilgi verdi. Etkinli\u011fe konu\u015fmac\u0131 olarak kat\u0131lan E\u00dc \u0130ktisadi ve \u0130dari Bilimler Fak\u00fcltesi \u0130\u015fletme B\u00f6l\u00fcm\u00fc \u00d6\u011fretim \u00dcyesi Do\u00e7. Dr. Haydar Yal\u00e7\u0131n ise, sistem ile ilgili tan\u0131t\u0131c\u0131 bir sunum ger\u00e7ekle\u015ftirdi.<\/p>\n<p style=\"text-align: justify;\">\u00dclke olarak teknolojiyi tasarlayan, geli\u015ftiren ve \u00fcreten bir konuma gelmek i\u00e7in yap\u0131lan \u00e7al\u0131\u015fmalara \u00fcniversite olarak katk\u0131 sunduklar\u0131n\u0131 ifade eden Rekt\u00f6r Budak, \u201cD\u00fcnya, bu y\u00fczy\u0131l\u0131n ba\u015f\u0131ndan itibaren yeni bir d\u00f6neme evrildi. \u00d6zellikle belirtmek isterim ki, teknolojide ya\u015fanan de\u011fi\u015fimler insanl\u0131k tarihinde \u00f6nemli bir d\u00f6n\u00fcm noktas\u0131 haline geldi. T\u00fcm bu geli\u015fmelere paralel olarak \u00fclkemizin, teknoloji konusunda d\u00fcnyada \u00f6nc\u00fc \u00fclkeler aras\u0131na girmesi art\u0131k bir zorunluluk haline geldi. Bu zorunluluk \u00fclkemizde Milli Teknoloji Hamlesi\u2019nin ba\u015flat\u0131lmas\u0131na vesile oldu, ne mutlu ki bug\u00fcn konuya ili\u015fkin \u00e7al\u0131\u015fmalar, devletimizin hemen hemen t\u00fcm kurumlar\u0131nda artan bir kararl\u0131l\u0131kla devam ettiriliyor. Unutulmamal\u0131d\u0131r ki, g\u00fcn\u00fcm\u00fcz d\u00fcnyas\u0131nda ger\u00e7ek ba\u011f\u0131ms\u0131zl\u0131k,\u00a0 tam olarak bu noktada ba\u015fl\u0131yor. \u00dclke olarak teknolojiyi tasarlayan, onun geli\u015ftiren, \u00fcreten bir konuma gelmek i\u00e7in Ege \u00dcniversitesi olarak \u00fczerimize d\u00fc\u015fen sorumlulu\u011fun bilinciyle hareket ediyor, \u00e7al\u0131\u015fmalar\u0131m\u0131z\u0131 bu do\u011frultuda kararl\u0131l\u0131kla s\u00fcrd\u00fcr\u00fcyoruz\u201d dedi.<\/p>\n<p style=\"text-align: justify;\"><b>\u201cBili\u015fim sistemlerimizi \u00e7a\u011f\u0131n gereksinimlerine g\u00f6re g\u00fcncelliyoruz\u201d<\/b><\/p>\n<p style=\"text-align: justify;\">Tamam\u0131 \u00f6z kaynaklar ile geli\u015ftirilen \u201cUNISIS\u201din d\u00f6rt ana mod\u00fclden olu\u015ftu\u011funa dikkat \u00e7eken Prof. Dr. Necdet Budak, \u201cDijital d\u00f6n\u00fc\u015f\u00fcm, Cumhurba\u015fkanl\u0131\u011f\u0131n\u0131n b\u00fcnyesinde Dijital D\u00f6n\u00fc\u015f\u00fcm Ofisinin kurulmas\u0131 ve Y\u00fcksek \u00d6\u011fretim Kurulunun Dijital D\u00f6n\u00fc\u015f\u00fcm Projesiyle farkl\u0131 bir boyuta ta\u015f\u0131nd\u0131. Elbette ki bizler de t\u00fcm bu geli\u015fmelere kay\u0131ts\u0131z kalmayarak, \u00fcniversitemizdeki bili\u015fim sistemlerimizi \u00e7a\u011f\u0131n gereklerini kar\u015f\u0131layacak \u015fekilde g\u00fcncellemeye devam ediyoruz. Bug\u00fcn, dijital d\u00f6n\u00fc\u015f\u00fcm yol haritam\u0131z kapsam\u0131nda kendi \u00f6z kaynaklar\u0131m\u0131zla geli\u015ftirdi\u011fimiz ve yay\u0131na ald\u0131\u011f\u0131m\u0131z \u2018UNISIS\u2019 bilgi sistemimizi sizlere duyurmaktan mutluluk duyuyorum. Dijital D\u00f6n\u00fc\u015f\u00fcm Ofisi ve BAP Koordinat\u00f6rl\u00fc\u011f\u00fcm\u00fcz i\u015f birli\u011fi ile y\u00fcr\u00fctt\u00fc\u011f\u00fcm\u00fcz yaz\u0131l\u0131m \u00e7al\u0131\u015fmalar\u0131 sonunda geli\u015ftirmi\u015f oldu\u011fumuz \u2018UNISIS\u2019; BAP Ba\u015fvuru ve De\u011ferleme Y\u00f6netim Sistemi, DAP D\u0131\u015f Kaynakl\u0131 Proje Takip Sistemi, Akademik Veri Y\u00f6netim Sistemi, Performans Sistemi ve Akademik Te\u015fvik mod\u00fcl\u00fc olmak \u00fczere d\u00f6rt ana mod\u00fclden olu\u015fuyor\u201d diye konu\u015ftu.<\/p>\n<p style=\"text-align: justify;\"><b>\u201cUlusal ve uluslararas\u0131 faaliyetlerimizi daha etkin y\u00fcr\u00fctece\u011fiz\u201d<\/b><\/p>\n<p style=\"text-align: justify;\"><img loading=\"lazy\" decoding=\"async\" class=\"size-medium wp-image-8753 alignright\" src=\"http:\/\/www.euegeajans.com\/wp-content\/uploads\/2022\/05\/EUden-dijitallesmede-son-adim-UNISIS-5-300x200.jpg\" alt=\"\" width=\"300\" height=\"200\" \/>Ara\u015ft\u0131rma \u00fcniversitesi olarak t\u00fcm faaliyetlerin veriye dayal\u0131 bir bak\u0131\u015f a\u00e7\u0131s\u0131yla de\u011ferlendirilmesi gerekti\u011fini vurgulayan Rekt\u00f6r Budak, \u201cG\u00fcn\u00fcm\u00fcz\u00fcn g\u00fcncel teknolojileri ile geli\u015ftirilen \u2018UNISIS\u2019; SCOPUS, Y\u00d6KS\u0130S, TRD\u0130Z\u0130N, WEB OF SCIENCE ve EBYS ile tam entegre bir sistem olarak \u00e7al\u0131\u015f\u0131yor. \u00dcniversitemizin ara\u015ft\u0131rma \u00fcniversitesi olmas\u0131;\u00a0 \u00fcniversitemizde y\u00fcr\u00fctt\u00fc\u011f\u00fcm\u00fcz t\u00fcm faaliyetlerin veriye dayal\u0131 bir bak\u0131\u015f a\u00e7\u0131s\u0131yla de\u011ferlendirilmesi ve \u00f6l\u00e7\u00fclmesi zorunlulu\u011fu, etkin bir performans de\u011ferlendirme arac\u0131 olan UNISIS sistemini gerekli k\u0131ld\u0131. Bizler,\u00a0 UNISIS sistemiyle ulusal ve uluslararas\u0131 boyutta bilimsel yay\u0131n ve proje faaliyetlerimizin daha etkin bir \u015fekilde y\u00fcr\u00fct\u00fclmesini sa\u011flayaca\u011f\u0131z. Bunun yan\u0131 s\u0131ra; akademik personel atama sistemi yaz\u0131l\u0131m\u0131yla ise, \u00fcniversitemizdeki akademik kadro ba\u015fvuru, de\u011ferlendirme ve atama i\u015flemlerine dair s\u00fcre\u00e7lerin y\u00f6netimini de dijital ortam \u00fczerinden y\u00fcr\u00fctebilece\u011fiz. Bu vesile ile kendi \u00f6z kaynaklar\u0131m\u0131zla geli\u015ftirdi\u011fimiz ve yay\u0131na ald\u0131\u011f\u0131m\u0131z UNISIS<b>\u00a0<\/b>bilgi sistemlerinin geli\u015ftirmesinde katk\u0131 sunan t\u00fcm mensuplar\u0131m\u0131za te\u015fekk\u00fcrlerimizi sunuyor, sistemin hay\u0131rl\u0131 olmas\u0131n\u0131 diliyorum\u201d dedi.<\/p>\n<p style=\"text-align: justify;\"><b>\u201cAra\u015ft\u0131rma \u00fcniversitesi \u00f6l\u00e7\u00fctlerine g\u00f6re haz\u0131rland\u0131\u201d<\/b><\/p>\n<p style=\"text-align: justify;\"><img loading=\"lazy\" decoding=\"async\" class=\"size-medium wp-image-8754 alignleft\" src=\"http:\/\/www.euegeajans.com\/wp-content\/uploads\/2022\/05\/Doc.-Dr.-Haydar-Yalcin-300x201.jpg\" alt=\"\" width=\"300\" height=\"201\" srcset=\"https:\/\/www.euegeajans.com\/wp-content\/uploads\/2022\/05\/Doc.-Dr.-Haydar-Yalcin-300x201.jpg 300w, https:\/\/www.euegeajans.com\/wp-content\/uploads\/2022\/05\/Doc.-Dr.-Haydar-Yalcin-1024x685.jpg 1024w, https:\/\/www.euegeajans.com\/wp-content\/uploads\/2022\/05\/Doc.-Dr.-Haydar-Yalcin-768x514.jpg 768w, https:\/\/www.euegeajans.com\/wp-content\/uploads\/2022\/05\/Doc.-Dr.-Haydar-Yalcin-1536x1027.jpg 1536w, https:\/\/www.euegeajans.com\/wp-content\/uploads\/2022\/05\/Doc.-Dr.-Haydar-Yalcin.jpg 1552w\" sizes=\"auto, (max-width: 300px) 100vw, 300px\" \/>UNISIS\u2019in ki\u015fiselle\u015ftirilmi\u015f, performans odakl\u0131, ampirik bir \u015fekilde \u00f6l\u00e7\u00fclemeye imkan sa\u011flad\u0131\u011f\u0131n\u0131 s\u00f6yleyen E\u00dc \u0130ktisadi ve \u0130dari Bilimler Fak\u00fcltesi \u0130\u015fletme B\u00f6l\u00fcm\u00fc \u00d6\u011fretim \u00dcyesi Do\u00e7. Dr. Haydar Yal\u00e7\u0131n, \u201cBu sistem, h\u00e2lihaz\u0131rdaki otomasyon sistemleriyle entegre \u00e7al\u0131\u015fabilecek durumda oldu\u011fu i\u00e7in vakit kayb\u0131n\u0131 \u00f6nleyecek bir sistem. UNISIS, asl\u0131nda bilimsel ara\u015ft\u0131rma projeleri, akademik veri y\u00f6netimi, d\u0131\u015f kaynak projeleri ve performansa dayal\u0131 y\u00f6netim k\u0131sm\u0131n\u0131 \u00f6nceleyen bir sistem. Burada verilerinizi \u00e7ok rahat bir \u015fekilde g\u00fcncel tutabileceksiniz. \u00c7\u00fcnk\u00fc sistem, \u00fcniversitemizin misyonu ve vizyonu ile do\u011frudan ilintili \u015fekilde, tamamen y\u00f6netimsel s\u00fcre\u00e7lerin ve bilgi ak\u0131\u015f\u0131n\u0131n do\u011frultusunda, g\u00fcncel bir \u015fekilde olu\u015fturuldu. Son d\u00f6nemdeki ara\u015ft\u0131rma \u00fcniversitelerinin izleme rehberlerine ve \u00f6l\u00e7\u00fctlerine g\u00f6re, tek bir t\u0131kla gerekli raporlar\u0131 alabilen bir sistem h\u00e2linde tasarland\u0131\u201d diye konu\u015ftu.<\/p>\n<p style=\"text-align: justify;\"><img loading=\"lazy\" decoding=\"async\" class=\"size-medium wp-image-8755 alignright\" src=\"http:\/\/www.euegeajans.com\/wp-content\/uploads\/2022\/05\/EUden-dijitallesmede-son-adim-UNISIS-4-300x200.jpg\" alt=\"\" width=\"300\" height=\"200\" srcset=\"https:\/\/www.euegeajans.com\/wp-content\/uploads\/2022\/05\/EUden-dijitallesmede-son-adim-UNISIS-4-300x200.jpg 300w, https:\/\/www.euegeajans.com\/wp-content\/uploads\/2022\/05\/EUden-dijitallesmede-son-adim-UNISIS-4-768x512.jpg 768w, https:\/\/www.euegeajans.com\/wp-content\/uploads\/2022\/05\/EUden-dijitallesmede-son-adim-UNISIS-4.jpg 1024w\" sizes=\"auto, (max-width: 300px) 100vw, 300px\" \/>Do\u00e7. Dr. Yal\u00e7\u0131n, \u201cUNISIS\u2019in faydalar\u0131n\u0131 detayland\u0131racak olursak; h\u00e2lihaz\u0131rda kullanm\u0131\u015f oldu\u011fununuz bir sistem var. Asl\u0131nda bu sistem veriyi girdi\u011finizde istemi\u015f oldu\u011funuz bir\u00e7ok i\u00e7eri\u011fi veriyordu. Ancak biz \u00e7ok daha ki\u015fiselle\u015ftirilmi\u015f, performans odakl\u0131, ampirik bilgiye ilgi g\u00f6sterilmi\u015f bir \u015fekilde \u00f6l\u00e7\u00fclemeye imkan sa\u011flad\u0131k. Ayr\u0131ca UNISIS\u2019i; BAP Ba\u015fvuru ve De\u011ferleme Y\u00f6netim Sistemi, DAP D\u0131\u015f Kaynakl\u0131 Proje Takip Sistemi, Akademik Veri Y\u00f6netim Sistemi, Performans Sistemi ve Akademik Te\u015fvik mod\u00fcl\u00fc olmak \u00fczere d\u00f6rt ana mod\u00fclden tasarlad\u0131k. Bunun yan\u0131 s\u0131ra; h\u00e2lihaz\u0131rdaki b\u00fct\u00fcn bilgi sistemleriyle entegre \u00e7al\u0131\u015fabilecek \u015fekilde ayarlad\u0131k. Yani; SCOPUS, Y\u00d6KS\u0130S, TRD\u0130Z\u0130N, WEB OF SCIENCE ve EBYS ile tam entegre bir sistem olu\u015fturduk. Di\u011fer yandan teknik \u00f6zellikler ile ilgili g\u00fcn\u00fcm\u00fcz\u00fcn en g\u00fcncel teknolojilerini kulland\u0131k. Sisteme \u2018<a href=\"http:\/\/kimlik.ege.edu.tr\/\" target=\"_blank\" rel=\"noopener\" data-saferedirecturl=\"https:\/\/www.google.com\/url?q=http:\/\/kimlik.ege.edu.tr&amp;source=gmail&amp;ust=1653460737129000&amp;usg=AOvVaw1Ocm--FyxKXP7mcveVC8Tj\">kimlik.ege.edu.tr<\/a>\u2019 alan\u0131ndan ba\u011flanmam\u0131za olanak sa\u011flad\u0131k\u201d dedi.<\/p>\n<p style=\"text-align: justify;\">Toplant\u0131n\u0131n sonunda Do\u00e7. Dr. Yal\u00e7\u0131n, Egeli akademisyenlerin yeni sistem hakk\u0131ndaki sorular\u0131n\u0131 yan\u0131tlad\u0131.<\/p>\n","protected":false},"excerpt":{"rendered":"<p>\u201cDijital Ege\u201d i\u00e7in \u00f6nemli bir ad\u0131m daha at\u0131ld\u0131:\u00a0 \u201cUNISIS\u201d uygulamas\u0131 eri\u015fime a\u00e7\u0131ld\u0131 Ege \u00dcniversitesinin dijitalle\u015fme&#8230;<\/p>\n","protected":false},"author":2,"featured_media":8751,"comment_status":"open","ping_status":"open","sticky":false,"template":"","format":"standard","meta":{"footnotes":""},"categories":[69,99,1,70],"tags":[],"class_list":["post-8750","post","type-post","status-publish","format-standard","has-post-thumbnail","hentry","category-bilim","category-egitim","category-gncl","category-kampus"],"featured_image_urls":{"full":["https:\/\/www.euegeajans.com\/wp-content\/uploads\/2022\/05\/EUden-dijitallesmede-son-adim-UNISIS-3.jpg",1024,683,false],"thumbnail":["https:\/\/www.euegeajans.com\/wp-content\/uploads\/2022\/05\/EUden-dijitallesmede-son-adim-UNISIS-3-150x150.jpg",150,150,true],"medium":["https:\/\/www.euegeajans.com\/wp-content\/uploads\/2022\/05\/EUden-dijitallesmede-son-adim-UNISIS-3-300x200.jpg",300,200,true],"medium_large":["https:\/\/www.euegeajans.com\/wp-content\/uploads\/2022\/05\/EUden-dijitallesmede-son-adim-UNISIS-3-768x512.jpg",640,427,true],"large":["https:\/\/www.euegeajans.com\/wp-content\/uploads\/2022\/05\/EUden-dijitallesmede-son-adim-UNISIS-3.jpg",640,427,false],"1536x1536":["https:\/\/www.euegeajans.com\/wp-content\/uploads\/2022\/05\/EUden-dijitallesmede-son-adim-UNISIS-3.jpg",1024,683,false],"2048x2048":["https:\/\/www.euegeajans.com\/wp-content\/uploads\/2022\/05\/EUden-dijitallesmede-son-adim-UNISIS-3.jpg",1024,683,false],"newsphere-slider-full":["https:\/\/www.euegeajans.com\/wp-content\/uploads\/2022\/05\/EUden-dijitallesmede-son-adim-UNISIS-3.jpg",1024,683,false],"newsphere-featured":["https:\/\/www.euegeajans.com\/wp-content\/uploads\/2022\/05\/EUden-dijitallesmede-son-adim-UNISIS-3.jpg",1024,683,false],"newsphere-medium":["https:\/\/www.euegeajans.com\/wp-content\/uploads\/2022\/05\/EUden-dijitallesmede-son-adim-UNISIS-3-720x380.jpg",720,380,true]},"author_info":{"display_name":"Editor","author_link":"https:\/\/www.euegeajans.com\/index.php\/author\/editor\/"},"category_info":"<a href=\"https:\/\/www.euegeajans.com\/index.php\/category\/bilim\/\" rel=\"category tag\">Bilim<\/a> <a href=\"https:\/\/www.euegeajans.com\/index.php\/category\/egitim\/\" rel=\"category tag\">E\u011fitim<\/a> <a href=\"https:\/\/www.euegeajans.com\/index.php\/category\/gncl\/\" rel=\"category tag\">G\u00fcncel<\/a> <a href=\"https:\/\/www.euegeajans.com\/index.php\/category\/kampus\/\" rel=\"category tag\">Kamp\u00fcs<\/a>","tag_info":"Kamp\u00fcs","comment_count":"0","_links":{"self":[{"href":"https:\/\/www.euegeajans.com\/index.php\/wp-json\/wp\/v2\/posts\/8750","targetHints":{"allow":["GET"]}}],"collection":[{"href":"https:\/\/www.euegeajans.com\/index.php\/wp-json\/wp\/v2\/posts"}],"about":[{"href":"https:\/\/www.euegeajans.com\/index.php\/wp-json\/wp\/v2\/types\/post"}],"author":[{"embeddable":true,"href":"https:\/\/www.euegeajans.com\/index.php\/wp-json\/wp\/v2\/users\/2"}],"replies":[{"embeddable":true,"href":"https:\/\/www.euegeajans.com\/index.php\/wp-json\/wp\/v2\/comments?post=8750"}],"version-history":[{"count":1,"href":"https:\/\/www.euegeajans.com\/index.php\/wp-json\/wp\/v2\/posts\/8750\/revisions"}],"predecessor-version":[{"id":8756,"href":"https:\/\/www.euegeajans.com\/index.php\/wp-json\/wp\/v2\/posts\/8750\/revisions\/8756"}],"wp:featuredmedia":[{"embeddable":true,"href":"https:\/\/www.euegeajans.com\/index.php\/wp-json\/wp\/v2\/media\/8751"}],"wp:attachment":[{"href":"https:\/\/www.euegeajans.com\/index.php\/wp-json\/wp\/v2\/media?parent=8750"}],"wp:term":[{"taxonomy":"category","embeddable":true,"href":"https:\/\/www.euegeajans.com\/index.php\/wp-json\/wp\/v2\/categories?post=8750"},{"taxonomy":"post_tag","embeddable":true,"href":"https:\/\/www.euegeajans.com\/index.php\/wp-json\/wp\/v2\/tags?post=8750"}],"curies":[{"name":"wp","href":"https:\/\/api.w.org\/{rel}","templated":true}]}}