{"id":8627,"date":"2022-05-18T04:28:00","date_gmt":"2022-05-18T04:28:00","guid":{"rendered":"https:\/\/www.euegeajans.com\/?p=8627"},"modified":"2022-05-18T08:41:16","modified_gmt":"2022-05-18T08:41:16","slug":"turkiyenin-sevilen-grubu-manga-egeli-genclerle-bulustu","status":"publish","type":"post","link":"https:\/\/www.euegeajans.com\/index.php\/2022\/05\/18\/turkiyenin-sevilen-grubu-manga-egeli-genclerle-bulustu\/","title":{"rendered":"T\u00fcrkiye\u2019nin sevilen grubu Manga, Egeli gen\u00e7lerle bulu\u015ftu"},"content":{"rendered":"<p style=\"text-align: justify;\">\u00a0Manga, Antroposen\u2019e dikkat \u00e7ekti<\/p>\n<p style=\"text-align: justify;\"><b>T\u00fcrkiye\u2019nin sevilen grubu Manga, \u00a0Egeli gen\u00e7lerle bulu\u015ftu<\/b><\/p>\n<p style=\"text-align: justify;\">Efe Ufuk Soylu &#8211; Muhammet Atag\u00fcn<\/p>\n<p style=\"text-align: justify;\">Ege \u00dcniversitesi (E\u00dc) Edebiyat Fak\u00fcltesi Amerikan K\u00fclt\u00fcr\u00fc ve Edebiyat\u0131 B\u00f6l\u00fcm\u00fc\u2019n\u00fcn d\u00fczenledi\u011fi \u201cSanat, Edebiyat ve M\u00fczi\u011fin G\u00f6z\u00fcnden Antroposen\u201d temal\u0131 panel T\u00fcrk akademi d\u00fcnyas\u0131 ve m\u00fczik d\u00fcnyas\u0131nda bir ilke imza att\u0131. T\u00fcrkiye\u2019de sadece Ege \u00dcniversitesi Edebiyat Fak\u00fcltesi Amerikan K\u00fclt\u00fcr\u00fc ve Edebiyat\u0131 B\u00f6l\u00fcm\u00fcnde e\u011fitim-\u00f6\u011fretim program\u0131na kat\u0131lan Antroposen dersi 4. S\u0131n\u0131f \u00f6\u011frencileri Manga\u2019n\u0131n Antroposen 001 alb\u00fcm\u00fcn\u00fc\u00a0 Manga grubu \u00fcyeleri ile akademik bir platformda tart\u0131\u015fmaya a\u00e7t\u0131. \u00a0Edebiyat Fak\u00fcltesi Prof. Dr. Nuri Bilgin Konferans Salonunda d\u00fczenlenen etkinli\u011fin moderat\u00f6rl\u00fc\u011f\u00fcn\u00fc Edebiyat Fak\u00fcltesi Amerikan K\u00fclt\u00fcr ve Edebiyat\u0131 B\u00f6l\u00fcm\u00fc Dr. \u00d6\u011fretim \u00dcyesi Nesrin Yava\u015f yapt\u0131.<\/p>\n<p style=\"text-align: justify;\">Egeli gen\u00e7ler taraf\u0131ndan yo\u011fun ilgi g\u00f6ren etkinli\u011fe E\u00dc Edebiyat Fak\u00fcltesi Dekan\u0131 Prof. Dr. Yusuf Ay\u00f6n\u00fc, G\u00fczel Sanatlar Fak\u00fcltesi Dekan\u0131 Prof. Dr. Alev Fato\u015f Parsa, Amerikan K\u00fclt\u00fcr\u00fc ve Edebiyat\u0131 Anabilim Dal\u0131 Ba\u015fkan\u0131 Prof. Dr. Atilla Silk\u00fc, E\u00dc Devlet T\u00fcrk Musikisi Konservatuar\u0131 M\u00fcd\u00fcr\u00fc Prof. Dr. \u00d6zge G\u00fclbey Usta, akademisyenler ve \u00f6\u011frenciler kat\u0131ld\u0131. Etkinlik \u00f6ncesi, Ege \u00dcniversitesi G\u00fczel Sanatlar, Tasar\u0131m ve Mimarl\u0131k Fak\u00fcltesi, G\u00f6rsel \u0130leti\u015fim Tasar\u0131m\u0131 B\u00f6l\u00fcm\u00fc\u2019n\u00fcn \u201cAntroposen \u00c7a\u011f\u0131\u2019nda Sanat\u201d temal\u0131 at\u0131k sanat ve foto\u011fraf sergisinin a\u00e7\u0131l\u0131\u015f\u0131 da Manga grubu \u00fcyeleri Ferman Akg\u00fcl, Ya\u011fmur Sar\u0131g\u00fcl, Cem Bahtiyar ve \u00d6zg\u00fcr Can \u00d6ney taraf\u0131ndan ger\u00e7ekle\u015ftirildi. Serginin ard\u0131ndan panele kat\u0131lan T\u00fcrk\u00e7e alternatif rock m\u00fczi\u011fin \u00f6d\u00fcll\u00fc grubu Manga, temas\u0131nda insanl\u0131k ve do\u011fa duyarl\u0131l\u0131\u011f\u0131n\u0131 temel ald\u0131\u011f\u0131 \u201cAntroposen 001\u201d ismini verdikleri be\u015finci st\u00fcdyo alb\u00fcmleri hakk\u0131nda bilgi verdi.<\/p>\n<p style=\"text-align: justify;\"><b>\u0130nsan \u00c7a\u011f\u0131: Antroposen<\/b><\/p>\n<p style=\"text-align: justify;\"><img loading=\"lazy\" decoding=\"async\" class=\"size-medium wp-image-8629 alignleft\" src=\"http:\/\/www.euegeajans.com\/wp-content\/uploads\/2022\/05\/EGE-Edebiyat-Fakultesi-Manga-Antroposen-38-300x200.jpg\" alt=\"\" width=\"300\" height=\"200\" srcset=\"https:\/\/www.euegeajans.com\/wp-content\/uploads\/2022\/05\/EGE-Edebiyat-Fakultesi-Manga-Antroposen-38-300x200.jpg 300w, https:\/\/www.euegeajans.com\/wp-content\/uploads\/2022\/05\/EGE-Edebiyat-Fakultesi-Manga-Antroposen-38-1024x683.jpg 1024w, https:\/\/www.euegeajans.com\/wp-content\/uploads\/2022\/05\/EGE-Edebiyat-Fakultesi-Manga-Antroposen-38-768x512.jpg 768w, https:\/\/www.euegeajans.com\/wp-content\/uploads\/2022\/05\/EGE-Edebiyat-Fakultesi-Manga-Antroposen-38-1536x1024.jpg 1536w, https:\/\/www.euegeajans.com\/wp-content\/uploads\/2022\/05\/EGE-Edebiyat-Fakultesi-Manga-Antroposen-38-2048x1365.jpg 2048w\" sizes=\"auto, (max-width: 300px) 100vw, 300px\" \/>Panelin a\u00e7\u0131l\u0131\u015f konu\u015fmas\u0131n\u0131 ger\u00e7ekle\u015ftiren Dr. \u00d6\u011fretim \u00dcyesi Nesrin Yava\u015f, kat\u0131l\u0131mc\u0131lar\u0131 \u201cAntroposen\u201d kavram\u0131 hakk\u0131nda bilgilendirdi. Dr. Yava\u015f, \u201cAntroposen, yery\u00fcz\u00fc tarihi i\u00e7inde bulundu\u011fumuz en son jeolojik \u00e7a\u011f\u0131 i\u015faret eder ve insan \u00e7a\u011f\u0131 anlam\u0131na gelir. Terimin isim babalar\u0131 Biyolog Eugene Stormer ve Nobel \u00d6d\u00fcll\u00fc Kimyager Paul Crutzen\u2019d\u0131r. Temelde antroposen kavram\u0131 ile iddia edilen; insan t\u00fcr\u00fcn\u00fcn teknolojinin arac\u0131l\u0131\u011f\u0131yla yery\u00fcz\u00fcn\u00fcn do\u011fal d\u00f6ng\u00fclerini olumsuz anlamda de\u011fi\u015ftirebilecek kadar etkin bir g\u00fc\u00e7, yerk\u00fcreyi payla\u015ft\u0131\u011f\u0131 insan olmayan di\u011fer canl\u0131lar\u0131n sa\u011fl\u0131\u011f\u0131 ve hayat\u0131n\u0131 tehlikeye atacak kadar bask\u0131n bir t\u00fcr, k\u00fcresel \u00f6l\u00e7ekte ekosistemlere zarar veren bir ba\u015f akt\u00f6re d\u00f6nm\u00fc\u015f oldu\u011fu ger\u00e7e\u011fidir. Antroposen\u2019in tan\u0131m\u0131nda insan eylemlerinden kaynaklanan \u00e7e\u015fitli \u00e7evresel de\u011fi\u015fimler vard\u0131r\u201d diye konu\u015ftu.<\/p>\n<p style=\"text-align: justify;\">Sanat, edebiyat ve m\u00fczi\u011fin insanlar\u0131n duygular\u0131na dokunabildi\u011fine dikkat \u00e7eken Yava\u015f, \u201cA\u015f\u0131r\u0131 n\u00fcfus art\u0131\u015f\u0131, h\u0131zl\u0131 kentle\u015fmeye ba\u011fl\u0131 olarak do\u011fan\u0131n insan menfaatleri do\u011frultusunda \u015fekillendirmesi, barajlar, maden \u00e7\u0131karma, plastik gibi do\u011fada \u00e7\u00f6z\u00fcm\u00fc \u00e7ok zor at\u0131klar\u0131n \u00fcretimi ve t\u00fcketimi antroposen \u00e7a\u011f\u0131na giri\u015fimize neden olan insan eylemlerinden baz\u0131lar\u0131d\u0131r. Do\u011fa ve yery\u00fcz\u00fc bilimleri zamana ve mek\u00e2na yay\u0131lm\u0131\u015f, alg\u0131lamakta ve anlamakta zorland\u0131\u011f\u0131m\u0131z bu k\u00fcresel tehdidin ger\u00e7ekli\u011fini bilimsel verilerle ortaya koysa da, insanl\u0131k ya ink\u00e2r etmekte ya da g\u00f6rmezden gelmektedir. Bilimin dili soyut ve karma\u015f\u0131kt\u0131r, sokaktaki insana ula\u015famaz. \u0130\u015fte bu noktada sanat, edebiyat ve m\u00fczik insanlar\u0131n d\u00fcnyalar\u0131na dokunabilir. Bu ba\u011flamda foto\u011fraf ve at\u0131k sanat sergisi iklim edebiyat\u0131n\u0131n, sinema ve sahne sanatlar\u0131n\u0131n, Manga\u2019n\u0131n \u2018Antroposen\u2019 alb\u00fcm\u00fcn\u00fcn \u00f6nemi \u00e7ok b\u00fcy\u00fckt\u00fcr. Bizlerin ihtiyac\u0131 olan \u015fey, hik\u00e2ye anlat\u0131c\u0131lar\u0131d\u0131r. \u0130\u015fte bu panel, farkl\u0131 hikayelerin bir birle\u015fimidir\u201d dedi.<\/p>\n<p style=\"text-align: justify;\"><b>\u201cAntroposene dikkat \u00e7ekmek i\u00e7in \u00e7al\u0131\u015ft\u0131k\u201d<\/b><\/p>\n<p style=\"text-align: justify;\"><img loading=\"lazy\" decoding=\"async\" class=\"size-medium wp-image-8631 alignright\" src=\"http:\/\/www.euegeajans.com\/wp-content\/uploads\/2022\/05\/EGE-Edebiyat-Fakultesi-Manga-Antroposen-60-300x200.jpg\" alt=\"\" width=\"300\" height=\"200\" srcset=\"https:\/\/www.euegeajans.com\/wp-content\/uploads\/2022\/05\/EGE-Edebiyat-Fakultesi-Manga-Antroposen-60-300x200.jpg 300w, https:\/\/www.euegeajans.com\/wp-content\/uploads\/2022\/05\/EGE-Edebiyat-Fakultesi-Manga-Antroposen-60-1024x683.jpg 1024w, https:\/\/www.euegeajans.com\/wp-content\/uploads\/2022\/05\/EGE-Edebiyat-Fakultesi-Manga-Antroposen-60-768x512.jpg 768w, https:\/\/www.euegeajans.com\/wp-content\/uploads\/2022\/05\/EGE-Edebiyat-Fakultesi-Manga-Antroposen-60-1536x1024.jpg 1536w, https:\/\/www.euegeajans.com\/wp-content\/uploads\/2022\/05\/EGE-Edebiyat-Fakultesi-Manga-Antroposen-60-2048x1365.jpg 2048w\" sizes=\"auto, (max-width: 300px) 100vw, 300px\" \/>Antroposen hakk\u0131nda fark\u0131ndal\u0131k olu\u015fturmak ad\u0131na faaliyetler ger\u00e7ekle\u015ftirdiklerini ifade eden Manga Grubunun Solisti Ferman Akg\u00fcl, \u201cAlb\u00fcm\u00fcm\u00fcze de ad\u0131n\u0131 vermi\u015f oldu\u011fumuz Antroposen kelimesinin anlam\u0131n\u0131 bir\u00e7ok dinleyicimizin bildi\u011fini d\u00fc\u015f\u00fcn\u00fcyoruz. \u00c7\u00fcnk\u00fc alb\u00fcm\u00fcm\u00fcz\u00fcn lansman\u0131n\u0131 yapaca\u011f\u0131m\u0131z hafta t\u00fcm grup \u00fcyelerimizle birlikte Antroposen ile ilgili bir sempozyum ve sunum ger\u00e7ekle\u015ftirdik. Bu kelimenin anlam\u0131n\u0131n \u00f6\u011frenilmesine gayret ettik. \u0130nsanlara hem Antroposene bak\u0131\u015f a\u00e7\u0131m\u0131z\u0131, hem de alb\u00fcm s\u0131ras\u0131nda yapt\u0131\u011f\u0131m\u0131z \u00e7al\u0131\u015fmalar\u0131 anlatt\u0131k. Ayr\u0131ca a\u00e7\u0131klay\u0131c\u0131 bir video haz\u0131rlad\u0131k. Alb\u00fcm tan\u0131t\u0131m\u0131na bu \u015fekilde ba\u015flad\u0131\u011f\u0131m\u0131z i\u00e7in bizi dinleyen, konserlerimize gelen kitlenin Antroposenin fark\u0131nda olmalar\u0131 ve bu konudaki bilinci daha geni\u015f kitlelere yaymalar\u0131 i\u00e7in \u00e7aba g\u00f6sterdik. Dolay\u0131s\u0131yla dinleyici kitlemizin bu alb\u00fcm\u00fc bilin\u00e7li bir \u015fekilde dinledi\u011fini d\u00fc\u015f\u00fcn\u00fcyoruz. Biz, kar\u015f\u0131la\u015ft\u0131\u011f\u0131m\u0131z tablodan korktuk ve bu korku da bize ilham verdi. \u0130lhan ald\u0131\u011f\u0131m\u0131z \u00e7ok \u015fey var; a\u015fk, korku, endi\u015fe\u2026 Bir yola girdik ve bunu s\u00f6z-m\u00fczik olarak anlatmaya gayret ediyoruz&#8221; dedi.<\/p>\n<p style=\"text-align: justify;\">Manga grubu bateristi \u00d6zg\u00fcr Can \u00d6ney ise, \u201cBu sorunu insanlar\u0131n ya\u015famas\u0131 gerekiyor.\u00a0 Sava\u015f olduktan sonra sava\u015fabilme ortaya \u00e7\u0131k\u0131yor. Hatta Birinci ve \u0130kinci D\u00fcnya Sava\u015f\u0131 aras\u0131ndaki d\u00f6nemde \u00e7ok ilgin\u00e7 eserler ortaya \u00e7\u0131k\u0131yor. \u0130kinci D\u00fcnya Sava\u015f\u0131ndan sonra iki tane d\u00fcnya sava\u015f\u0131 g\u00f6rm\u00fc\u015f o jenerasyon, bir ba\u015fka ku\u015fak ortaya \u00e7\u0131kart\u0131yor. Onlar iyice bo\u015flu\u011fa d\u00fc\u015f\u00fcyor. O derdi, s\u0131k\u0131nt\u0131y\u0131 ya\u015fad\u0131ktan sonra ona kar\u015f\u0131 davran\u0131yor. \u0130klimle ve \u00e7evre kirlili\u011fiyle alakal\u0131 bak\u0131ld\u0131\u011f\u0131nda ise, evinde oturan standart bir insan bundan etkilenmedi\u011fi s\u00fcrece konu ile ilgili bir aktivizmi ya da sanatsal \u00fcretim g\u00fcd\u00fcs\u00fc olu\u015fmuyor. Biz, konfor ad\u0131 alt\u0131nda teknoloji t\u00fcketmeye devam ettirdi\u011fimiz s\u00fcrece, bu sorun da devam edecek. G\u00fcn\u00fcn sonunda \u2018Bizim neye ihtiyac\u0131m\u0131z var?\u2019 sorusunu sormak laz\u0131m. Ancak bu \u015fekilde sorunun \u00fcstesinden gelebiliriz\u201d diye konu\u015ftu.<\/p>\n<div id='gallery-1' class='gallery galleryid-8627 gallery-columns-3 gallery-size-medium'><figure class='gallery-item'>\n\t\t\t<div class='gallery-icon landscape'>\n\t\t\t\t<a href='https:\/\/www.euegeajans.com\/wp-content\/uploads\/2022\/05\/EGE-Edebiyat-Fakultesi-Manga-Antroposen-3-1.jpg'><img loading=\"lazy\" decoding=\"async\" width=\"300\" height=\"200\" src=\"https:\/\/www.euegeajans.com\/wp-content\/uploads\/2022\/05\/EGE-Edebiyat-Fakultesi-Manga-Antroposen-3-1-300x200.jpg\" class=\"attachment-medium size-medium\" alt=\"\" srcset=\"https:\/\/www.euegeajans.com\/wp-content\/uploads\/2022\/05\/EGE-Edebiyat-Fakultesi-Manga-Antroposen-3-1-300x200.jpg 300w, https:\/\/www.euegeajans.com\/wp-content\/uploads\/2022\/05\/EGE-Edebiyat-Fakultesi-Manga-Antroposen-3-1-1024x683.jpg 1024w, https:\/\/www.euegeajans.com\/wp-content\/uploads\/2022\/05\/EGE-Edebiyat-Fakultesi-Manga-Antroposen-3-1-768x512.jpg 768w, https:\/\/www.euegeajans.com\/wp-content\/uploads\/2022\/05\/EGE-Edebiyat-Fakultesi-Manga-Antroposen-3-1.jpg 1500w\" sizes=\"auto, (max-width: 300px) 100vw, 300px\" \/><\/a>\n\t\t\t<\/div><\/figure><figure class='gallery-item'>\n\t\t\t<div class='gallery-icon landscape'>\n\t\t\t\t<a href='https:\/\/www.euegeajans.com\/wp-content\/uploads\/2022\/05\/EGE-Edebiyat-Fakultesi-Manga-Antroposen-34.jpg'><img loading=\"lazy\" decoding=\"async\" width=\"300\" height=\"200\" src=\"https:\/\/www.euegeajans.com\/wp-content\/uploads\/2022\/05\/EGE-Edebiyat-Fakultesi-Manga-Antroposen-34-300x200.jpg\" class=\"attachment-medium size-medium\" alt=\"\" srcset=\"https:\/\/www.euegeajans.com\/wp-content\/uploads\/2022\/05\/EGE-Edebiyat-Fakultesi-Manga-Antroposen-34-300x200.jpg 300w, https:\/\/www.euegeajans.com\/wp-content\/uploads\/2022\/05\/EGE-Edebiyat-Fakultesi-Manga-Antroposen-34-1024x683.jpg 1024w, https:\/\/www.euegeajans.com\/wp-content\/uploads\/2022\/05\/EGE-Edebiyat-Fakultesi-Manga-Antroposen-34-768x512.jpg 768w, https:\/\/www.euegeajans.com\/wp-content\/uploads\/2022\/05\/EGE-Edebiyat-Fakultesi-Manga-Antroposen-34-1536x1024.jpg 1536w, https:\/\/www.euegeajans.com\/wp-content\/uploads\/2022\/05\/EGE-Edebiyat-Fakultesi-Manga-Antroposen-34-2048x1365.jpg 2048w\" sizes=\"auto, (max-width: 300px) 100vw, 300px\" \/><\/a>\n\t\t\t<\/div><\/figure><figure class='gallery-item'>\n\t\t\t<div class='gallery-icon landscape'>\n\t\t\t\t<a href='https:\/\/www.euegeajans.com\/wp-content\/uploads\/2022\/05\/EGE-Edebiyat-Fakultesi-Manga-Antroposen-29.jpg'><img loading=\"lazy\" decoding=\"async\" width=\"300\" height=\"200\" src=\"https:\/\/www.euegeajans.com\/wp-content\/uploads\/2022\/05\/EGE-Edebiyat-Fakultesi-Manga-Antroposen-29-300x200.jpg\" class=\"attachment-medium size-medium\" alt=\"\" srcset=\"https:\/\/www.euegeajans.com\/wp-content\/uploads\/2022\/05\/EGE-Edebiyat-Fakultesi-Manga-Antroposen-29-300x200.jpg 300w, https:\/\/www.euegeajans.com\/wp-content\/uploads\/2022\/05\/EGE-Edebiyat-Fakultesi-Manga-Antroposen-29-1024x683.jpg 1024w, https:\/\/www.euegeajans.com\/wp-content\/uploads\/2022\/05\/EGE-Edebiyat-Fakultesi-Manga-Antroposen-29-768x512.jpg 768w, https:\/\/www.euegeajans.com\/wp-content\/uploads\/2022\/05\/EGE-Edebiyat-Fakultesi-Manga-Antroposen-29.jpg 1068w\" sizes=\"auto, (max-width: 300px) 100vw, 300px\" \/><\/a>\n\t\t\t<\/div><\/figure>\n\t\t<\/div>\n\n","protected":false},"excerpt":{"rendered":"<p>\u00a0Manga, Antroposen\u2019e dikkat \u00e7ekti T\u00fcrkiye\u2019nin sevilen grubu Manga, \u00a0Egeli gen\u00e7lerle bulu\u015ftu Efe Ufuk Soylu &#8211;&#8230;<\/p>\n","protected":false},"author":2,"featured_media":8628,"comment_status":"open","ping_status":"open","sticky":false,"template":"","format":"standard","meta":{"footnotes":""},"categories":[1,70],"tags":[],"class_list":["post-8627","post","type-post","status-publish","format-standard","has-post-thumbnail","hentry","category-gncl","category-kampus"],"featured_image_urls":{"full":["https:\/\/www.euegeajans.com\/wp-content\/uploads\/2022\/05\/EGE-Edebiyat-Fakultesi-Manga-Antroposen-21.jpg",2136,1424,false],"thumbnail":["https:\/\/www.euegeajans.com\/wp-content\/uploads\/2022\/05\/EGE-Edebiyat-Fakultesi-Manga-Antroposen-21-150x150.jpg",150,150,true],"medium":["https:\/\/www.euegeajans.com\/wp-content\/uploads\/2022\/05\/EGE-Edebiyat-Fakultesi-Manga-Antroposen-21-300x200.jpg",300,200,true],"medium_large":["https:\/\/www.euegeajans.com\/wp-content\/uploads\/2022\/05\/EGE-Edebiyat-Fakultesi-Manga-Antroposen-21-768x512.jpg",640,427,true],"large":["https:\/\/www.euegeajans.com\/wp-content\/uploads\/2022\/05\/EGE-Edebiyat-Fakultesi-Manga-Antroposen-21-1024x683.jpg",640,427,true],"1536x1536":["https:\/\/www.euegeajans.com\/wp-content\/uploads\/2022\/05\/EGE-Edebiyat-Fakultesi-Manga-Antroposen-21-1536x1024.jpg",1536,1024,true],"2048x2048":["https:\/\/www.euegeajans.com\/wp-content\/uploads\/2022\/05\/EGE-Edebiyat-Fakultesi-Manga-Antroposen-21-2048x1365.jpg",2048,1365,true],"newsphere-slider-full":["https:\/\/www.euegeajans.com\/wp-content\/uploads\/2022\/05\/EGE-Edebiyat-Fakultesi-Manga-Antroposen-21-1280x720.jpg",1280,720,true],"newsphere-featured":["https:\/\/www.euegeajans.com\/wp-content\/uploads\/2022\/05\/EGE-Edebiyat-Fakultesi-Manga-Antroposen-21-1024x683.jpg",1024,683,true],"newsphere-medium":["https:\/\/www.euegeajans.com\/wp-content\/uploads\/2022\/05\/EGE-Edebiyat-Fakultesi-Manga-Antroposen-21-720x380.jpg",720,380,true]},"author_info":{"display_name":"Editor","author_link":"https:\/\/www.euegeajans.com\/index.php\/author\/editor\/"},"category_info":"<a href=\"https:\/\/www.euegeajans.com\/index.php\/category\/gncl\/\" rel=\"category tag\">G\u00fcncel<\/a> <a href=\"https:\/\/www.euegeajans.com\/index.php\/category\/kampus\/\" rel=\"category tag\">Kamp\u00fcs<\/a>","tag_info":"Kamp\u00fcs","comment_count":"0","_links":{"self":[{"href":"https:\/\/www.euegeajans.com\/index.php\/wp-json\/wp\/v2\/posts\/8627","targetHints":{"allow":["GET"]}}],"collection":[{"href":"https:\/\/www.euegeajans.com\/index.php\/wp-json\/wp\/v2\/posts"}],"about":[{"href":"https:\/\/www.euegeajans.com\/index.php\/wp-json\/wp\/v2\/types\/post"}],"author":[{"embeddable":true,"href":"https:\/\/www.euegeajans.com\/index.php\/wp-json\/wp\/v2\/users\/2"}],"replies":[{"embeddable":true,"href":"https:\/\/www.euegeajans.com\/index.php\/wp-json\/wp\/v2\/comments?post=8627"}],"version-history":[{"count":1,"href":"https:\/\/www.euegeajans.com\/index.php\/wp-json\/wp\/v2\/posts\/8627\/revisions"}],"predecessor-version":[{"id":8635,"href":"https:\/\/www.euegeajans.com\/index.php\/wp-json\/wp\/v2\/posts\/8627\/revisions\/8635"}],"wp:featuredmedia":[{"embeddable":true,"href":"https:\/\/www.euegeajans.com\/index.php\/wp-json\/wp\/v2\/media\/8628"}],"wp:attachment":[{"href":"https:\/\/www.euegeajans.com\/index.php\/wp-json\/wp\/v2\/media?parent=8627"}],"wp:term":[{"taxonomy":"category","embeddable":true,"href":"https:\/\/www.euegeajans.com\/index.php\/wp-json\/wp\/v2\/categories?post=8627"},{"taxonomy":"post_tag","embeddable":true,"href":"https:\/\/www.euegeajans.com\/index.php\/wp-json\/wp\/v2\/tags?post=8627"}],"curies":[{"name":"wp","href":"https:\/\/api.w.org\/{rel}","templated":true}]}}