{"id":837,"date":"2020-11-19T05:55:39","date_gmt":"2020-11-19T05:55:39","guid":{"rendered":"http:\/\/www.euegeajans.com\/?p=837"},"modified":"2020-11-19T09:18:27","modified_gmt":"2020-11-19T09:18:27","slug":"mavi-yansimalar-tekstil-yuzeylerde-mavi-baskilar-sanatseverle-bulustu","status":"publish","type":"post","link":"https:\/\/www.euegeajans.com\/index.php\/2020\/11\/19\/mavi-yansimalar-tekstil-yuzeylerde-mavi-baskilar-sanatseverle-bulustu\/","title":{"rendered":"Mavi Yans\u0131malar \u201cTekstil Y\u00fczeylerde Mavi Bask\u0131lar\u201d sanatseverle bulu\u015ftu"},"content":{"rendered":"<p style=\"text-align: justify;\"><img loading=\"lazy\" decoding=\"async\" class=\"size-medium wp-image-839 alignleft\" src=\"http:\/\/www.euegeajans.com\/wp-content\/uploads\/2020\/11\/EGE-MOTBE-Sergi-5-300x195.jpg\" alt=\"\" width=\"300\" height=\"195\" \/>M\u00d6TBE sanat\u0131 kamp\u00fcse ta\u015f\u0131maya devam ediyor<\/p>\n<p style=\"text-align: justify;\"><b>Mavi Yans\u0131malar \u201cTekstil Y\u00fczeylerde Mavi Bask\u0131lar\u201d sanatseverle bulu\u015ftu<\/b><\/p>\n<p style=\"text-align: justify;\">Ege \u00dcniversitesinin k\u00fclt\u00fcrel kimli\u011finin bir par\u00e7as\u0131 olan Prof. Dr. Yusuf Vardar -M\u00d6TBE- K\u00fclt\u00fcr Merkezi sanat\u0131 kamp\u00fcse ta\u015f\u0131maya devam ediyor. Ege \u00dcniversitesi Bergama Meslek Y\u00fcksekokulu \u00d6\u011fr. G\u00f6r. G\u00fclseren Haylamaz\u2019\u0131n \u00e7al\u0131\u015fmalar\u0131ndan haz\u0131rlanan Mavi Yans\u0131malar \u201cTekstil Y\u00fczeylerde Mavi Bask\u0131lar\u201d isimli sergi sanatseverlerle bulu\u015ftu.<\/p>\n<p style=\"text-align: justify;\"><img loading=\"lazy\" decoding=\"async\" class=\"size-medium wp-image-842 alignright\" src=\"http:\/\/www.euegeajans.com\/wp-content\/uploads\/2020\/11\/EGE-PROF-DR-NECDET-BUDAK-1-1-300x203.jpg\" alt=\"\" width=\"300\" height=\"203\" \/>Ege \u00dcniversitesi Rekt\u00f6r\u00fc Prof. Dr. Necdet Budak, \u201cEge \u00dcniversitesi, T\u00fcrkiye\u2019nin d\u00f6rd\u00fcnc\u00fc, b\u00f6lgenin ilk ve en k\u00f6kl\u00fc \u00fcniversitesi olarak kurulu\u015fundan bu yana, nitelikli ve nicelikli bilgi \u00fcreterek evrensel \u00f6l\u00e7ekte bilim d\u00fcnyas\u0131na katk\u0131da bulunmay\u0131, \u00fclke ve d\u00fcnya ger\u00e7eklerine duyarl\u0131, k\u00fclt\u00fcrel olarak donan\u0131ml\u0131 ara\u015ft\u0131r\u0131c\u0131, sanata ve do\u011faya sayg\u0131l\u0131, \u00fcretken bireyler yeti\u015ftirmeyi ve g\u00fc\u00e7l\u00fc b\u00f6lgesel etkisinin fark\u0131ndal\u0131\u011f\u0131yla toplumsal fayday\u0131 \u00f6n planda tutarak y\u00fcksek katma de\u011fer yaratmay\u0131 ilke edinmi\u015f bir \u00fcniversitedir. Sanat, insan\u0131n bireysel ve toplumsal ya\u015fam\u0131n\u0131 zenginle\u015ftiren, ki\u015fisel zevkleri ortak paydada bulu\u015fturarak anlaml\u0131 k\u0131lan en \u00f6nemli faaliyetlerden birisidir. Bu ba\u011flamda, bilimin \u0131\u015f\u0131\u011f\u0131nda \u00fcreten toplumlar i\u00e7in gelece\u011fe y\u00f6n vermeyi hedefleyen Ege \u00dcniversitesi; motivasyon kayna\u011f\u0131 olan \u00f6\u011frencilerinin g\u00f6zlerindeki p\u0131r\u0131lt\u0131 ve fikirlerinden g\u00fc\u00e7 alarak beklentilerini kar\u015f\u0131layabilmeyi, \u00fcniversiteyi daha parlak bir gelece\u011fe ta\u015f\u0131mak \u00fczere bilim, e\u011fitim, sa\u011fl\u0131k ve ara\u015ft\u0131rmalar\u0131n\u0131n yan\u0131 s\u0131ra k\u00fclt\u00fcr ve sanat etkinliklerine de gereken \u00f6nemi vermektedir. \u00dcniversitemiz Bergama Meslek Y\u00fcksekokulu \u00d6\u011fr. G\u00f6r. G\u00fclseren Haylamaz\u2019\u0131n \u00e7al\u0131\u015fmalar\u0131ndan haz\u0131rlanan Mavi Yans\u0131malar \u201cTekstil Y\u00fczeylerde Mavi Bask\u0131lar\u201d isimli sergiye ev sahipli\u011fi yapacakt\u0131r\u201d dedi.<\/p>\n<p style=\"text-align: justify;\"><b>CYANOTYPE-MAV\u0130 YANSIMALAR<\/b><\/p>\n<p style=\"text-align: justify;\">E\u00dc Bergama Meslek Y\u00fcksekokulu \u00d6\u011fr. G\u00f6r. G\u00fclseren Haylamaz, \u201cCyanotype, Van Dyke, Gum Bichromat gibi geleneksel foto\u011fraf teknikleri ve di\u011fer eski alternatif foto\u011fraf bask\u0131 y\u00f6ntemleri 1960\u2019l\u0131 y\u0131llarda \u00e7a\u011fda\u015f foto\u011fraf sanat\u00e7\u0131lar\u0131 taraf\u0131ndan yeniden canland\u0131r\u0131lm\u0131\u015ft\u0131r. Cyanotype s\u00fcreci, \u0130ngiliz astronom ve kimyac\u0131 Sir John Frederick William Herschel (1792-1871) taraf\u0131ndan 16 Haziran 1842\u2019de Londra\u2019da Royal Society\u2019de yay\u0131nlanm\u0131\u015ft\u0131r. 19. y\u00fczy\u0131l\u0131n ilk yar\u0131s\u0131nda bulunan Cyanotype tekni\u011finin bug\u00fcn tekstilin plastik ifade olanaklar\u0131yla birlikte yeniden yorumland\u0131\u011f\u0131 g\u00f6r\u00fclmektedir. Bug\u00fcne kadar Cyanotype tekni\u011fini bir ifade arac\u0131 olarak kullanan tekstil sanat\u00e7\u0131lar\u0131, \u2018s\u00fcre\u00e7\u2019, \u2018h\u0131z\u2019, \u2018g\u00f6\u00e7\u2019 ve \u2018k\u00fclt\u00fcrel haf\u0131za\u2019 gibi kavramlar\u0131 sorgulam\u0131\u015flard\u0131r. Cyanotype, \u201cMavi Bask\u0131\u201d da denilen geleneksel foto\u011fraf bask\u0131 y\u00f6nteminde g\u00f6r\u00fcnt\u00fc, demir tozlar\u0131n\u0131n \u0131\u015f\u0131\u011fa kar\u015f\u0131 duyarl\u0131 olmas\u0131yla olu\u015fur. Potasyum ferri siyan\u00fcr \u00e7\u00f6zeltisi ile fer amonyum sitrat \u00e7\u00f6zeltisinin kar\u0131\u015ft\u0131r\u0131lmas\u0131yla elde edilen kimyasal s\u0131v\u0131 foto\u011fraf\u0131n bas\u0131laca\u011fa y\u00fczeye s\u00fcr\u00fcl\u00fcr ve karanl\u0131k bir ortamda kurutulur. B\u00f6ylece <img loading=\"lazy\" decoding=\"async\" class=\"size-medium wp-image-840 alignleft\" src=\"http:\/\/www.euegeajans.com\/wp-content\/uploads\/2020\/11\/EGE-MOTBE-Sergi-2-300x200.jpg\" alt=\"\" width=\"300\" height=\"200\" \/>g\u00fcne\u015f \u0131\u015f\u0131\u011f\u0131na ya da ultraviole \u0131\u015f\u0131\u011fa duyarl\u0131 bir foto\u011fraf y\u00fczeyi elde edilir. Duyarl\u0131 y\u00fczey boyutunda bir negatif foto\u011fraf olu\u015fturulur. Bunun i\u00e7in; ya karanl\u0131k odada yar\u0131m ton bir filme bir foto\u011fraf negatif film yapmak ya da dijital \u00e7ekilen bir g\u00f6r\u00fcnt\u00fcden duyarl\u0131 y\u00fczeyin boyutunda negatif film \u00e7\u0131kt\u0131s\u0131n\u0131 asetat \u00fczerine almak gerekir. Haz\u0131rlanan duyarl\u0131 y\u00fczey \u00fczerine elde edilen negatif film yerle\u015ftirilir. G\u00f6r\u00fcnt\u00fcn\u00fcn kaymamas\u0131 i\u00e7in iki cam aras\u0131na s\u0131k\u0131\u015ft\u0131r\u0131l\u0131r ve g\u00fcne\u015fte 10 veya 15 dakika bekletilir. Pozlama i\u015fleminden sonra duyarl\u0131 y\u00fczeyin akan suyun alt\u0131nda y\u0131kanmas\u0131 ve daha sonra kurutulmas\u0131 gerekir. I\u015f\u0131\u011fa duyarl\u0131 hale getirilmi\u015f tekstil y\u00fczeyler \u00fczerine do\u011frudan do\u011fadan al\u0131nm\u0131\u015f objelerin koyulmas\u0131 ile fotogramlar olu\u015fturulur. G\u00fcne\u015f \u0131\u015f\u0131\u011f\u0131nda pozlanan, nesnenin negatif g\u00f6r\u00fcnt\u00fcs\u00fc dokuma y\u00fczeylere bu \u015fekilde aktar\u0131lm\u0131\u015ft\u0131r\u201d dedi.<\/p>\n<p style=\"text-align: justify;\">E\u00dc Rekt\u00f6rl\u00fc\u011f\u00fc taraf\u0131ndan d\u00fczenlenen sergi, pandemi kurallar\u0131na uyularak 27 Kas\u0131m tarihine kadar ziyaret edilebilecek.<\/p>\n<p style=\"text-align: justify;\"><b>G\u00dcLSEREN HAYLAMAZ<\/b><\/p>\n<p style=\"text-align: justify;\">Haylamaz, 1976 y\u0131l\u0131nda K\u00fctahya\u2019da do\u011fdu. Anadolu G\u00fczel Sanatlar Lisesinde ald\u0131\u011f\u0131 resim e\u011fitiminin ard\u0131ndan lisans ve y\u00fcksek lisans e\u011fitimini Dokuz Eyl\u00fcl \u00dcniversitesi G\u00fczel Sanatlar Enstit\u00fcs\u00fc, Tekstil ve Moda Tasar\u0131m\u0131 Anasanat Dal\u0131nda tamamlad\u0131. Halen ayn\u0131 \u00fcniversite ve enstit\u00fcde sanatta yeterlik tezini haz\u0131rl\u0131yor. Akademik hayat\u0131na 2000 y\u0131l\u0131nda Ege \u00dcniversitesi Bergama Meslek Y\u00fcksekokulunda \u00f6\u011fretim g\u00f6revlisi olarak ba\u015flad\u0131. Ki\u015fisel sergilerinin yan\u0131nda ulusal ve uluslararas\u0131 karma sergilere kat\u0131ld\u0131, bilimsel toplant\u0131larda tekstil sanat\u0131 ve moda \u00fczerine ara\u015ft\u0131rmalar yay\u0131nlad\u0131. \u00c7al\u0131\u015fmalar\u0131nda \u00e7a\u011fda\u015f sanatta giysi formu ve geleneksel foto\u011fraf bask\u0131 tekniklerinden Cyanotype (Mavi Bask\u0131) tekni\u011fini tekstilin plastik ifade olanaklar\u0131yla birlikte yorumlad\u0131.<\/p>\n","protected":false},"excerpt":{"rendered":"<p>M\u00d6TBE sanat\u0131 kamp\u00fcse ta\u015f\u0131maya devam ediyor Mavi Yans\u0131malar \u201cTekstil Y\u00fczeylerde Mavi Bask\u0131lar\u201d sanatseverle bulu\u015ftu Ege \u00dcniversitesinin k\u00fclt\u00fcrel kimli\u011finin bir par\u00e7as\u0131 olan Prof. Dr. Yusuf Vardar -M\u00d6TBE- K\u00fclt\u00fcr Merkezi sanat\u0131 kamp\u00fcse&hellip;<\/p>\n","protected":false},"author":2,"featured_media":0,"comment_status":"open","ping_status":"open","sticky":false,"template":"","format":"standard","meta":{"footnotes":""},"categories":[1],"tags":[],"class_list":["post-837","post","type-post","status-publish","format-standard","hentry","category-gncl"],"_links":{"self":[{"href":"https:\/\/www.euegeajans.com\/index.php\/wp-json\/wp\/v2\/posts\/837","targetHints":{"allow":["GET"]}}],"collection":[{"href":"https:\/\/www.euegeajans.com\/index.php\/wp-json\/wp\/v2\/posts"}],"about":[{"href":"https:\/\/www.euegeajans.com\/index.php\/wp-json\/wp\/v2\/types\/post"}],"author":[{"embeddable":true,"href":"https:\/\/www.euegeajans.com\/index.php\/wp-json\/wp\/v2\/users\/2"}],"replies":[{"embeddable":true,"href":"https:\/\/www.euegeajans.com\/index.php\/wp-json\/wp\/v2\/comments?post=837"}],"version-history":[{"count":2,"href":"https:\/\/www.euegeajans.com\/index.php\/wp-json\/wp\/v2\/posts\/837\/revisions"}],"predecessor-version":[{"id":843,"href":"https:\/\/www.euegeajans.com\/index.php\/wp-json\/wp\/v2\/posts\/837\/revisions\/843"}],"wp:attachment":[{"href":"https:\/\/www.euegeajans.com\/index.php\/wp-json\/wp\/v2\/media?parent=837"}],"wp:term":[{"taxonomy":"category","embeddable":true,"href":"https:\/\/www.euegeajans.com\/index.php\/wp-json\/wp\/v2\/categories?post=837"},{"taxonomy":"post_tag","embeddable":true,"href":"https:\/\/www.euegeajans.com\/index.php\/wp-json\/wp\/v2\/tags?post=837"}],"curies":[{"name":"wp","href":"https:\/\/api.w.org\/{rel}","templated":true}]}}