{"id":7533,"date":"2022-03-30T03:14:00","date_gmt":"2022-03-30T03:14:00","guid":{"rendered":"https:\/\/www.euegeajans.com\/?p=7533"},"modified":"2022-03-30T08:18:24","modified_gmt":"2022-03-30T08:18:24","slug":"deneysel-donusum-hibiskus-bitkisinden-sanata","status":"publish","type":"post","link":"https:\/\/www.euegeajans.com\/index.php\/2022\/03\/30\/deneysel-donusum-hibiskus-bitkisinden-sanata\/","title":{"rendered":"Deneysel d\u00f6n\u00fc\u015f\u00fcm: Hibiskus bitkisinden sanata"},"content":{"rendered":"<p style=\"text-align: justify;\">\u201cMustafa \u00c7apar Resim Sergisi\u201d E\u00dc\u2019de sanatseverlerle bulu\u015ftu<\/p>\n<p style=\"text-align: justify;\"><b>Deneysel d\u00f6n\u00fc\u015f\u00fcm: Hibiskus bitkisinden sanata<\/b><\/p>\n<p style=\"text-align: justify;\">Ege \u00dcniversitesi (E\u00dc) E\u011fitim Fak\u00fcltesi G\u00fczel Sanatlar E\u011fitimi B\u00f6l\u00fcm\u00fc taraf\u0131ndan \u201cMustafa \u00c7apar Resim Sergisi\u201d a\u00e7\u0131l\u0131\u015f\u0131 ger\u00e7ekle\u015ftirildi. Sergide, \u00c7ukurova \u00dcniversitesi E\u011fitim Fak\u00fcltesi G\u00fczel Sanatlar E\u011fitimi B\u00f6l\u00fcm\u00fc Resim-\u0130\u015f \u00d6\u011fretmenli\u011fi Anabilim Dal\u0131 \u00d6\u011fretim \u00dcyesi Do\u00e7. Dr. Mustafa \u00c7apar\u2019\u0131n eserleri yer ald\u0131.<\/p>\n<p style=\"text-align: justify;\">E\u00dc G\u00fczel Sanatlar E\u011fitimi B\u00f6l\u00fcm\u00fc Sergi Salonunda a\u00e7\u0131l\u0131\u015f\u0131 ger\u00e7ekle\u015ftirilen resim sergisine Ege \u00dcniversitesi Rekt\u00f6r Yard\u0131mc\u0131s\u0131 Prof. Dr. Hakan At\u0131lgan, E\u00dc E\u011fitim Fak\u00fcltesi Dekan\u0131 Prof. Dr. Alper Ba\u015fbay, Dekan Yard\u0131mc\u0131s\u0131 Do\u00e7. Dr. \u00d6ner Uslu, G\u00fczel Sanatlar E\u011fitimi B\u00f6l\u00fcm Ba\u015fkan\u0131 Prof. Dr. Merih Tekin Bender, akademisyenler ve \u00f6\u011frenciler kat\u0131ld\u0131.<\/p>\n<p style=\"text-align: justify;\"><img loading=\"lazy\" decoding=\"async\" class=\"size-medium wp-image-7535 alignright\" src=\"http:\/\/www.euegeajans.com\/wp-content\/uploads\/2022\/03\/EGE-Mustafa-Capar-Resim-Sergisi-acildi-4-300x200.jpg\" alt=\"\" width=\"300\" height=\"200\" \/>Serginin a\u00e7\u0131l\u0131\u015f\u0131nda konu\u015fan E\u00dc Rekt\u00f6r Yard\u0131mc\u0131s\u0131 Prof. Dr. Hakan At\u0131lgan sanata duydu\u011fu ilginin \u00f6nemine de\u011finerek ressam Mustafa \u00c7apar\u2019a de\u011ferli eserlerini Ege \u00dcniversitesi\u2019nde sergiledi\u011fi i\u00e7in te\u015fekk\u00fcr etti.<\/p>\n<p style=\"text-align: justify;\">Eserlerinin olu\u015fum s\u00fcreci hakk\u0131nda bilgi veren Mustafa \u00c7apar, \u201c\u00c7al\u0131\u015fmalar\u0131mda foto\u011fraf \u00fczerinde bi\u00e7imsel bir d\u00f6n\u00fc\u015f\u00fcm uyguluyorum. Foto\u011fraflar\u0131 resme d\u00f6n\u00fc\u015ft\u00fcrmek i\u00e7in bilgisayarda bir programda boyay\u0131p lekeye d\u00f6n\u00fc\u015ft\u00fcr\u00fcyorum. Elimdeki g\u00f6r\u00fcnt\u00fc \u00fczerinde \u00e7al\u0131\u015fmaya ba\u015fl\u0131yorum ve ard\u0131ndan ilk g\u00f6r\u00fcnt\u00fcdekinden farkl\u0131 bir fig\u00fcr ya da fig\u00fcrler ortaya \u00e7\u0131k\u0131yor. Bu fig\u00fcrler, bir anlam olu\u015fturmaya uygunsa, o anlam\u0131 dikkate alarak baz\u0131 de\u011fi\u015fiklikler yapt\u0131\u011f\u0131m oluyor. S\u00f6zc\u00fck tam olarak kar\u015f\u0131lamasa da &#8220;do\u011fa\u00e7lama&#8217; bir \u015fekilde ortaya \u00e7\u0131kan bu resimlerde, bi\u00e7im daha \u00f6n planda oluyor. Resim yapma y\u00f6ntemim, Leonardo da Vinci&#8217;nin ve Alexander Cozens&#8217;in \u00e7evrelerinde g\u00f6rd\u00fckleri lekeleri resme d\u00f6n\u00fc\u015ft\u00fcrme y\u00f6ntemlerinin bir uzant\u0131s\u0131 diyebilirim. Ayr\u0131ca psikolojik bir test olan M\u00fcrekkep Lekesi Testi ile de ili\u015fkilendirilebilir. \u00c7o\u011funlukla \u00e7ay olarak t\u00fcketilen Hibiskus bitkisini malzeme olarak kullan\u0131yorum. \u0130lk ba\u015fta k\u0131rm\u0131z\u0131 olan renk, zamanla solup canl\u0131l\u0131\u011f\u0131n\u0131 yitiriyor\u201d dedi.<\/p>\n<p style=\"text-align: justify;\">E\u00dc G\u00fczel Sanatlar E\u011fitimi B\u00f6l\u00fcm\u00fc Sergi Salonunda a\u00e7\u0131lan resim sergisi 4 Nisan\u2019a kadar ziyaret\u00e7ilere a\u00e7\u0131k olacak.<\/p>\n<p style=\"text-align: justify;\"><b>MUSTAFA \u00c7APAR K\u0130MD\u0130R?<\/b><\/p>\n<p style=\"text-align: justify;\">\u0130zmir&#8217;in K\u0131n\u0131k il\u00e7esine ba\u011fl\u0131 \u0130brahima\u011fa K\u00f6y\u00fc\u2019nde 1973\u2019te do\u011fan Mustafa \u00c7apar, ilk\u00f6\u011fretim ve orta\u00f6\u011fretimini Bergama&#8217;da tamamlad\u0131. 1998&#8217;de \u00c7ukurova \u00dcniversitesi, E\u011fitim Fak\u00fcltesi Resim-i\u015f \u00d6\u011fretmenli\u011fi B\u00f6l\u00fcm\u00fc&#8217;nden mezun oldu. 2000&#8217;de \u00c7ukurova \u00dcniversitesi Sosyal Bilimler Enstit\u00fcs\u00fc Resim-\u0130\u015f E\u011fitimi Anabilim Dal\u0131&#8217;nda Ara\u015ft\u0131rma G\u00f6revlisi olan \u00c7apar 2002&#8217;de \u00c7ukurova \u00dcniversitesi Sosyal Bilimler Enstit\u00fcs\u00fc Resim-i\u015f E\u011fitimi Anabilim Dal\u0131&#8217;nda y\u00fcksek lisans\u0131n\u0131 tamamlad\u0131. \u00c7apar, 2006&#8217;da Gazi \u00dcniversitesi E\u011fitim Bilimleri Enstit\u00fcs\u00fc Resim-i\u015f E\u011fitimi Anabilim Dal\u0131&#8217;nda doktoras\u0131n\u0131 tamamlad\u0131. \u00c7ukurova \u00dcniversitesi E\u011fitim Fak\u00fcltesi G\u00fczel Sanatlar E\u011fitimi B\u00f6l\u00fcm\u00fc Resim-\u0130\u015f \u00d6\u011fretmenli\u011fi Anabilim Dal\u0131&#8217;nda g\u00f6rev yapan \u00c7apar, sekiz ki\u015fisel sergi a\u00e7t\u0131 ve \u00e7e\u015fitli karma sergilere kat\u0131ld\u0131.<\/p>\n<div id='gallery-1' class='gallery galleryid-7533 gallery-columns-2 gallery-size-medium'><figure class='gallery-item'>\n\t\t\t<div class='gallery-icon landscape'>\n\t\t\t\t<a href='https:\/\/www.euegeajans.com\/wp-content\/uploads\/2022\/03\/EGE-Mustafa-Capar-Resim-Sergisi-acildi-2.jpg'><img loading=\"lazy\" decoding=\"async\" width=\"300\" height=\"200\" src=\"https:\/\/www.euegeajans.com\/wp-content\/uploads\/2022\/03\/EGE-Mustafa-Capar-Resim-Sergisi-acildi-2-300x200.jpg\" class=\"attachment-medium size-medium\" alt=\"\" srcset=\"https:\/\/www.euegeajans.com\/wp-content\/uploads\/2022\/03\/EGE-Mustafa-Capar-Resim-Sergisi-acildi-2-300x200.jpg 300w, https:\/\/www.euegeajans.com\/wp-content\/uploads\/2022\/03\/EGE-Mustafa-Capar-Resim-Sergisi-acildi-2-1024x683.jpg 1024w, https:\/\/www.euegeajans.com\/wp-content\/uploads\/2022\/03\/EGE-Mustafa-Capar-Resim-Sergisi-acildi-2-768x512.jpg 768w, https:\/\/www.euegeajans.com\/wp-content\/uploads\/2022\/03\/EGE-Mustafa-Capar-Resim-Sergisi-acildi-2-1536x1024.jpg 1536w, https:\/\/www.euegeajans.com\/wp-content\/uploads\/2022\/03\/EGE-Mustafa-Capar-Resim-Sergisi-acildi-2.jpg 1600w\" sizes=\"auto, (max-width: 300px) 100vw, 300px\" \/><\/a>\n\t\t\t<\/div><\/figure><figure class='gallery-item'>\n\t\t\t<div class='gallery-icon landscape'>\n\t\t\t\t<a href='https:\/\/www.euegeajans.com\/wp-content\/uploads\/2022\/03\/EGE-Mustafa-Capar-Resim-Sergisi-acildi-3.jpg'><img loading=\"lazy\" decoding=\"async\" width=\"300\" height=\"200\" src=\"https:\/\/www.euegeajans.com\/wp-content\/uploads\/2022\/03\/EGE-Mustafa-Capar-Resim-Sergisi-acildi-3-300x200.jpg\" class=\"attachment-medium size-medium\" alt=\"\" srcset=\"https:\/\/www.euegeajans.com\/wp-content\/uploads\/2022\/03\/EGE-Mustafa-Capar-Resim-Sergisi-acildi-3-300x200.jpg 300w, https:\/\/www.euegeajans.com\/wp-content\/uploads\/2022\/03\/EGE-Mustafa-Capar-Resim-Sergisi-acildi-3-1024x683.jpg 1024w, https:\/\/www.euegeajans.com\/wp-content\/uploads\/2022\/03\/EGE-Mustafa-Capar-Resim-Sergisi-acildi-3-768x512.jpg 768w, https:\/\/www.euegeajans.com\/wp-content\/uploads\/2022\/03\/EGE-Mustafa-Capar-Resim-Sergisi-acildi-3-1536x1024.jpg 1536w, https:\/\/www.euegeajans.com\/wp-content\/uploads\/2022\/03\/EGE-Mustafa-Capar-Resim-Sergisi-acildi-3.jpg 1600w\" sizes=\"auto, (max-width: 300px) 100vw, 300px\" \/><\/a>\n\t\t\t<\/div><\/figure>\n\t\t<\/div>\n\n","protected":false},"excerpt":{"rendered":"<p>\u201cMustafa \u00c7apar Resim Sergisi\u201d E\u00dc\u2019de sanatseverlerle bulu\u015ftu Deneysel d\u00f6n\u00fc\u015f\u00fcm: Hibiskus bitkisinden sanata Ege \u00dcniversitesi (E\u00dc)&#8230;<\/p>\n","protected":false},"author":2,"featured_media":7534,"comment_status":"open","ping_status":"open","sticky":false,"template":"","format":"standard","meta":{"footnotes":""},"categories":[1,70],"tags":[],"class_list":["post-7533","post","type-post","status-publish","format-standard","has-post-thumbnail","hentry","category-gncl","category-kampus"],"featured_image_urls":{"full":["https:\/\/www.euegeajans.com\/wp-content\/uploads\/2022\/03\/EGE-Mustafa-Capar-Resim-Sergisi-acildi-6.jpg",1600,1067,false],"thumbnail":["https:\/\/www.euegeajans.com\/wp-content\/uploads\/2022\/03\/EGE-Mustafa-Capar-Resim-Sergisi-acildi-6-150x150.jpg",150,150,true],"medium":["https:\/\/www.euegeajans.com\/wp-content\/uploads\/2022\/03\/EGE-Mustafa-Capar-Resim-Sergisi-acildi-6-300x200.jpg",300,200,true],"medium_large":["https:\/\/www.euegeajans.com\/wp-content\/uploads\/2022\/03\/EGE-Mustafa-Capar-Resim-Sergisi-acildi-6-768x512.jpg",640,427,true],"large":["https:\/\/www.euegeajans.com\/wp-content\/uploads\/2022\/03\/EGE-Mustafa-Capar-Resim-Sergisi-acildi-6-1024x683.jpg",640,427,true],"1536x1536":["https:\/\/www.euegeajans.com\/wp-content\/uploads\/2022\/03\/EGE-Mustafa-Capar-Resim-Sergisi-acildi-6-1536x1024.jpg",1536,1024,true],"2048x2048":["https:\/\/www.euegeajans.com\/wp-content\/uploads\/2022\/03\/EGE-Mustafa-Capar-Resim-Sergisi-acildi-6.jpg",1600,1067,false],"newsphere-slider-full":["https:\/\/www.euegeajans.com\/wp-content\/uploads\/2022\/03\/EGE-Mustafa-Capar-Resim-Sergisi-acildi-6-1280x720.jpg",1280,720,true],"newsphere-featured":["https:\/\/www.euegeajans.com\/wp-content\/uploads\/2022\/03\/EGE-Mustafa-Capar-Resim-Sergisi-acildi-6-1024x683.jpg",1024,683,true],"newsphere-medium":["https:\/\/www.euegeajans.com\/wp-content\/uploads\/2022\/03\/EGE-Mustafa-Capar-Resim-Sergisi-acildi-6-720x380.jpg",720,380,true]},"author_info":{"display_name":"Editor","author_link":"https:\/\/www.euegeajans.com\/index.php\/author\/editor\/"},"category_info":"<a href=\"https:\/\/www.euegeajans.com\/index.php\/category\/gncl\/\" rel=\"category tag\">G\u00fcncel<\/a> <a href=\"https:\/\/www.euegeajans.com\/index.php\/category\/kampus\/\" rel=\"category tag\">Kamp\u00fcs<\/a>","tag_info":"Kamp\u00fcs","comment_count":"0","_links":{"self":[{"href":"https:\/\/www.euegeajans.com\/index.php\/wp-json\/wp\/v2\/posts\/7533","targetHints":{"allow":["GET"]}}],"collection":[{"href":"https:\/\/www.euegeajans.com\/index.php\/wp-json\/wp\/v2\/posts"}],"about":[{"href":"https:\/\/www.euegeajans.com\/index.php\/wp-json\/wp\/v2\/types\/post"}],"author":[{"embeddable":true,"href":"https:\/\/www.euegeajans.com\/index.php\/wp-json\/wp\/v2\/users\/2"}],"replies":[{"embeddable":true,"href":"https:\/\/www.euegeajans.com\/index.php\/wp-json\/wp\/v2\/comments?post=7533"}],"version-history":[{"count":1,"href":"https:\/\/www.euegeajans.com\/index.php\/wp-json\/wp\/v2\/posts\/7533\/revisions"}],"predecessor-version":[{"id":7540,"href":"https:\/\/www.euegeajans.com\/index.php\/wp-json\/wp\/v2\/posts\/7533\/revisions\/7540"}],"wp:featuredmedia":[{"embeddable":true,"href":"https:\/\/www.euegeajans.com\/index.php\/wp-json\/wp\/v2\/media\/7534"}],"wp:attachment":[{"href":"https:\/\/www.euegeajans.com\/index.php\/wp-json\/wp\/v2\/media?parent=7533"}],"wp:term":[{"taxonomy":"category","embeddable":true,"href":"https:\/\/www.euegeajans.com\/index.php\/wp-json\/wp\/v2\/categories?post=7533"},{"taxonomy":"post_tag","embeddable":true,"href":"https:\/\/www.euegeajans.com\/index.php\/wp-json\/wp\/v2\/tags?post=7533"}],"curies":[{"name":"wp","href":"https:\/\/api.w.org\/{rel}","templated":true}]}}