{"id":7407,"date":"2022-03-23T04:20:00","date_gmt":"2022-03-23T04:20:00","guid":{"rendered":"https:\/\/www.euegeajans.com\/?p=7407"},"modified":"2022-03-23T08:24:01","modified_gmt":"2022-03-23T08:24:01","slug":"turk-yildizlari-egekafta-genclerle-bir-araya-geldi","status":"publish","type":"post","link":"https:\/\/www.euegeajans.com\/index.php\/2022\/03\/23\/turk-yildizlari-egekafta-genclerle-bir-araya-geldi\/","title":{"rendered":"T\u00fcrk Y\u0131ld\u0131zlar\u0131 EGEKAF\u2019ta gen\u00e7lerle bir araya geldi"},"content":{"rendered":"<p style=\"text-align: justify;\">Ege \u00dcniversitesinin ev sahipli\u011fiyle d\u00fczenlenen Ege B\u00f6lgesi Kariyer Fuar\u0131&#8217;na &#8221;T\u00fcrk Y\u0131ld\u0131zlar\u0131&#8221; damgas\u0131n\u0131 vurdu. Fuar kapsam\u0131nda d\u00fczenlenen s\u00f6yle\u015fiye kat\u0131lan ekip, yapt\u0131klar\u0131 g\u00f6sterilerle izleyicilere unutulmayacak anlar ya\u015fatt\u0131. Ege \u00dcniversitesi Rekt\u00f6r\u00fc Prof. Dr. Necdet Budak, \u201c\u00dclkemizi ulusal ve uluslararas\u0131 arenada ba\u015far\u0131yla temsil eden T\u00fcrk Y\u0131ld\u0131zlar\u0131n\u0131n g\u00f6sterisini b\u00fcy\u00fck bir gururla izledik. Kendilerine EGEKAF\u2019a kat\u0131l\u0131mlar\u0131ndan dolay\u0131 te\u015fekk\u00fcr ediyorum\u201d diye konu\u015ftu.<\/p>\n<p style=\"text-align: justify;\">T\u00fcrk Y\u0131ld\u0131zlar\u0131n\u0131n kurulu\u015f amac\u0131n\u0131n T\u00fcrk Silahl\u0131 Kuvvetlerini ve T\u00fcrk Hava Kuvvetlerini tan\u0131tmak oldu\u011funu s\u00f6yleyen Y\u00fczba\u015f\u0131 G\u00f6khan Esen, \u201cGen\u00e7lerin havac\u0131l\u0131\u011fa sevgisini ve ilgisini art\u0131rmay\u0131 hedefliyoruz. \u00c7ok yetenekli olmakta iddial\u0131 olmasak da cesarette iddial\u0131y\u0131z \u00e7\u00fcnk\u00fc her T\u00fcrk askeri \u00e7ok cesurdur. T\u00fcrk Y\u0131ld\u0131z\u0131 olmak, T\u00fcrk bayra\u011f\u0131n\u0131, rengini ve onuru ta\u015f\u0131makt\u0131r. \u00a0Biz, istikbali g\u00f6ky\u00fcz\u00fcn\u00fcn mavisinde de\u011fil Mustafa Kemal&#8217;in g\u00f6zlerinin mavisinde yakalad\u0131k&#8221; dedi.<\/p>\n<p style=\"text-align: justify;\">T\u00fcrk Y\u0131ld\u0131zlar\u0131 hakk\u0131nda bilgiler veren Y\u00fczba\u015f\u0131 Esen, T\u00fcrk Y\u0131ld\u0131zlar\u0131n\u0131n farkl\u0131 \u00fclkelerde \u00e7ok say\u0131da g\u00f6steri sergiledi\u011fini s\u00f6yledi.\u00a0 T\u00fcrk Y\u0131ld\u0131z\u0131 olman\u0131n birinci kural\u0131n\u0131n g\u00f6n\u00fcll\u00fc olmak oldu\u011funu ifade eden Y\u00fczba\u015f\u0131 Esen, bunun ayr\u0131ca belli bir saat u\u00e7u\u015f tecr\u00fcbesi gerektirdi\u011fini vurgulad\u0131.<\/p>\n<p style=\"text-align: justify;\">Etkinlikte T\u00fcrk Y\u0131ld\u0131zlar\u0131n\u0131n g\u00f6sterilerine dair videolar kat\u0131l\u0131mc\u0131lara izletildi. Merak edilen sorular\u0131n cevapland\u0131r\u0131lmas\u0131n\u0131n ard\u0131ndan T\u00fcrk Y\u0131ld\u0131zlar\u0131 pilotlar\u0131 \u00f6\u011frencilere ait posterleri imzalad\u0131lar. Etkinlik sonunda T\u00fcrk Y\u0131ld\u0131zlar\u0131,\u00a0 E\u00dc Rekt\u00f6r Yard\u0131mc\u0131s\u0131 Prof. Dr. Hakan At\u0131lgan ile hat\u0131ra foto\u011fraf\u0131 \u00e7ektirdi.<\/p>\n<div id='gallery-1' class='gallery galleryid-7407 gallery-columns-2 gallery-size-medium'><figure class='gallery-item'>\n\t\t\t<div class='gallery-icon landscape'>\n\t\t\t\t<a href='https:\/\/www.euegeajans.com\/index.php\/2022\/03\/23\/turk-yildizlari-egekafta-genclerle-bir-araya-geldi\/ege-turk-yildizlari-soylesi-egekaf-2022-4-2\/'><img loading=\"lazy\" decoding=\"async\" width=\"300\" height=\"200\" src=\"https:\/\/www.euegeajans.com\/wp-content\/uploads\/2022\/03\/EGE-TURK-YILDIZLARI-SOYLESI-EGEKAF-2022-4-1-300x200.jpg\" class=\"attachment-medium size-medium\" alt=\"\" srcset=\"https:\/\/www.euegeajans.com\/wp-content\/uploads\/2022\/03\/EGE-TURK-YILDIZLARI-SOYLESI-EGEKAF-2022-4-1-300x200.jpg 300w, https:\/\/www.euegeajans.com\/wp-content\/uploads\/2022\/03\/EGE-TURK-YILDIZLARI-SOYLESI-EGEKAF-2022-4-1-1024x683.jpg 1024w, https:\/\/www.euegeajans.com\/wp-content\/uploads\/2022\/03\/EGE-TURK-YILDIZLARI-SOYLESI-EGEKAF-2022-4-1-768x512.jpg 768w, https:\/\/www.euegeajans.com\/wp-content\/uploads\/2022\/03\/EGE-TURK-YILDIZLARI-SOYLESI-EGEKAF-2022-4-1-1536x1024.jpg 1536w, https:\/\/www.euegeajans.com\/wp-content\/uploads\/2022\/03\/EGE-TURK-YILDIZLARI-SOYLESI-EGEKAF-2022-4-1.jpg 2048w\" sizes=\"auto, (max-width: 300px) 100vw, 300px\" \/><\/a>\n\t\t\t<\/div><\/figure>\n\t\t<\/div>\n\n","protected":false},"excerpt":{"rendered":"<p>Ege \u00dcniversitesinin ev sahipli\u011fiyle d\u00fczenlenen Ege B\u00f6lgesi Kariyer Fuar\u0131&#8217;na &#8221;T\u00fcrk Y\u0131ld\u0131zlar\u0131&#8221; damgas\u0131n\u0131 vurdu. Fuar kapsam\u0131nda&#8230;<\/p>\n","protected":false},"author":2,"featured_media":7408,"comment_status":"open","ping_status":"open","sticky":false,"template":"","format":"standard","meta":{"footnotes":""},"categories":[69,99,1,11],"tags":[],"class_list":["post-7407","post","type-post","status-publish","format-standard","has-post-thumbnail","hentry","category-bilim","category-egitim","category-gncl","category-haber"],"featured_image_urls":{"full":["https:\/\/www.euegeajans.com\/wp-content\/uploads\/2022\/03\/EGE-TURK-YILDIZLARI-SOYLESI-EGEKAF-2022-4.jpg",2048,1365,false],"thumbnail":["https:\/\/www.euegeajans.com\/wp-content\/uploads\/2022\/03\/EGE-TURK-YILDIZLARI-SOYLESI-EGEKAF-2022-4-150x150.jpg",150,150,true],"medium":["https:\/\/www.euegeajans.com\/wp-content\/uploads\/2022\/03\/EGE-TURK-YILDIZLARI-SOYLESI-EGEKAF-2022-4-300x200.jpg",300,200,true],"medium_large":["https:\/\/www.euegeajans.com\/wp-content\/uploads\/2022\/03\/EGE-TURK-YILDIZLARI-SOYLESI-EGEKAF-2022-4-768x512.jpg",640,427,true],"large":["https:\/\/www.euegeajans.com\/wp-content\/uploads\/2022\/03\/EGE-TURK-YILDIZLARI-SOYLESI-EGEKAF-2022-4-1024x683.jpg",640,427,true],"1536x1536":["https:\/\/www.euegeajans.com\/wp-content\/uploads\/2022\/03\/EGE-TURK-YILDIZLARI-SOYLESI-EGEKAF-2022-4-1536x1024.jpg",1536,1024,true],"2048x2048":["https:\/\/www.euegeajans.com\/wp-content\/uploads\/2022\/03\/EGE-TURK-YILDIZLARI-SOYLESI-EGEKAF-2022-4.jpg",2048,1365,false],"newsphere-slider-full":["https:\/\/www.euegeajans.com\/wp-content\/uploads\/2022\/03\/EGE-TURK-YILDIZLARI-SOYLESI-EGEKAF-2022-4-1280x720.jpg",1280,720,true],"newsphere-featured":["https:\/\/www.euegeajans.com\/wp-content\/uploads\/2022\/03\/EGE-TURK-YILDIZLARI-SOYLESI-EGEKAF-2022-4-1024x683.jpg",1024,683,true],"newsphere-medium":["https:\/\/www.euegeajans.com\/wp-content\/uploads\/2022\/03\/EGE-TURK-YILDIZLARI-SOYLESI-EGEKAF-2022-4-720x380.jpg",720,380,true]},"author_info":{"display_name":"Editor","author_link":"https:\/\/www.euegeajans.com\/index.php\/author\/editor\/"},"category_info":"<a href=\"https:\/\/www.euegeajans.com\/index.php\/category\/bilim\/\" rel=\"category tag\">Bilim<\/a> <a href=\"https:\/\/www.euegeajans.com\/index.php\/category\/egitim\/\" rel=\"category tag\">E\u011fitim<\/a> <a href=\"https:\/\/www.euegeajans.com\/index.php\/category\/gncl\/\" rel=\"category tag\">G\u00fcncel<\/a> <a href=\"https:\/\/www.euegeajans.com\/index.php\/category\/haber\/\" rel=\"category tag\">Haber<\/a>","tag_info":"Haber","comment_count":"0","_links":{"self":[{"href":"https:\/\/www.euegeajans.com\/index.php\/wp-json\/wp\/v2\/posts\/7407","targetHints":{"allow":["GET"]}}],"collection":[{"href":"https:\/\/www.euegeajans.com\/index.php\/wp-json\/wp\/v2\/posts"}],"about":[{"href":"https:\/\/www.euegeajans.com\/index.php\/wp-json\/wp\/v2\/types\/post"}],"author":[{"embeddable":true,"href":"https:\/\/www.euegeajans.com\/index.php\/wp-json\/wp\/v2\/users\/2"}],"replies":[{"embeddable":true,"href":"https:\/\/www.euegeajans.com\/index.php\/wp-json\/wp\/v2\/comments?post=7407"}],"version-history":[{"count":1,"href":"https:\/\/www.euegeajans.com\/index.php\/wp-json\/wp\/v2\/posts\/7407\/revisions"}],"predecessor-version":[{"id":7411,"href":"https:\/\/www.euegeajans.com\/index.php\/wp-json\/wp\/v2\/posts\/7407\/revisions\/7411"}],"wp:featuredmedia":[{"embeddable":true,"href":"https:\/\/www.euegeajans.com\/index.php\/wp-json\/wp\/v2\/media\/7408"}],"wp:attachment":[{"href":"https:\/\/www.euegeajans.com\/index.php\/wp-json\/wp\/v2\/media?parent=7407"}],"wp:term":[{"taxonomy":"category","embeddable":true,"href":"https:\/\/www.euegeajans.com\/index.php\/wp-json\/wp\/v2\/categories?post=7407"},{"taxonomy":"post_tag","embeddable":true,"href":"https:\/\/www.euegeajans.com\/index.php\/wp-json\/wp\/v2\/tags?post=7407"}],"curies":[{"name":"wp","href":"https:\/\/api.w.org\/{rel}","templated":true}]}}