{"id":740,"date":"2020-11-17T07:40:48","date_gmt":"2020-11-17T07:40:48","guid":{"rendered":"http:\/\/www.euegeajans.com\/?p=740"},"modified":"2020-11-17T11:44:32","modified_gmt":"2020-11-17T11:44:32","slug":"doc-dr-akcam-dunyada-her-yil-yaklasik-15-milyon-kisi-akciger-kanserine-yakalaniyor","status":"publish","type":"post","link":"https:\/\/www.euegeajans.com\/index.php\/2020\/11\/17\/doc-dr-akcam-dunyada-her-yil-yaklasik-15-milyon-kisi-akciger-kanserine-yakalaniyor\/","title":{"rendered":"Do\u00e7. Dr. Ak\u00e7am, \u201cD\u00fcnyada her y\u0131l yakla\u015f\u0131k 1,5 milyon ki\u015fi akci\u011fer kanserine yakalan\u0131yor&#8221;"},"content":{"rendered":"<p style=\"text-align: justify;\">Akci\u011fer kanserine dikkat \u00e7ekmek ve akci\u011fer kanseri konusunda fark\u0131ndal\u0131\u011f\u0131n olu\u015fturulmas\u0131 amac\u0131yla d\u00fcnyada her y\u0131l \u201c17 Kas\u0131m D\u00fcnya Akci\u011fer Kanseri Fark\u0131ndal\u0131k G\u00fcn\u00fc\u201d kapsam\u0131nda \u00e7e\u015fitli faaliyetler d\u00fczenleniyor. Erkek ve kad\u0131nlarda \u00f6l\u00fcme en \u00e7ok neden olan kanser t\u00fcrlerinden biri olan akci\u011fer kanserinde erken te\u015fhisin \u00f6nemine vurgu yapan Ege \u00dcniversitesi T\u0131p Fak\u00fcltesi G\u00f6\u011f\u00fcs Cerrahisi Anabilim Dal\u0131 \u00d6\u011fretim \u00dcyesi Do\u00e7. Dr. Tevfik \u0130lker Ak\u00e7am, akci\u011fer kanseri hakk\u0131nda \u00f6nemli a\u00e7\u0131klamalarda bulundu.<\/p>\n<p style=\"text-align: justify;\">Do\u00e7. Dr. Ak\u00e7am, erken tan\u0131n\u0131n ve akci\u011fer kanseri konusunda toplumsal fark\u0131ndal\u0131k olu\u015fturman\u0131n \u00f6nemli oldu\u011funa de\u011findi.<\/p>\n<p style=\"text-align: justify;\">Akci\u011fer kanserinin, hava yollar\u0131 veya akci\u011fer dokusunda bulunan h\u00fccrelerin kontrols\u00fcz \u015fekilde b\u00fcy\u00fcmesi, b\u00f6l\u00fcnmesi ve DNA yap\u0131lar\u0131n\u0131n bozulmas\u0131 nedeniyle olu\u015ftu\u011funu belirten Do\u00e7. Dr. Ak\u00e7am, \u201cD\u00fcnyada her y\u0131l yakla\u015f\u0131k 1,5 milyon ki\u015fi akci\u011fer kanserine yakalanmakta ve bir o kadar\u0131 hayat\u0131n\u0131 kaybetmektedir. Bu say\u0131 meme, kal\u0131n ba\u011f\u0131rsak ve prostat kanseri nedeniyle ya\u015fam\u0131n\u0131 yitiren hastalardan daha fazlad\u0131r. Bu say\u0131n\u0131n y\u00fckselmesinde, artan hava kirlili\u011fi, sigara kullan\u0131m\u0131, end\u00fcstri ve sanayinin olu\u015fturdu\u011fu zararlar, otomobil say\u0131s\u0131ndaki art\u0131\u015f, d\u00fcnya \u00e7ap\u0131nda g\u00f6r\u00fclen yayg\u0131n akci\u011fer enfeksiyonlar\u0131, kronik obstr\u00fcktif akci\u011fer hastal\u0131\u011f\u0131n\u0131n (KOAH) g\u00f6r\u00fclme oran\u0131n\u0131n art\u0131\u015f\u0131 da sorumludur. Sadece sigara i\u00e7mek de\u011fil, pasif sigara i\u00e7icili\u011fi denilen sigara duman\u0131na maruz kalma da bu kansere yol a\u00e7abilmektedir. Yine sigara ile birlikte di\u011fer t\u00fct\u00fcn mamullerinin kullan\u0131m\u0131 da (nargile, pipo, vb.) akci\u011fer kanserine neden olabilmektedir\u201d diye konu\u015ftu.<\/p>\n<p style=\"text-align: justify;\">Akci\u011fer kanserinde en etkili tedavi yolunun ameliyat oldu\u011funu ancak ameliyat\u0131n ileri evre hastalarda uygulanan bir y\u00f6ntem olmad\u0131\u011f\u0131n\u0131 s\u00f6yleyen Do\u00e7.Dr. Ak\u00e7am, \u201cBunun yerine ileri evre hasta grubunda kemoterapi, radyoterapi (\u0131\u015f\u0131n) ve immunoterapi (ba\u011f\u0131\u015f\u0131kl\u0131k sitemini g\u00fc\u00e7lendirici tedavi) tedavileri tercih edilmektedir. Baz\u0131 \u00f6zel hasta gruplar\u0131nda cerrahi tedavi ile di\u011fer tedaviler kombine edilerek hastalara uygulanabilmektedir. Bu tip tedavilerin sa\u011f kal\u0131ma etkisinde ya\u015f, sigara \u00f6yk\u00fcs\u00fc, beslenme, fiziksel durum gibi hastaya ait fakt\u00f6rler, hastal\u0131\u011f\u0131n evresi ve alt tipi \u00f6nem kazanmaktad\u0131r&#8221; diye konu\u015ftu.<\/p>\n<p style=\"text-align: justify;\">\n<p style=\"text-align: justify;\"><b>&nbsp;<\/b><\/p>\n<p style=\"text-align: justify;\"><b>&#8220;Koruyucu \u00f6nlemler ve erken tan\u0131 son derece \u00f6nemli&#8221;<\/b><\/p>\n<p style=\"text-align: justify;\">\n<p style=\"text-align: justify;\">Do\u00e7. Dr. Ak\u00e7am, tedavide en \u00f6nemli unsurun hastal\u0131\u011f\u0131n evresi oldu\u011funu belirterek, \u201cAkci\u011fer kanseri genellikle ileri evreye gelinceye kadar belirti vermeyen bir hastal\u0131kt\u0131r. Maalesef hastalar\u0131n, d\u00f6rtte \u00fc\u00e7\u00fc tan\u0131 ald\u0131\u011f\u0131 s\u0131rada ileri evre yani metastaz (yay\u0131l\u0131m) meydana gelmi\u015f grupta yer al\u0131p, cerrahi \u015fans\u0131n\u0131 yitirmi\u015f olmaktad\u0131r. Bu a\u015famada be\u015f y\u0131ll\u0131k ya\u015fam beklentisi \u00fcz\u00fcc\u00fc olarak d\u00fc\u015f\u00fckt\u00fcr. Bu sebeple akci\u011fer kanserinden koruyucu \u00f6nlemler, akci\u011fer kanserinin erken tan\u0131, tedavi, tipi ve evresi konusunda yap\u0131lan yakla\u015f\u0131m ve ara\u015ft\u0131rmalar\u0131n ne kadar \u00f6nemli oldu\u011fu ortaya \u00e7\u0131kmaktad\u0131r. Akci\u011fer kanserinin kontrol\u00fc i\u00e7in spesifik bir kan testi olmamakla birlikte, her y\u0131l \u00e7ekilecek bir akci\u011fer grafisi erken te\u015fhis i\u00e7in hayati \u00f6nem arz etmektedir\u201d dedi.<\/p>\n","protected":false},"excerpt":{"rendered":"<p>Akci\u011fer kanserine dikkat \u00e7ekmek ve akci\u011fer kanseri konusunda fark\u0131ndal\u0131\u011f\u0131n olu\u015fturulmas\u0131 amac\u0131yla d\u00fcnyada her y\u0131l \u201c17 Kas\u0131m D\u00fcnya Akci\u011fer Kanseri Fark\u0131ndal\u0131k G\u00fcn\u00fc\u201d kapsam\u0131nda \u00e7e\u015fitli faaliyetler d\u00fczenleniyor. Erkek ve kad\u0131nlarda \u00f6l\u00fcme en&hellip;<\/p>\n","protected":false},"author":2,"featured_media":741,"comment_status":"open","ping_status":"open","sticky":false,"template":"","format":"standard","meta":{"footnotes":""},"categories":[1,68],"tags":[273,274,66,47,12,51,238,67,72,46,275,44,276,104,22],"class_list":["post-740","post","type-post","status-publish","format-standard","has-post-thumbnail","hentry","category-gncl","category-saglik","tag-akcigerkanseri","tag-dunyaakcigerkanserifarkindalikgunu","tag-ege-ajans","tag-ege-medya-merkezi","tag-ege-universitesi","tag-ege-universitesi-tv","tag-ege-university-news-agency","tag-egeajans","tag-egem","tag-egemm","tag-egeuniversitesitipfakultesi","tag-eutv","tag-goguscerrahisi","tag-kalem-gazetesi","tag-necdet-budak"],"_links":{"self":[{"href":"https:\/\/www.euegeajans.com\/index.php\/wp-json\/wp\/v2\/posts\/740","targetHints":{"allow":["GET"]}}],"collection":[{"href":"https:\/\/www.euegeajans.com\/index.php\/wp-json\/wp\/v2\/posts"}],"about":[{"href":"https:\/\/www.euegeajans.com\/index.php\/wp-json\/wp\/v2\/types\/post"}],"author":[{"embeddable":true,"href":"https:\/\/www.euegeajans.com\/index.php\/wp-json\/wp\/v2\/users\/2"}],"replies":[{"embeddable":true,"href":"https:\/\/www.euegeajans.com\/index.php\/wp-json\/wp\/v2\/comments?post=740"}],"version-history":[{"count":2,"href":"https:\/\/www.euegeajans.com\/index.php\/wp-json\/wp\/v2\/posts\/740\/revisions"}],"predecessor-version":[{"id":748,"href":"https:\/\/www.euegeajans.com\/index.php\/wp-json\/wp\/v2\/posts\/740\/revisions\/748"}],"wp:featuredmedia":[{"embeddable":true,"href":"https:\/\/www.euegeajans.com\/index.php\/wp-json\/wp\/v2\/media\/741"}],"wp:attachment":[{"href":"https:\/\/www.euegeajans.com\/index.php\/wp-json\/wp\/v2\/media?parent=740"}],"wp:term":[{"taxonomy":"category","embeddable":true,"href":"https:\/\/www.euegeajans.com\/index.php\/wp-json\/wp\/v2\/categories?post=740"},{"taxonomy":"post_tag","embeddable":true,"href":"https:\/\/www.euegeajans.com\/index.php\/wp-json\/wp\/v2\/tags?post=740"}],"curies":[{"name":"wp","href":"https:\/\/api.w.org\/{rel}","templated":true}]}}