{"id":6587,"date":"2022-01-25T05:34:00","date_gmt":"2022-01-25T05:34:00","guid":{"rendered":"https:\/\/www.euegeajans.com\/?p=6587"},"modified":"2022-01-25T07:48:29","modified_gmt":"2022-01-25T07:48:29","slug":"gorme-engelli-bireylere-ucus-deneyimi-yasatmak-istiyoruz","status":"publish","type":"post","link":"https:\/\/www.euegeajans.com\/index.php\/2022\/01\/25\/gorme-engelli-bireylere-ucus-deneyimi-yasatmak-istiyoruz\/","title":{"rendered":"\u201cG\u00f6rme engelli bireylere u\u00e7u\u015f deneyimi ya\u015fatmak istiyoruz\u201d"},"content":{"rendered":"<p style=\"text-align: justify;\">E\u00dc Havac\u0131l\u0131k Toplulu\u011fundan anlaml\u0131 hedef<\/p>\n<p style=\"text-align: justify;\"><b>\u00a0\u201cG\u00f6rme engelli bireylere u\u00e7u\u015f deneyimi ya\u015fatmak istiyoruz\u201d<\/b><\/p>\n<p style=\"text-align: justify;\">Gamze Akg\u00fcn \u2013 Halil \u00c7oban \u2013 Halis Erin\u00e7 Kele\u015f<\/p>\n<p style=\"text-align: justify;\">Ege \u00dcniversitesinde (E\u00dc) \u00f6\u011frencilerin sanattan spora, tarihten teknolojiye bir\u00e7ok alanda ki\u015fisel geli\u015fimlerini art\u0131rmak amac\u0131yla kurulan \u00f6\u011frenci topluluklar\u0131 \u00e7al\u0131\u015fmalar\u0131n\u0131 s\u00fcrd\u00fcr\u00fcyor. E\u00dc b\u00fcnyesindeki \u00f6\u011frenci topluluklar\u0131ndan biri olan Havac\u0131l\u0131k Toplulu\u011fu da \u00fcyelerine ki\u015fisel geli\u015fimin yan\u0131 s\u0131ra; hem teorik, hem de uygulamal\u0131 e\u011fitim imk\u00e2nlar\u0131 sunuyor. Bu ama\u00e7la faaliyetlerini y\u00fcr\u00fcten E\u00dc Havac\u0131l\u0131k Toplulu\u011fu Ba\u015fkan\u0131 Esad Fatih Sancak, g\u00f6rme engelli bireyler ba\u015fta olmak \u00fczere engelli bireylerin u\u00e7u\u015f deneyimi ya\u015famalar\u0131na y\u00f6nelik proje \u00e7al\u0131\u015fmalar\u0131 y\u00fcrt\u00fcklerini ifade ederek topluluk \u00e7al\u0131\u015fmalar\u0131 hakk\u0131nda bilgiler verdi.<\/p>\n<p style=\"text-align: justify;\"><img loading=\"lazy\" decoding=\"async\" class=\"size-medium wp-image-6589 alignright\" src=\"http:\/\/www.euegeajans.com\/wp-content\/uploads\/2022\/01\/Esad-Fatih-Sancak-EU-Havacilik-Toplulugu-Baskani-4-300x200.jpg\" alt=\"\" width=\"300\" height=\"200\" srcset=\"https:\/\/www.euegeajans.com\/wp-content\/uploads\/2022\/01\/Esad-Fatih-Sancak-EU-Havacilik-Toplulugu-Baskani-4-300x200.jpg 300w, https:\/\/www.euegeajans.com\/wp-content\/uploads\/2022\/01\/Esad-Fatih-Sancak-EU-Havacilik-Toplulugu-Baskani-4-1024x683.jpg 1024w, https:\/\/www.euegeajans.com\/wp-content\/uploads\/2022\/01\/Esad-Fatih-Sancak-EU-Havacilik-Toplulugu-Baskani-4-768x512.jpg 768w, https:\/\/www.euegeajans.com\/wp-content\/uploads\/2022\/01\/Esad-Fatih-Sancak-EU-Havacilik-Toplulugu-Baskani-4-1536x1024.jpg 1536w, https:\/\/www.euegeajans.com\/wp-content\/uploads\/2022\/01\/Esad-Fatih-Sancak-EU-Havacilik-Toplulugu-Baskani-4-2048x1365.jpg 2048w\" sizes=\"auto, (max-width: 300px) 100vw, 300px\" \/>E\u00dc Havac\u0131l\u0131k Toplulu\u011funun amac\u0131n\u0131n teorik ve uygulamal\u0131 e\u011fitimleri \u00f6\u011frencilerle bulu\u015fturmak oldu\u011funu ifade eden Topluluk Ba\u015fkan\u0131 Sancak, \u201cGe\u00e7mi\u015fte serbest dal\u0131\u015f yapan insanlar taraf\u0131ndan kurulan Havac\u0131l\u0131k Toplulu\u011funda, \u00f6\u011frencilere ba\u015flang\u0131\u00e7 d\u00fczeyinde para\u015f\u00fctle atlama e\u011fitimi vermeyi ama\u00e7l\u0131yoruz. Toplulu\u011fa kat\u0131lmak isteyen \u00f6\u011frenciler \u00f6nce teorik, sonra pratik s\u0131nava tabi tutuluyor. E\u011fitime ge\u00e7i\u015f a\u015famas\u0131nda e\u011fitmenlere b\u00fcy\u00fck i\u015f d\u00fc\u015f\u00fcyor. \u00c7\u00fcnk\u00fc komuta zincirinin \u00f6nemli oldu\u011fu bir topluluktan bahsediyoruz. Bir insana u\u00e7arken komut vermek, e\u011fitmene ciddi bir sorumluluk y\u00fckl\u00fcyor. Dolay\u0131s\u0131yla e\u011fitim esnas\u0131nda \u00e7ok dikkatli hareket etmek gerekiyor. Son etkinliklerimiz genel olarak u\u00e7u\u015f ve yer \u00e7al\u0131\u015fmas\u0131 olarak yap\u0131lmaktayd\u0131. Ancak pandemi s\u00fcreci bizi mecburi bir de\u011fi\u015fikli\u011fe g\u00f6t\u00fcrd\u00fc. Art\u0131k yer \u00e7al\u0131\u015fmalar\u0131m\u0131z\u0131 sim\u00fclasyon olarak ger\u00e7ekle\u015ftiriyoruz. \u00a0Daha sonra e\u011fitiminde acil durumlarda yap\u0131lmas\u0131 gerekenler gibi konularda dersler veriyoruz\u201d diye konu\u015ftu.<\/p>\n<p style=\"text-align: justify;\"><b>\u201cFaal bir Havac\u0131l\u0131k Toplulu\u011fu i\u00e7in sponsor aray\u0131\u015f\u0131 i\u00e7erisine girdik\u201d<\/b><\/p>\n<p style=\"text-align: justify;\">Aktif bir Havac\u0131l\u0131k Toplulu\u011fu i\u00e7in \u00e7al\u0131\u015ft\u0131klar\u0131n\u0131 vurgulayan Sancak, \u201cPandemiden bir iki ay \u00f6nce engelli vatanda\u015flara u\u00e7u\u015f deneyimi ya\u015fatma projesi ger\u00e7ekle\u015ftirmeyi planl\u0131yorduk. Gerekli organizasyonu yapt\u0131k, faaliyet planlar\u0131n\u0131 olu\u015fturduk. En uygun engelli grubunun g\u00f6rme engelliler oldu\u011funa karar verip, faaliyet raporunu sunduk. Hem manevi de\u011feri y\u00fcksek, hem de okulumuz a\u00e7\u0131s\u0131ndan \u00f6nem arz eden bir proje olaca\u011f\u0131n\u0131 d\u00fc\u015f\u00fcnd\u00fck. G\u00f6r\u00fc\u015fmeler devam ederken, pandemi s\u00fcreci araya girdi. Ancak proje i\u00e7in g\u00f6r\u00fc\u015fmelerimiz hala s\u00fcr\u00fcyor. \u00d6n\u00fcm\u00fczdeki s\u00fcre\u00e7te ger\u00e7ekle\u015ftirmeyi istiyoruz. \u00d6te yandan pandemi \u00f6ncesinde toplulu\u011fumuza kat\u0131lan \u00f6\u011frencilerle yak\u0131n zamanda Manisa\u2019da u\u00e7u\u015f yapmay\u0131 planl\u0131yoruz. \u015eimdi de aktif bir Havac\u0131l\u0131k Toplulu\u011fu i\u00e7in sponsor aray\u0131\u015f\u0131 i\u00e7erisindeyiz. Rekt\u00f6rl\u00fck ve Sa\u011fl\u0131k, K\u00fclt\u00fcr ve Spor Daire Ba\u015fkanl\u0131\u011f\u0131 ile g\u00f6r\u00fc\u015fmelerimiz s\u00fcr\u00fcyor. Sponsor bulmay\u0131 ba\u015farabilirsek, toplulu\u011fumuz gelecek sene daha aktif bir hale gelecek\u201d dedi.<\/p>\n\n","protected":false},"excerpt":{"rendered":"<p>E\u00dc Havac\u0131l\u0131k Toplulu\u011fundan anlaml\u0131 hedef \u00a0\u201cG\u00f6rme engelli bireylere u\u00e7u\u015f deneyimi ya\u015fatmak istiyoruz\u201d Gamze Akg\u00fcn \u2013&#8230;<\/p>\n","protected":false},"author":2,"featured_media":6588,"comment_status":"open","ping_status":"open","sticky":false,"template":"","format":"standard","meta":{"footnotes":""},"categories":[1],"tags":[],"class_list":["post-6587","post","type-post","status-publish","format-standard","has-post-thumbnail","hentry","category-gncl"],"featured_image_urls":{"full":["https:\/\/www.euegeajans.com\/wp-content\/uploads\/2022\/01\/Havacilik-Toplulugu-Etkinlik-Gorseli-7.jpeg",1415,708,false],"thumbnail":["https:\/\/www.euegeajans.com\/wp-content\/uploads\/2022\/01\/Havacilik-Toplulugu-Etkinlik-Gorseli-7-150x150.jpeg",150,150,true],"medium":["https:\/\/www.euegeajans.com\/wp-content\/uploads\/2022\/01\/Havacilik-Toplulugu-Etkinlik-Gorseli-7-300x150.jpeg",300,150,true],"medium_large":["https:\/\/www.euegeajans.com\/wp-content\/uploads\/2022\/01\/Havacilik-Toplulugu-Etkinlik-Gorseli-7-768x384.jpeg",640,320,true],"large":["https:\/\/www.euegeajans.com\/wp-content\/uploads\/2022\/01\/Havacilik-Toplulugu-Etkinlik-Gorseli-7-1024x512.jpeg",640,320,true],"1536x1536":["https:\/\/www.euegeajans.com\/wp-content\/uploads\/2022\/01\/Havacilik-Toplulugu-Etkinlik-Gorseli-7.jpeg",1415,708,false],"2048x2048":["https:\/\/www.euegeajans.com\/wp-content\/uploads\/2022\/01\/Havacilik-Toplulugu-Etkinlik-Gorseli-7.jpeg",1415,708,false],"newsphere-slider-full":["https:\/\/www.euegeajans.com\/wp-content\/uploads\/2022\/01\/Havacilik-Toplulugu-Etkinlik-Gorseli-7-1280x708.jpeg",1280,708,true],"newsphere-featured":["https:\/\/www.euegeajans.com\/wp-content\/uploads\/2022\/01\/Havacilik-Toplulugu-Etkinlik-Gorseli-7-1024x512.jpeg",1024,512,true],"newsphere-medium":["https:\/\/www.euegeajans.com\/wp-content\/uploads\/2022\/01\/Havacilik-Toplulugu-Etkinlik-Gorseli-7-720x380.jpeg",720,380,true]},"author_info":{"display_name":"Editor","author_link":"https:\/\/www.euegeajans.com\/index.php\/author\/editor\/"},"category_info":"<a href=\"https:\/\/www.euegeajans.com\/index.php\/category\/gncl\/\" rel=\"category tag\">G\u00fcncel<\/a>","tag_info":"G\u00fcncel","comment_count":"0","_links":{"self":[{"href":"https:\/\/www.euegeajans.com\/index.php\/wp-json\/wp\/v2\/posts\/6587","targetHints":{"allow":["GET"]}}],"collection":[{"href":"https:\/\/www.euegeajans.com\/index.php\/wp-json\/wp\/v2\/posts"}],"about":[{"href":"https:\/\/www.euegeajans.com\/index.php\/wp-json\/wp\/v2\/types\/post"}],"author":[{"embeddable":true,"href":"https:\/\/www.euegeajans.com\/index.php\/wp-json\/wp\/v2\/users\/2"}],"replies":[{"embeddable":true,"href":"https:\/\/www.euegeajans.com\/index.php\/wp-json\/wp\/v2\/comments?post=6587"}],"version-history":[{"count":1,"href":"https:\/\/www.euegeajans.com\/index.php\/wp-json\/wp\/v2\/posts\/6587\/revisions"}],"predecessor-version":[{"id":6593,"href":"https:\/\/www.euegeajans.com\/index.php\/wp-json\/wp\/v2\/posts\/6587\/revisions\/6593"}],"wp:featuredmedia":[{"embeddable":true,"href":"https:\/\/www.euegeajans.com\/index.php\/wp-json\/wp\/v2\/media\/6588"}],"wp:attachment":[{"href":"https:\/\/www.euegeajans.com\/index.php\/wp-json\/wp\/v2\/media?parent=6587"}],"wp:term":[{"taxonomy":"category","embeddable":true,"href":"https:\/\/www.euegeajans.com\/index.php\/wp-json\/wp\/v2\/categories?post=6587"},{"taxonomy":"post_tag","embeddable":true,"href":"https:\/\/www.euegeajans.com\/index.php\/wp-json\/wp\/v2\/tags?post=6587"}],"curies":[{"name":"wp","href":"https:\/\/api.w.org\/{rel}","templated":true}]}}