{"id":5934,"date":"2021-12-13T10:19:49","date_gmt":"2021-12-13T10:19:49","guid":{"rendered":"https:\/\/www.euegeajans.com\/?p=5934"},"modified":"2021-12-14T08:29:38","modified_gmt":"2021-12-14T08:29:38","slug":"turk-yuksekogretiminin-super-ligine-yukseldi","status":"publish","type":"post","link":"https:\/\/www.euegeajans.com\/index.php\/2021\/12\/13\/turk-yuksekogretiminin-super-ligine-yukseldi\/","title":{"rendered":"T\u00fcrk y\u00fcksek\u00f6\u011fretiminin s\u00fcper ligine y\u00fckseldi"},"content":{"rendered":"<p style=\"text-align: justify;\">E\u00dc Ara\u015ft\u0131rma \u00dcniversitesi oldu<\/p>\n<h4 style=\"text-align: justify;\"><strong>T\u00fcrk y\u00fcksek\u00f6\u011fretiminin s\u00fcper ligine y\u00fckseldi<\/strong><\/h4>\n<p style=\"text-align: justify;\">T\u00fcrkiye\u2019nin y\u00fcksek\u00f6\u011fretimdeki sayg\u0131n markas\u0131 Ege \u00dcniversitesi, Y\u00fcksek\u00f6\u011fretim Kurulunun belirledi\u011fi 20 ara\u015ft\u0131rma \u00fcniversitesinden birisi oldu. Ege \u00dcniversitesi yap\u0131lan de\u011ferlendirmede 11\u2019inci s\u0131rada yer ald\u0131.<\/p>\n<p style=\"text-align: justify;\"><img loading=\"lazy\" decoding=\"async\" class=\"size-medium wp-image-5937 alignleft\" src=\"http:\/\/www.euegeajans.com\/wp-content\/uploads\/2021\/12\/Ege-Universitesi-Arastirma-Universitesi-oldu-2-300x200.jpg\" alt=\"\" width=\"300\" height=\"200\" srcset=\"https:\/\/www.euegeajans.com\/wp-content\/uploads\/2021\/12\/Ege-Universitesi-Arastirma-Universitesi-oldu-2-300x200.jpg 300w, https:\/\/www.euegeajans.com\/wp-content\/uploads\/2021\/12\/Ege-Universitesi-Arastirma-Universitesi-oldu-2-1024x683.jpg 1024w, https:\/\/www.euegeajans.com\/wp-content\/uploads\/2021\/12\/Ege-Universitesi-Arastirma-Universitesi-oldu-2-768x512.jpg 768w, https:\/\/www.euegeajans.com\/wp-content\/uploads\/2021\/12\/Ege-Universitesi-Arastirma-Universitesi-oldu-2.jpg 1500w\" sizes=\"auto, (max-width: 300px) 100vw, 300px\" \/>Y\u00d6K taraf\u0131ndan hayata ge\u00e7irilen\u00a0 \u201c\u0130htisasla\u015fma ve Misyon Farkl\u0131la\u015fmas\u0131 Projesi\u201d kapsam\u0131nda al\u0131nan yeni kararlar Ankara\u2019da ger\u00e7ekle\u015ftirilen Ara\u015ft\u0131rma \u00dcniversiteleri Toplant\u0131s\u0131nda kamuoyu ile payla\u015f\u0131ld\u0131. \u00a0Sanayi ve Teknoloji Bakan\u0131 Mustafa Varank ve Y\u00d6K Ba\u015fkan\u0131 Erol \u00d6zvar\u2019\u0131n kat\u0131l\u0131mlar\u0131yla ger\u00e7ekle\u015ftirilen toplant\u0131ya, ilgili kurum ba\u015fkanlar\u0131, Y\u00d6K \u00dcyeleri ile Ara\u015ft\u0131rma \u00dcniversitelerinin Rekt\u00f6rleri ve ilgili Rekt\u00f6r Yard\u0131mc\u0131lar\u0131 kat\u0131ld\u0131.<\/p>\n<p style=\"text-align: justify;\">Ege \u00dcniversitesinde, Rekt\u00f6r Prof. Dr. Necdet Budak\u2019\u0131n \u00f6nc\u00fcl\u00fc\u011f\u00fcnde i\u00e7selle\u015ftirilerek bir k\u00fclt\u00fcre d\u00f6n\u00fc\u015fen bilim \u00fcretme ekosistemi meyvelerini vermeye devam ediyor. E\u011fitim \u00f6\u011fretimden ara\u015ft\u0131rma geli\u015ftirmeye, toplumsal katk\u0131dan uzaktan \u00f6\u011fretime,\u00a0 dijitalle\u015fmeden yapay zek\u00e2ya, y\u00f6netim sisteminden uluslararas\u0131la\u015fmaya kadar pek \u00e7ok alanda hayata ge\u00e7irilen nitelikli projeler ve yenilik\u00e7i uygulamalarla T\u00fcrk y\u00fcksek\u00f6\u011frenimine \u00f6nc\u00fcl\u00fck eden Ege \u00dcniversitesi; \u00fclkemizde bir ilki ba\u015fararak Y\u00d6KAK\u2019tan be\u015f y\u0131ll\u0131k tam kurumsal akreditasyon almas\u0131n\u0131n ard\u0131ndan \u015fimdi de ad\u0131n\u0131 ara\u015ft\u0131rma \u00fcniversiteleri aras\u0131na yazd\u0131rd\u0131.<\/p>\n<p style=\"text-align: justify;\">Sanayi ve Teknoloji Bakan\u0131 Mustafa Varank, Y\u00d6K Ba\u015fkan\u0131 Prof. Dr. Erol \u00d6zvar ve Y\u00d6K Y\u00fcr\u00fctme Kurulu \u00dcyesi Prof. Dr. Naci G\u00fcndo\u011fan\u2019\u0131n a\u00e7\u0131l\u0131\u015f konu\u015fmalar\u0131yla ba\u015flayan toplant\u0131da Ara\u015ft\u0131rma \u00dcniversitelerinin \u0130lan\u0131 ve Berat Takdimi yap\u0131ld\u0131. E\u00dc Rekt\u00f6r\u00fc Prof. Dr. Necdet Budak, Ara\u015ft\u0131rma \u00dcniversitesi Berat\u0131n\u0131 Bakan Mustafa Varank ve Y\u00d6K Ba\u015fkan\u0131 Prof. Dr. Erol \u00d6zvar\u2019\u0131n elinden ald\u0131.<\/p>\n<p style=\"text-align: justify;\"><img loading=\"lazy\" decoding=\"async\" class=\"size-medium wp-image-5942 alignright\" src=\"http:\/\/www.euegeajans.com\/wp-content\/uploads\/2021\/12\/FGjMUCBWUAEY2if-300x200.jpg\" alt=\"\" width=\"300\" height=\"200\" srcset=\"https:\/\/www.euegeajans.com\/wp-content\/uploads\/2021\/12\/FGjMUCBWUAEY2if-300x200.jpg 300w, https:\/\/www.euegeajans.com\/wp-content\/uploads\/2021\/12\/FGjMUCBWUAEY2if-768x512.jpg 768w, https:\/\/www.euegeajans.com\/wp-content\/uploads\/2021\/12\/FGjMUCBWUAEY2if.jpg 1024w\" sizes=\"auto, (max-width: 300px) 100vw, 300px\" \/>Sanayi ve Teknoloji Bakan\u0131 Mustafa Varank, bilginin ve teknolojinin \u00fcretildi\u011fi, nitelikli insan kayna\u011f\u0131n\u0131n yeti\u015fti\u011fi \u00fcniversitelerin, T\u00fcrkiye&#8217;nin geli\u015fip kalk\u0131nmas\u0131nda hayati bir role sahip oldu\u011funu belirtti. G\u00f6reve geldiklerinden bu yana \u00fcniversitelerin geli\u015fimini h\u0131zland\u0131racak \u00e7ok \u00f6nemli at\u0131l\u0131mlar yapt\u0131klar\u0131n\u0131 ifade eden Varank, Cumhurba\u015fkan\u0131 Recep Tayyip Erdo\u011fan&#8217;\u0131n liderli\u011finde y\u00fcksek \u00f6\u011fretim alan\u0131nda b\u00fcy\u00fck reformlara imza att\u0131klar\u0131n\u0131 s\u00f6yledi. K\u00fcresel rekabetin bug\u00fcn ula\u015ft\u0131\u011f\u0131 noktada, \u00fcniversitelerin artan katk\u0131s\u0131n\u0131n bir beklentiden ziyade bir zorunluluk halini ald\u0131\u011f\u0131na dikkati \u00e7eken Varank, 21. Y\u00fczy\u0131l&#8217;da ekonomilerin \u00e7ok karma\u015f\u0131k sorunlarla s\u0131nand\u0131\u011f\u0131na i\u015faret etti.<\/p>\n<p style=\"text-align: justify;\">Varank, salg\u0131n hastal\u0131klardan iklim de\u011fi\u015fikli\u011fine, enerji ve g\u0131da arz g\u00fcvenli\u011finden dijitalle\u015fmeye kadar bir\u00e7ok alanda b\u00fcy\u00fck sorun ve ihtiya\u00e7lar\u0131n yenilik\u00e7i \u00e7\u00f6z\u00fcmler gerektirdi\u011fini vurgulayarak, \u201c\u0130\u015fte bu noktada, ba\u015fta \u00fcniversiteler olmak \u00fczere t\u00fcm ara\u015ft\u0131rma kurumlar\u0131na toplumun inovasyon ihtiyac\u0131n\u0131 kar\u015f\u0131lamak ad\u0131na \u00f6nemli g\u00f6revler d\u00fc\u015f\u00fcyor. Ancak geleneksel anlay\u0131\u015flar\u0131n bu kompleks sorunlara \u00e7\u00f6z\u00fcm \u00fcretemeyece\u011fi de bir ger\u00e7ek olarak kar\u015f\u0131m\u0131zda. Bu nedenle y\u00fcksek\u00f6\u011fretim sisteminin d\u00fcnya genelinde b\u00fcy\u00fck bir d\u00f6n\u00fc\u015f\u00fcm i\u00e7inde oldu\u011funu g\u00f6zleyebiliyoruz. Art\u0131k \u00fcniversitelerin tek tip teorik e\u011fitimler verilen izole yap\u0131lar olma d\u00f6nemi bitmi\u015ftir. Tam tersine bu kurumlar, belli alanlara odaklanarak \u00e7evrelerindeki ekonomik ve sosyal hayatla daha fazla i\u00e7 i\u00e7e oluyor ve bir\u00e7ok yenili\u011fe \u00f6nc\u00fcl\u00fck ediyor. Hal b\u00f6yle olunca, bizim \u00fcniversitelerimizin de tekd\u00fczelikten uzakla\u015fmas\u0131 ve bir misyon farkl\u0131la\u015fmas\u0131na gitmesi b\u00fcy\u00fck \u00f6nem arz ediyor&#8221; dedi.<\/p>\n<h4 style=\"text-align: justify;\"><strong>Son 5 y\u0131lda \u00fcniversitelerdeki projelere 3 milyar lira destek<\/strong><\/h4>\n<p style=\"text-align: justify;\">Bakan Varank, Milli Teknoloji Hamlesi vizyonunun, yeni d\u00f6nemdeki sanayi ve teknoloji politikalar\u0131n\u0131n yol haritas\u0131n\u0131 olu\u015fturdu\u011funa i\u015faret ederek, \u201cCumhurba\u015fkan\u0131m\u0131z \u00f6nc\u00fcl\u00fc\u011f\u00fcnde olu\u015fturdu\u011fumuz bu vizyonla \u00fclkemizi kritik teknolojilerin pazar\u0131 de\u011fil, \u00fcreticisi konumuna getirmekte kararl\u0131y\u0131z. Y\u00fcksek teknoloji, giri\u015fimcilik ve be\u015feri sermaye bu vizyonu ger\u00e7ekle\u015ftirebilmenin \u015fifreleri. \u00dcniversitelerimiz t\u00fcm bu alanlar\u0131n ana akt\u00f6rlerinden biri\u201d diye konu\u015ftu.<\/p>\n<p style=\"text-align: justify;\">Bakanl\u0131k olarak \u00fcniversitelere ve ara\u015ft\u0131rmac\u0131lara \u00e7ok \u00f6nemli destekler sa\u011flad\u0131klar\u0131n\u0131 vurgulayan Varank, \u201cSon 5 y\u0131lda \u00fcniversitelerimizde y\u00fcr\u00fct\u00fclen 10 binin \u00fczerinde projeye yakla\u015f\u0131k 3 milyar lira destek verdik. Bu desteklerin y\u00fczde 47\u2019si ara\u015ft\u0131rma ve aday ara\u015ft\u0131rma \u00fcniversitelerimize sa\u011fland\u0131\u201d dedi.<\/p>\n<p style=\"text-align: justify;\">Bakan Varank, 19 y\u0131ld\u0131r y\u00fcr\u00fctt\u00fckleri t\u00fcm \u00e7al\u0131\u015fmalar\u0131 veriye dayanan bilimsel temelli bir anlay\u0131\u015fla s\u00fcrd\u00fcrd\u00fcklerini aktararak, \u201c\u00d6n\u00fcm\u00fczdeki d\u00f6nemde de en b\u00fcy\u00fck payda\u015f\u0131m\u0131z olan, bilginin merkezi \u00fcniversitelerimizin geli\u015fimi i\u00e7in yo\u011fun \u00e7aba g\u00f6sterece\u011fiz. Y\u00fcksek\u00f6\u011fretim sistemimizi b\u00f6lgemizin ve d\u00fcnyan\u0131n \u00e7ekim merkezlerinden biri haline getirmek i\u00e7in \u00e7al\u0131\u015faca\u011f\u0131z. Eldeki bilgi birikimini en verimli \u015fekilde ekonomiye aktararak teknolojik geli\u015fimimizi siz de\u011ferli bilim insanlar\u0131n\u0131n ve gen\u00e7lerimizin \u00f6nc\u00fcl\u00fc\u011f\u00fcnde devam ettirece\u011fiz\u201d de\u011ferlendirmesinde bulundu. Varank, Y\u00d6K ile s\u0131k\u0131 bir koordinasyon i\u00e7erisinde \u00e7al\u0131\u015fmalar\u0131n\u0131 s\u00fcrd\u00fcrd\u00fcklerini dile getirerek, \u201c\u00d6n\u00fcm\u00fczdeki d\u00f6nemde Y\u00d6K ile birlikte T\u00fcrkiye&#8217;de iki ana dal olan hem b\u00f6lgesel kalk\u0131nma hem de ara\u015ft\u0131rma \u00fcniversitelerini daha iyi noktalara ta\u015f\u0131mak, bilim insanlar\u0131n\u0131n \u00f6n\u00fcn\u00fc a\u00e7mak, \u00fcniversiteleri daha fazla cazibe merkezi haline getirmek i\u00e7in \u00e7al\u0131\u015fmalar\u0131m\u0131z\u0131 devam ettiriyoruz\u201d dedi.<\/p>\n<p style=\"text-align: justify;\"><img loading=\"lazy\" decoding=\"async\" class=\"size-medium wp-image-5943 alignleft\" src=\"http:\/\/www.euegeajans.com\/wp-content\/uploads\/2021\/12\/FGjMUCGX0As9nXN-300x200.jpg\" alt=\"\" width=\"300\" height=\"200\" srcset=\"https:\/\/www.euegeajans.com\/wp-content\/uploads\/2021\/12\/FGjMUCGX0As9nXN-300x200.jpg 300w, https:\/\/www.euegeajans.com\/wp-content\/uploads\/2021\/12\/FGjMUCGX0As9nXN-768x512.jpg 768w, https:\/\/www.euegeajans.com\/wp-content\/uploads\/2021\/12\/FGjMUCGX0As9nXN.jpg 1024w\" sizes=\"auto, (max-width: 300px) 100vw, 300px\" \/>Y\u00d6K Ba\u015fkan\u0131 Erol \u00d6zvar, Misyon Farkl\u0131la\u015fmas\u0131 ve \u0130htisasla\u015fma Projesini \u201cAra\u015ft\u0131rma \u00dcniversiteleri ve B\u00f6lgesel Kalk\u0131nma Odakl\u0131 \u00dcniversiteler\u201d olmak \u00fczere iki koldan y\u00fcr\u00fctt\u00fcklerini s\u00f6yledi. Y\u00fcksek\u00f6\u011fretim kurumlar\u0131n\u0131n daha \u015feffaf, hesap verebilir ve her d\u00fczeyde daha fazla sorumluluk almalar\u0131 gerekti\u011fini dile getiren Ba\u015fkan \u00d6zvar, program kapsam\u0131nda yer alan \u00fcniversitelerin performanslar\u0131n\u0131n Y\u00d6K b\u00fcnyesinde olu\u015fturulan \u0130zleme ve De\u011ferlendirme Komisyonu taraf\u0131ndan belirlenen kriterler \u00e7er\u00e7evesinde y\u0131ll\u0131k olarak takip edildi\u011fini ifade etti.<\/p>\n<p style=\"text-align: justify;\">Bu y\u0131l Y\u00d6K taraf\u0131ndan Ara\u015ft\u0131rma Odakl\u0131 Misyon Farkl\u0131la\u015fmas\u0131 Program\u0131nda \u00f6nemli de\u011fi\u015fiklikler yap\u0131ld\u0131\u011f\u0131n\u0131 s\u00f6yleyen \u00d6zvar, \u201cBundan sonra Ara\u015ft\u0131rma Odakl\u0131 Misyon Farkl\u0131la\u015fmas\u0131 Program\u0131nda 20 devlet \u00fcniversitesi ile 3 vak\u0131f \u00fcniversitesi yer alacakt\u0131r. Aday Ara\u015ft\u0131rma \u00dcniversitesi stat\u00fcs\u00fc kald\u0131r\u0131larak, program kapsam\u0131nda yer alan t\u00fcm \u00fcniversiteler \u201cAra\u015ft\u0131rma \u00dcniversitesi\u201d olarak adland\u0131r\u0131lacakt\u0131r. Ara\u015ft\u0131rma \u00fcniversiteleri\u00a0performanslar\u0131na g\u00f6re A1, A2 ve A3 olmak \u00fczere 3 performans grubuna ayr\u0131lacakt\u0131r. Ara\u015ft\u0131rma \u00fcniversitelerinin performanslar\u0131 d\u00fczenli olarak Y\u00d6K b\u00fcnyesinde kurulmu\u015f olan \u0130zleme ve De\u011ferlendirme Komisyonu taraf\u0131ndan takip edilecektir. Ara\u015ft\u0131rma \u00fcniversitelerine sa\u011flanmas\u0131 planlanan t\u00fcm destekler yer ald\u0131klar\u0131 performans grubuna g\u00f6re farkl\u0131la\u015ft\u0131r\u0131lacakt\u0131r\u201d dedi.<\/p>\n<p style=\"text-align: justify;\">Konu\u015fmas\u0131n\u0131n sonunda, ara\u015ft\u0131rma \u00fcniversitesi etiketi almaya hak kazanan t\u00fcm \u00fcniversiteleri tebrik eden \u00d6zvar, \u201cSonucun \u00fcniversitelerimiz, y\u00fcksek\u00f6\u011fretim sistemimiz ve \u00fclkemiz i\u00e7in hay\u0131rl\u0131 olmas\u0131n\u0131 diliyorum\u201d dedi.<\/p>\n<h4 style=\"text-align: justify;\"><strong>E\u00dc\u2019den bir ba\u015far\u0131 hik\u00e2yesi daha <\/strong><\/h4>\n<p style=\"text-align: justify;\"><img loading=\"lazy\" decoding=\"async\" class=\"size-medium wp-image-5940 alignright\" src=\"http:\/\/www.euegeajans.com\/wp-content\/uploads\/2021\/12\/Prof.-Dr.-Necdet-Budak-300x200.jpg\" alt=\"\" width=\"300\" height=\"200\" srcset=\"https:\/\/www.euegeajans.com\/wp-content\/uploads\/2021\/12\/Prof.-Dr.-Necdet-Budak-300x200.jpg 300w, https:\/\/www.euegeajans.com\/wp-content\/uploads\/2021\/12\/Prof.-Dr.-Necdet-Budak-1024x683.jpg 1024w, https:\/\/www.euegeajans.com\/wp-content\/uploads\/2021\/12\/Prof.-Dr.-Necdet-Budak-768x512.jpg 768w, https:\/\/www.euegeajans.com\/wp-content\/uploads\/2021\/12\/Prof.-Dr.-Necdet-Budak-1536x1024.jpg 1536w, https:\/\/www.euegeajans.com\/wp-content\/uploads\/2021\/12\/Prof.-Dr.-Necdet-Budak-2048x1365.jpg 2048w\" sizes=\"auto, (max-width: 300px) 100vw, 300px\" \/>Ege \u00dcniversitesi Rekt\u00f6r\u00fc Prof. Dr. Necdet Budak, \u201cB\u00f6lgemizin ilk y\u00fcksek\u00f6\u011fretim kurumu olarak 66 y\u0131l \u00f6nce temelleri at\u0131lan Ege \u00dcniversitesi, k\u00f6kl\u00fc tarihine yak\u0131\u015f\u0131r yeni ba\u015far\u0131 hik\u00e2yeleri yazmay\u0131 s\u00fcrd\u00fcr\u00fcyor. B\u00f6lgemize ve \u00fclkemize hizmet veren \u00f6nc\u00fc akademik birimleri, ulusal ve uluslararas\u0131 indekslerdeki y\u00fckseli\u015fi, d\u00fcnyan\u0131n her k\u00f6\u015fesinde ba\u015far\u0131lar\u0131yla ad\u0131ndan s\u00f6z ettiren mezunlar\u0131, bilime tam bir adanm\u0131\u015fl\u0131kla katk\u0131 sa\u011flayan akademisyenleri ile kuruldu\u011fu ilk g\u00fcnk\u00fc heyecan, gayret ve inan\u00e7la \u00e7al\u0131\u015fmalar\u0131n\u0131 s\u00fcrd\u00fcren Ege \u00dcniversitesi; \u00a0 T\u00fcrkiye i\u00e7in yeni bir misyonu \u00fcstlenmenin hakl\u0131 gururunu ya\u015f\u0131yor. \u00dcniversitemiz, Cumhurba\u015fkan\u0131m\u0131z Say\u0131n Recep Tayyip Erdo\u011fan taraf\u0131ndan Y\u00d6K\u2019\u00fcn \u2018\u0130htisasla\u015fma ve Misyon Farkl\u0131la\u015fmas\u0131 Projesi\u2019 kapsam\u0131nda a\u00e7\u0131klanan Ara\u015ft\u0131rma ve Aday Ara\u015ft\u0131rma \u00dcniversiteleri aras\u0131nda 5 aday ara\u015ft\u0131rma \u00fcniversitesi i\u00e7inde yer alm\u0131\u015ft\u0131. Aday \u00fcniversite stat\u00fcs\u00fcn\u00fc ald\u0131\u011f\u0131m\u0131z g\u00fcnden itibaren en b\u00fcy\u00fck hedefimiz ara\u015ft\u0131rma \u00fcniversiteleri aras\u0131nda yer almak oldu. \u00a0\u00dcniversitemizin hedef ve stratejilerini, misyon ve vizyonunu yeniden olu\u015fturarak bu hedef do\u011frultusunda \u00e7al\u0131\u015fmalar\u0131m\u0131za y\u00f6n verdik. \u00c7al\u0131\u015fmalar\u0131m\u0131z\u0131 bu hedef do\u011frultusunda yo\u011funla\u015ft\u0131rarak Y\u00d6K\u2019\u00fcn koydu\u011fu kriterleri tek tek yerine getirmeye ba\u015flad\u0131k. T\u00dcB\u0130TAK kapsam\u0131nda en \u00e7ok proje yapan \u00fcniversite olduk. B\u00f6l\u00fcmlerimizi ve laboratuvarlar\u0131m\u0131z\u0131 akredite ettik, etmeye devam ediyoruz. Sanayi kurulu\u015flar\u0131 ve di\u011fer kamu kurumlar\u0131 ile i\u015fbirliklerimizi art\u0131rd\u0131k. Uluslararas\u0131 alanda yap\u0131lan s\u0131ralamalarda \u00fclkemizi temsil ederek ad\u0131m\u0131z\u0131 d\u00fcnyaya duyurduk. Ar-Ge ve inovasyon iklimini olu\u015fturarak model ve patent \u00e7al\u0131\u015fmalar\u0131 yapt\u0131k. Politikalar\u0131m\u0131z\u0131 kararl\u0131 bir \u015fekilde uygulay\u0131p \u00f6nemli ba\u015far\u0131lara imza att\u0131k. Kalite ve ara\u015ft\u0131rma politikam\u0131z\u0131 kurumsal bir k\u00fclt\u00fcre d\u00f6n\u00fc\u015ft\u00fcrd\u00fck. S\u00fcrd\u00fcr\u00fclebilir bir ekosistem olu\u015fturduk. Kaliteyi ve yenilik\u00e7ili\u011fi \u00f6nemseyerek; \u015feffaf, kat\u0131l\u0131mc\u0131 ve rekabet\u00e7i y\u00f6netim anlay\u0131\u015f\u0131yla t\u00fcm payda\u015flar\u0131m\u0131zla birlikte hayata ge\u00e7irdi\u011fimiz yo\u011fun \u00e7al\u0131\u015fmalar\u0131n ba\u015far\u0131l\u0131 sonu\u00e7lar\u0131n\u0131 da bir bir al\u0131yoruz. T\u00fcrkiye\u2019de bir ilki ba\u015fararak Y\u00d6KAK\u2019tan be\u015f y\u0131ll\u0131k tam kurumsal akreditasyon almam\u0131z\u0131n ard\u0131ndan \u015fimdi de Y\u00d6K taraf\u0131ndan belirlenen \u00fclkemizin 20 ara\u015ft\u0131rma \u00fcniversitesi aras\u0131nda 11\u2019inci s\u0131rada yer ald\u0131\u201d diye konu\u015ftu.<\/p>\n<h4 style=\"text-align: justify;\"><strong>\u201c\u00dclkemizin hedefleri do\u011frultusunda \u00e7al\u0131\u015fmalar\u0131m\u0131z\u0131 s\u00fcrd\u00fcrece\u011fiz\u201d<\/strong><\/h4>\n<p style=\"text-align: justify;\"><img loading=\"lazy\" decoding=\"async\" class=\"size-medium wp-image-5936 alignleft\" src=\"http:\/\/www.euegeajans.com\/wp-content\/uploads\/2021\/12\/Ege-Universitesi-Arastirma-Universitesi-oldu-1-214x300.jpg\" alt=\"\" width=\"214\" height=\"300\" srcset=\"https:\/\/www.euegeajans.com\/wp-content\/uploads\/2021\/12\/Ege-Universitesi-Arastirma-Universitesi-oldu-1-214x300.jpg 214w, https:\/\/www.euegeajans.com\/wp-content\/uploads\/2021\/12\/Ege-Universitesi-Arastirma-Universitesi-oldu-1-729x1024.jpg 729w, https:\/\/www.euegeajans.com\/wp-content\/uploads\/2021\/12\/Ege-Universitesi-Arastirma-Universitesi-oldu-1-768x1079.jpg 768w, https:\/\/www.euegeajans.com\/wp-content\/uploads\/2021\/12\/Ege-Universitesi-Arastirma-Universitesi-oldu-1-1093x1536.jpg 1093w, https:\/\/www.euegeajans.com\/wp-content\/uploads\/2021\/12\/Ege-Universitesi-Arastirma-Universitesi-oldu-1-1024x1438.jpg 1024w, https:\/\/www.euegeajans.com\/wp-content\/uploads\/2021\/12\/Ege-Universitesi-Arastirma-Universitesi-oldu-1.jpg 1139w\" sizes=\"auto, (max-width: 214px) 100vw, 214px\" \/>Ara\u015ft\u0131rma \u00dcniversiteleri Projesinin ama\u00e7lar\u0131ndan bahseden Rekt\u00f6r Budak, \u201c\u00dclkemizin ilk \u00fcniversitelerinden biri olarak, bug\u00fcn ulusal ve uluslararas\u0131 arenada ad\u0131ndan ba\u015far\u0131larla s\u00f6z ettiren g\u00fc\u00e7l\u00fc ve k\u00f6kl\u00fc bir \u00fcniversite olman\u0131n hakl\u0131 k\u0131vanc\u0131n\u0131 ya\u015f\u0131yoruz.\u00a0 \u015eunu belirtmek isterim ki bu ba\u015far\u0131 bizlere, mensuplar\u0131m\u0131za ayr\u0131 bir sorumluluk ve g\u00f6rev y\u00fckl\u00fcyor. Bu g\u00f6revi de en iyi \u015fekilde ba\u015far\u0131 ile yerine getirece\u011fimizden hi\u00e7bir \u015f\u00fcphem yok. Ara\u015ft\u0131rma \u00dcniversiteleri Projesi, \u00fclkemizin ihtiya\u00e7 ve hedefleri do\u011frultusunda \u00fcniversitelerin belirli alanlarda ara\u015ft\u0131rma odakl\u0131 uzmanla\u015fmalar\u0131n\u0131 hedefliyor. Ege \u00dcniversitesi olarak bu hedef do\u011frultusunda \u00fcniversitemizin bilimsel \u00e7al\u0131\u015fmalar\u0131n\u0131 daha nitelikli hale getirip daha ileri noktalara ta\u015f\u0131yaca\u011f\u0131z. \u00dclkemizin \u00f6ncelikli alanlar\u0131 ve hedefleri kapsam\u0131nda daha \u00e7ok nitelikli bilgi \u00fcretece\u011fiz, ara\u015ft\u0131rma yetkinli\u011fi y\u00fcksek doktoral\u0131 insan kayna\u011f\u0131 yeti\u015ftirece\u011fiz, multidisipliner bir anlay\u0131\u015fla ulusal ve uluslararas\u0131 i\u015f birliklerimizi art\u0131raca\u011f\u0131z, uluslararas\u0131 derecelendirme sistemlerinde g\u00f6r\u00fcn\u00fcrl\u00fc\u011f\u00fcm\u00fcz\u00fc ve bilinirli\u011fimizi art\u0131raca\u011f\u0131z. T\u00fcrkiye\u2019nin, d\u00fcnyan\u0131n ilk 10 ekonomisi aras\u0131nda yer almas\u0131 i\u00e7in yerli ve milli teknoloji hamlesine daha \u00e7ok katk\u0131 sunaca\u011f\u0131z. \u00dcniversitemizi, \u00fclkemizin ve d\u00fcnyan\u0131n en \u00f6nemli bilim \u00fcretim markas\u0131 haline getirene kadar gece g\u00fcnd\u00fcz demeden \u00e7al\u0131\u015fmalar\u0131m\u0131z\u0131 aral\u0131ks\u0131z s\u00fcrd\u00fcrece\u011fiz. Bu vesileyle desteklerini bizlerden esirgemeyen Cumhurba\u015fkan\u0131m\u0131z Say\u0131n Recep Tayyip Erdo\u011fan\u2019a, Sanayi ve Teknoloji Bakan\u0131m\u0131z Mustafa Varank\u2019a ve Y\u00d6K Ba\u015fkan\u0131m\u0131z Say\u0131n Prof. Dr. Erol \u00d6zvar Hocam\u0131za bir kez daha te\u015fekk\u00fcr ediyorum. \u00dcniversitemizin bu tarihi ba\u015far\u0131s\u0131na katk\u0131 sa\u011flayan t\u00fcm mensuplar\u0131m\u0131z\u0131 tebrik ediyor, \u015f\u00fckranlar\u0131m\u0131 sunuyorum\u201d dedi.<\/p>\n<p style=\"text-align: justify;\">A\u00e7\u0131l\u0131\u015f konu\u015fmalar\u0131n\u0131n ard\u0131ndan Ara\u015ft\u0131rma \u00dcniversitelerinin rekt\u00f6rlerine program beratlar\u0131 Bakan Varank ve Y\u00d6K Ba\u015fkan\u0131 \u00d6zvar taraf\u0131ndan takdim edildi.<\/p>\n<p style=\"text-align: justify;\">Toplant\u0131n\u0131n \u00f6\u011fleden sonraki b\u00f6l\u00fcm\u00fcnde Y\u00d6K Ba\u015fkan\u0131 \u00d6zvar\u2019\u0131n ba\u015fkanl\u0131\u011f\u0131nda programdaki \u00fcniversite rekt\u00f6rleriyle birlikte program kapsam\u0131nda genel de\u011ferlendirmelerin yap\u0131ld\u0131\u011f\u0131 toplant\u0131 ger\u00e7ekle\u015ftirildi.<\/p>\n","protected":false},"excerpt":{"rendered":"<p>E\u00dc Ara\u015ft\u0131rma \u00dcniversitesi oldu T\u00fcrk y\u00fcksek\u00f6\u011fretiminin s\u00fcper ligine y\u00fckseldi T\u00fcrkiye\u2019nin y\u00fcksek\u00f6\u011fretimdeki sayg\u0131n markas\u0131 Ege \u00dcniversitesi,&#8230;<\/p>\n","protected":false},"author":2,"featured_media":5935,"comment_status":"open","ping_status":"open","sticky":false,"template":"","format":"standard","meta":{"footnotes":""},"categories":[1,70],"tags":[],"class_list":["post-5934","post","type-post","status-publish","format-standard","has-post-thumbnail","hentry","category-gncl","category-kampus"],"featured_image_urls":{"full":["https:\/\/www.euegeajans.com\/wp-content\/uploads\/2021\/12\/Ege-Universitesi-Arastirma-Universitesi-oldu-3.jpg",1500,1000,false],"thumbnail":["https:\/\/www.euegeajans.com\/wp-content\/uploads\/2021\/12\/Ege-Universitesi-Arastirma-Universitesi-oldu-3-150x150.jpg",150,150,true],"medium":["https:\/\/www.euegeajans.com\/wp-content\/uploads\/2021\/12\/Ege-Universitesi-Arastirma-Universitesi-oldu-3-300x200.jpg",300,200,true],"medium_large":["https:\/\/www.euegeajans.com\/wp-content\/uploads\/2021\/12\/Ege-Universitesi-Arastirma-Universitesi-oldu-3-768x512.jpg",640,427,true],"large":["https:\/\/www.euegeajans.com\/wp-content\/uploads\/2021\/12\/Ege-Universitesi-Arastirma-Universitesi-oldu-3-1024x683.jpg",640,427,true],"1536x1536":["https:\/\/www.euegeajans.com\/wp-content\/uploads\/2021\/12\/Ege-Universitesi-Arastirma-Universitesi-oldu-3.jpg",1500,1000,false],"2048x2048":["https:\/\/www.euegeajans.com\/wp-content\/uploads\/2021\/12\/Ege-Universitesi-Arastirma-Universitesi-oldu-3.jpg",1500,1000,false],"newsphere-slider-full":["https:\/\/www.euegeajans.com\/wp-content\/uploads\/2021\/12\/Ege-Universitesi-Arastirma-Universitesi-oldu-3-1280x720.jpg",1280,720,true],"newsphere-featured":["https:\/\/www.euegeajans.com\/wp-content\/uploads\/2021\/12\/Ege-Universitesi-Arastirma-Universitesi-oldu-3-1024x683.jpg",1024,683,true],"newsphere-medium":["https:\/\/www.euegeajans.com\/wp-content\/uploads\/2021\/12\/Ege-Universitesi-Arastirma-Universitesi-oldu-3-720x380.jpg",720,380,true]},"author_info":{"display_name":"Editor","author_link":"https:\/\/www.euegeajans.com\/index.php\/author\/editor\/"},"category_info":"<a href=\"https:\/\/www.euegeajans.com\/index.php\/category\/gncl\/\" rel=\"category tag\">G\u00fcncel<\/a> <a href=\"https:\/\/www.euegeajans.com\/index.php\/category\/kampus\/\" rel=\"category tag\">Kamp\u00fcs<\/a>","tag_info":"Kamp\u00fcs","comment_count":"0","_links":{"self":[{"href":"https:\/\/www.euegeajans.com\/index.php\/wp-json\/wp\/v2\/posts\/5934","targetHints":{"allow":["GET"]}}],"collection":[{"href":"https:\/\/www.euegeajans.com\/index.php\/wp-json\/wp\/v2\/posts"}],"about":[{"href":"https:\/\/www.euegeajans.com\/index.php\/wp-json\/wp\/v2\/types\/post"}],"author":[{"embeddable":true,"href":"https:\/\/www.euegeajans.com\/index.php\/wp-json\/wp\/v2\/users\/2"}],"replies":[{"embeddable":true,"href":"https:\/\/www.euegeajans.com\/index.php\/wp-json\/wp\/v2\/comments?post=5934"}],"version-history":[{"count":7,"href":"https:\/\/www.euegeajans.com\/index.php\/wp-json\/wp\/v2\/posts\/5934\/revisions"}],"predecessor-version":[{"id":5951,"href":"https:\/\/www.euegeajans.com\/index.php\/wp-json\/wp\/v2\/posts\/5934\/revisions\/5951"}],"wp:featuredmedia":[{"embeddable":true,"href":"https:\/\/www.euegeajans.com\/index.php\/wp-json\/wp\/v2\/media\/5935"}],"wp:attachment":[{"href":"https:\/\/www.euegeajans.com\/index.php\/wp-json\/wp\/v2\/media?parent=5934"}],"wp:term":[{"taxonomy":"category","embeddable":true,"href":"https:\/\/www.euegeajans.com\/index.php\/wp-json\/wp\/v2\/categories?post=5934"},{"taxonomy":"post_tag","embeddable":true,"href":"https:\/\/www.euegeajans.com\/index.php\/wp-json\/wp\/v2\/tags?post=5934"}],"curies":[{"name":"wp","href":"https:\/\/api.w.org\/{rel}","templated":true}]}}