{"id":5897,"date":"2021-12-10T04:47:00","date_gmt":"2021-12-10T04:47:00","guid":{"rendered":"https:\/\/www.euegeajans.com\/?p=5897"},"modified":"2021-12-10T07:52:21","modified_gmt":"2021-12-10T07:52:21","slug":"sadrazam-sait-halim-pasa-olumunun-100uncu-yilinda-egede-anildi","status":"publish","type":"post","link":"https:\/\/www.euegeajans.com\/index.php\/2021\/12\/10\/sadrazam-sait-halim-pasa-olumunun-100uncu-yilinda-egede-anildi\/","title":{"rendered":"Sadrazam Sait Halim Pa\u015fa \u00f6l\u00fcm\u00fcn\u00fcn 100\u2019\u00fcnc\u00fc y\u0131l\u0131nda Ege\u2019de an\u0131ld\u0131"},"content":{"rendered":"<p style=\"text-align: justify;\"><img loading=\"lazy\" decoding=\"async\" class=\"size-medium wp-image-5900 alignleft\" src=\"http:\/\/www.euegeajans.com\/wp-content\/uploads\/2021\/12\/EGE-ERMENI-SUIKASTI-KONFERANSI-6-300x199.jpg\" alt=\"\" width=\"300\" height=\"199\" srcset=\"https:\/\/www.euegeajans.com\/wp-content\/uploads\/2021\/12\/EGE-ERMENI-SUIKASTI-KONFERANSI-6-300x199.jpg 300w, https:\/\/www.euegeajans.com\/wp-content\/uploads\/2021\/12\/EGE-ERMENI-SUIKASTI-KONFERANSI-6-1024x678.jpg 1024w, https:\/\/www.euegeajans.com\/wp-content\/uploads\/2021\/12\/EGE-ERMENI-SUIKASTI-KONFERANSI-6-768x508.jpg 768w, https:\/\/www.euegeajans.com\/wp-content\/uploads\/2021\/12\/EGE-ERMENI-SUIKASTI-KONFERANSI-6-1536x1017.jpg 1536w, https:\/\/www.euegeajans.com\/wp-content\/uploads\/2021\/12\/EGE-ERMENI-SUIKASTI-KONFERANSI-6.jpg 1600w\" sizes=\"auto, (max-width: 300px) 100vw, 300px\" \/>E\u00dc Edebiyat Fak\u00fcltesinde \u00a0\u201cSait Halim Pa\u015faya Ermeni Suikasti&#8221; Konferans\u0131<\/p>\n<p style=\"text-align: justify;\"><b>\u00a0<\/b><b>Sadrazam Sait Halim Pa\u015fa \u00f6l\u00fcm\u00fcn\u00fcn 100\u2019\u00fcnc\u00fc y\u0131l\u0131nda Ege\u2019de an\u0131ld\u0131<\/b><\/p>\n<p style=\"text-align: justify;\">R\u00fcya Alt\u0131k\u0131zlar &#8211; \u015eule Akta\u015f &#8211; Simge Ar\u0131can<\/p>\n<p style=\"text-align: justify;\">Sadrazam Said Halim Pa\u015fa, katledili\u015finin 100. y\u0131l\u0131nda Ege \u00dcniversitesi Edebiyat Fak\u00fcltesi taraf\u0131ndan d\u00fczenlenen konferansla an\u0131ld\u0131. Ege \u00dcniversitesi (E\u00dc) Edebiyat Fak\u00fcltesi taraf\u0131ndan \u00a0&#8220;Sait Halim Pa\u015faya Ermeni Suikasti&#8221; konulu konferans d\u00fczenlendi. Edebiyat Fak\u00fcltesi Dekan\u0131 Prof. Dr. Yusuf Ay\u00f6n\u00fc\u2019n\u00fcn yan\u0131 s\u0131ra akademisyenler ve \u00f6\u011frencilerin kat\u0131ld\u0131\u011f\u0131 konferans\u0131 E\u00dc Edebiyat Fak\u00fcltesi Tarih B\u00f6l\u00fcm\u00fc Anabilim Dal\u0131 Ba\u015fkan\u0131 Prof. Dr. Mevl\u00fct \u00c7elebi verdi.<\/p>\n<p style=\"text-align: justify;\">Konu\u015fmas\u0131na ermeni ter\u00f6r\u00fc ma\u011fdurlar\u0131n\u0131 anarak ba\u015flayan Prof. Dr. \u00c7elebi, &#8220;Ermeni ter\u00f6r furyas\u0131n\u0131n ma\u011fdurlar\u0131ndan olan Sait Halim Pa\u015fa&#8217;n\u0131n ter\u00f6rist Ar\u015favir \u015e\u0131rac\u0131yan taraf\u0131ndan Roma&#8217;da \u015fehit edili\u015finin 100. y\u0131l\u0131nda sadece Sait Halim Pa\u015fa&#8217;y\u0131 de\u011fil, onun nezdinde Ermeni ter\u00f6r\u00fcne maruz kalm\u0131\u015f t\u00fcm \u015fehitlerimizi an\u0131yoruz. Kavalal\u0131 Mehmet Ali Pa\u015fa&#8217;n\u0131n torunu olan Sait Halim, 1865 y\u0131l\u0131nda Kahire&#8217;de do\u011fdu. \u0130svi\u00e7re&#8217;de siyasi ilimler okudu ve o d\u00f6nemde II. Abd\u00fclhamid taraf\u0131ndan kendisine pa\u015fal\u0131k unvan\u0131 verildi. \u0130ttihat\u00e7\u0131lar ile yak\u0131n ili\u015fkiler kurarak onlara finans deste\u011fi sa\u011flayan Sait Halim Pa\u015fa, ikinci me\u015frutiyetten sonra siyasete at\u0131l\u0131p 1913 &#8211; 1917 y\u0131llar\u0131 aras\u0131nda sadrazaml\u0131k g\u00f6revini \u00fcstlendi. \u015eahsen bakt\u0131\u011f\u0131mda Sait Halim Pa\u015fay\u0131 siyaset\u00e7i olarak g\u00f6remiyorum. Kendisi, musiki\u015finas, tenis turnuvalar\u0131 d\u00fczenleyen, sanatla u\u011fra\u015fan ve ayn\u0131 zamanda \u0130slami d\u00fc\u015f\u00fcncenin \u00f6nemli temsilcilerinden biriydi. Sadrazaml\u0131ktan ayr\u0131ld\u0131ktan sonra da bu i\u015flerle u\u011fra\u015ft\u0131&#8221; diye konu\u015ftu.<\/p>\n<p style=\"text-align: justify;\"><img loading=\"lazy\" decoding=\"async\" class=\"size-medium wp-image-5899 alignright\" src=\"http:\/\/www.euegeajans.com\/wp-content\/uploads\/2021\/12\/EGE-Sait-Halim-Pasaya-Ermeni-Suikasti-konferansi-27-300x200.jpg\" alt=\"\" width=\"300\" height=\"200\" srcset=\"https:\/\/www.euegeajans.com\/wp-content\/uploads\/2021\/12\/EGE-Sait-Halim-Pasaya-Ermeni-Suikasti-konferansi-27-300x200.jpg 300w, https:\/\/www.euegeajans.com\/wp-content\/uploads\/2021\/12\/EGE-Sait-Halim-Pasaya-Ermeni-Suikasti-konferansi-27-1024x683.jpg 1024w, https:\/\/www.euegeajans.com\/wp-content\/uploads\/2021\/12\/EGE-Sait-Halim-Pasaya-Ermeni-Suikasti-konferansi-27-768x512.jpg 768w, https:\/\/www.euegeajans.com\/wp-content\/uploads\/2021\/12\/EGE-Sait-Halim-Pasaya-Ermeni-Suikasti-konferansi-27.jpg 1500w\" sizes=\"auto, (max-width: 300px) 100vw, 300px\" \/>Sait Halim Pa\u015fa\u2019n\u0131n Birinci D\u00fcnya Sava\u015f\u0131ndaki Ermeni k\u0131r\u0131m\u0131nda g\u00f6rev almas\u0131 nedeniyle 10 Mart 1919 y\u0131l\u0131nda tutukland\u0131\u011f\u0131n\u0131 ifade eden Prof. Dr. \u00c7elebi, &#8220;Tutukluluk s\u00fcresinin ard\u0131ndan 1919 &#8211; 1921 y\u0131llar\u0131 aras\u0131nda Malta&#8217;ya s\u00fcr\u00fcld\u00fc. Nisan 1921&#8217;den sonra serbest b\u0131rak\u0131lan Sait Halim Pa\u015fa\u2019n\u0131n baz\u0131 kaynaklarda \u0130ngilizler taraf\u0131ndan \u0130stanbul&#8217;a gelmesi engellendi\u011fi i\u00e7in \u0130talya&#8217;ya gitti\u011fi yaz\u0131l\u0131d\u0131r. \u00a0Ancak fikrimce, siyasetten uzak kalmak ve sakin, huzurlu bir emeklilik hayat\u0131 ya\u015famak i\u00e7in \u0130talya&#8217;ya gitmi\u015ftir&#8221; dedi.<\/p>\n<p style=\"text-align: justify;\">Sait Halim Pa\u015fa&#8217;n\u0131n \u00f6ld\u00fcr\u00fclme s\u00fcrecini anlatan Prof. Dr. \u00c7elebi, \u201cSuikast g\u00f6revi Ar\u015favir \u015e\u0131rac\u0131yan&#8217;a verildi. \u015e\u0131rac\u0131yan, hasta oldu\u011fu bahanesiyle T\u00fcrkiye&#8217;den ayr\u0131l\u0131p Sait Halim Pa\u015fa&#8217;n\u0131n izini s\u00fcrmeye ba\u015flad\u0131 ve Temmuz &#8211; Aral\u0131k aylar\u0131 boyunca suikast\u0131 ger\u00e7ekle\u015ftirmek i\u00e7in uygun pozisyon arad\u0131. \u015e\u0131rac\u0131yan, \u00a06 Aral\u0131k 1921tarihinde \u0130talya&#8217;n\u0131n Roma kentinde at arabas\u0131yla yolculuk ederken Sadrazam\u0131n kar\u015f\u0131s\u0131na \u00e7\u0131karak atlar\u0131 durdurdu. Pa\u015fan\u0131n bulundu\u011fu araban\u0131n yan\u0131na gelerek Said Halim Pa\u015fa&#8217;y\u0131 sa\u011f \u015faka\u011f\u0131ndan vurarak katletti ve amac\u0131na ula\u015ft\u0131\u201d diye konu\u015ftu.<\/p>\n<p style=\"text-align: justify;\">Konu\u015fmas\u0131n\u0131n ard\u0131ndan Prof. Dr. Mevl\u00fct \u00c7elebi, kat\u0131l\u0131mc\u0131lar taraf\u0131ndan kendisine y\u00f6neltilen sorular\u0131 yan\u0131tlad\u0131.<\/p>\n<div id='gallery-1' class='gallery galleryid-5897 gallery-columns-2 gallery-size-medium'><figure class='gallery-item'>\n\t\t\t<div class='gallery-icon landscape'>\n\t\t\t\t<a href='https:\/\/www.euegeajans.com\/wp-content\/uploads\/2021\/12\/EGE-ERMENI-SUIKASTI-KONFERANSI-2.jpg'><img loading=\"lazy\" decoding=\"async\" width=\"300\" height=\"199\" src=\"https:\/\/www.euegeajans.com\/wp-content\/uploads\/2021\/12\/EGE-ERMENI-SUIKASTI-KONFERANSI-2-300x199.jpg\" class=\"attachment-medium size-medium\" alt=\"\" srcset=\"https:\/\/www.euegeajans.com\/wp-content\/uploads\/2021\/12\/EGE-ERMENI-SUIKASTI-KONFERANSI-2-300x199.jpg 300w, https:\/\/www.euegeajans.com\/wp-content\/uploads\/2021\/12\/EGE-ERMENI-SUIKASTI-KONFERANSI-2-1024x678.jpg 1024w, https:\/\/www.euegeajans.com\/wp-content\/uploads\/2021\/12\/EGE-ERMENI-SUIKASTI-KONFERANSI-2-768x508.jpg 768w, https:\/\/www.euegeajans.com\/wp-content\/uploads\/2021\/12\/EGE-ERMENI-SUIKASTI-KONFERANSI-2-1536x1017.jpg 1536w, https:\/\/www.euegeajans.com\/wp-content\/uploads\/2021\/12\/EGE-ERMENI-SUIKASTI-KONFERANSI-2.jpg 1600w\" sizes=\"auto, (max-width: 300px) 100vw, 300px\" \/><\/a>\n\t\t\t<\/div><\/figure><figure class='gallery-item'>\n\t\t\t<div class='gallery-icon landscape'>\n\t\t\t\t<a href='https:\/\/www.euegeajans.com\/wp-content\/uploads\/2021\/12\/EGE-Sait-Halim-Pasaya-Ermeni-Suikasti-konferansi-14.jpg'><img loading=\"lazy\" decoding=\"async\" width=\"300\" height=\"200\" src=\"https:\/\/www.euegeajans.com\/wp-content\/uploads\/2021\/12\/EGE-Sait-Halim-Pasaya-Ermeni-Suikasti-konferansi-14-300x200.jpg\" class=\"attachment-medium size-medium\" alt=\"\" srcset=\"https:\/\/www.euegeajans.com\/wp-content\/uploads\/2021\/12\/EGE-Sait-Halim-Pasaya-Ermeni-Suikasti-konferansi-14-300x200.jpg 300w, https:\/\/www.euegeajans.com\/wp-content\/uploads\/2021\/12\/EGE-Sait-Halim-Pasaya-Ermeni-Suikasti-konferansi-14-1024x683.jpg 1024w, https:\/\/www.euegeajans.com\/wp-content\/uploads\/2021\/12\/EGE-Sait-Halim-Pasaya-Ermeni-Suikasti-konferansi-14-768x512.jpg 768w, https:\/\/www.euegeajans.com\/wp-content\/uploads\/2021\/12\/EGE-Sait-Halim-Pasaya-Ermeni-Suikasti-konferansi-14.jpg 1500w\" sizes=\"auto, (max-width: 300px) 100vw, 300px\" \/><\/a>\n\t\t\t<\/div><\/figure>\n\t\t<\/div>\n\n","protected":false},"excerpt":{"rendered":"<p>E\u00dc Edebiyat Fak\u00fcltesinde \u00a0\u201cSait Halim Pa\u015faya Ermeni Suikasti&#8221; Konferans\u0131 \u00a0Sadrazam Sait Halim Pa\u015fa \u00f6l\u00fcm\u00fcn\u00fcn 100\u2019\u00fcnc\u00fc y\u0131l\u0131nda Ege\u2019de an\u0131ld\u0131 R\u00fcya Alt\u0131k\u0131zlar &#8211; \u015eule Akta\u015f &#8211; Simge Ar\u0131can Sadrazam Said Halim Pa\u015fa,&hellip;<\/p>\n","protected":false},"author":2,"featured_media":5898,"comment_status":"open","ping_status":"open","sticky":false,"template":"","format":"standard","meta":{"footnotes":""},"categories":[1],"tags":[],"class_list":["post-5897","post","type-post","status-publish","format-standard","has-post-thumbnail","hentry","category-gncl"],"_links":{"self":[{"href":"https:\/\/www.euegeajans.com\/index.php\/wp-json\/wp\/v2\/posts\/5897","targetHints":{"allow":["GET"]}}],"collection":[{"href":"https:\/\/www.euegeajans.com\/index.php\/wp-json\/wp\/v2\/posts"}],"about":[{"href":"https:\/\/www.euegeajans.com\/index.php\/wp-json\/wp\/v2\/types\/post"}],"author":[{"embeddable":true,"href":"https:\/\/www.euegeajans.com\/index.php\/wp-json\/wp\/v2\/users\/2"}],"replies":[{"embeddable":true,"href":"https:\/\/www.euegeajans.com\/index.php\/wp-json\/wp\/v2\/comments?post=5897"}],"version-history":[{"count":1,"href":"https:\/\/www.euegeajans.com\/index.php\/wp-json\/wp\/v2\/posts\/5897\/revisions"}],"predecessor-version":[{"id":5903,"href":"https:\/\/www.euegeajans.com\/index.php\/wp-json\/wp\/v2\/posts\/5897\/revisions\/5903"}],"wp:featuredmedia":[{"embeddable":true,"href":"https:\/\/www.euegeajans.com\/index.php\/wp-json\/wp\/v2\/media\/5898"}],"wp:attachment":[{"href":"https:\/\/www.euegeajans.com\/index.php\/wp-json\/wp\/v2\/media?parent=5897"}],"wp:term":[{"taxonomy":"category","embeddable":true,"href":"https:\/\/www.euegeajans.com\/index.php\/wp-json\/wp\/v2\/categories?post=5897"},{"taxonomy":"post_tag","embeddable":true,"href":"https:\/\/www.euegeajans.com\/index.php\/wp-json\/wp\/v2\/tags?post=5897"}],"curies":[{"name":"wp","href":"https:\/\/api.w.org\/{rel}","templated":true}]}}