{"id":5772,"date":"2021-11-30T04:17:00","date_gmt":"2021-11-30T04:17:00","guid":{"rendered":"https:\/\/www.euegeajans.com\/?p=5772"},"modified":"2021-11-30T07:22:49","modified_gmt":"2021-11-30T07:22:49","slug":"doc-dr-yildirim-turkiye-cancicekleri-icin-gen-merkezi-konumunda","status":"publish","type":"post","link":"https:\/\/www.euegeajans.com\/index.php\/2021\/11\/30\/doc-dr-yildirim-turkiye-cancicekleri-icin-gen-merkezi-konumunda\/","title":{"rendered":"Do\u00e7. Dr. Y\u0131ld\u0131r\u0131m \u201cT\u00fcrkiye,  \u00c7an\u00e7i\u00e7ekleri i\u00e7in gen merkezi konumunda"},"content":{"rendered":"<p style=\"text-align: justify;\"><img loading=\"lazy\" decoding=\"async\" class=\"size-medium wp-image-5774 alignleft\" src=\"http:\/\/www.euegeajans.com\/wp-content\/uploads\/2021\/11\/Clipboard02-3-300x211.jpg\" alt=\"\" width=\"300\" height=\"211\" \/>M\u00d6TBE\u2019de \u201cT\u00fcrkiye\u2019nin Endemik ve Nadir \u00c7an\u00e7i\u00e7ekleri Foto\u011fraf Sergisi\u201d<\/p>\n<p style=\"text-align: justify;\"><b>Do\u00e7. Dr. Y\u0131ld\u0131r\u0131m \u201cT\u00fcrkiye, \u00a0\u00c7an\u00e7i\u00e7ekleri i\u00e7in gen merkezi konumunda\u201d<\/b><\/p>\n<p style=\"text-align: justify;\">Zeynel Yap\u0131c\u0131-Meral Bol-O\u011fuzhan Bozkurt<\/p>\n<p style=\"text-align: justify;\">Ege \u00dcniversitesi Botanik Bah\u00e7esi ve Herbaryum Ara\u015ft\u0131rma ve Uygulama Merkezi taraf\u0131ndan haz\u0131rlanan \u201cT\u00fcrkiye\u2019nin Endemik ve Nadir \u00c7an\u00e7i\u00e7ekleri\u201d foto\u011fraf sergisi sanatseverlerle bulu\u015ftu. E\u00dc Prof. Dr. Yusuf Vardar M\u00d6TBE K\u00fclt\u00fcr Merkezi\u2019nde a\u00e7\u0131l\u0131\u015f\u0131 ger\u00e7ekle\u015ftirilen sergiye E\u00dc Fen Fak\u00fcltesi Dekan\u0131 Prof. Dr. \u0130hsan Ya\u015fa, E\u00dc Botanik Bah\u00e7esi ve Herbaryum Ara\u015ft\u0131rma ve Uygulama Merkezi M\u00fcd\u00fcr\u00fc \u00a0 Prof. Dr. Aykut G\u00fcvensen, E\u00dc Fen Fak\u00fcltesi Biyoloji B\u00f6l\u00fcm\u00fc \u00f6\u011fretim \u00fcyesi Do\u00e7. Dr. Hasan Y\u0131ld\u0131r\u0131m, akademisyenler ve \u00f6\u011frenciler kat\u0131ld\u0131. Sergide, T\u00fcrkiye\u2019de yay\u0131l\u0131\u015f g\u00f6steren \u2018Campanula\u2019 cinsindeki \u00c7an\u00e7i\u00e7ekleri tan\u0131t\u0131ld\u0131.<\/p>\n<p style=\"text-align: justify;\">\u00c7an\u00e7i\u00e7eklerinin T\u00fcrkiye\u2019de daha fazla yay\u0131l\u0131\u015f g\u00f6sterdi\u011finin alt\u0131n\u0131 \u00e7izen Prof. Dr. Aykut G\u00fcvensen \u201cSergide, T\u00fcrkiye\u2019nin toplam 65 ilinde yap\u0131lan ara\u015ft\u0131rmada bir\u00e7ok bitki t\u00fcr\u00fc topland\u0131, hatta yeni t\u00fcrler ke\u015ffedildi. Bu nedenle 2014-2018 y\u0131llar\u0131 aras\u0131nda yap\u0131lan T\u00dcB\u0130TAK 1001 projesi kapsam\u0131nda bir\u00e7ok ara\u015ft\u0131rmaya kat\u0131lan, \u00e7ok de\u011fi\u015fik habitatlarda \u00f6rnekler toplayan, ekolojisini ara\u015ft\u0131ran ve foto\u011fraflayan Do\u00e7. Dr. Hasan Y\u0131ld\u0131r\u0131m\u2019a bu de\u011ferli \u00e7al\u0131\u015fmalar\u0131ndan \u00f6t\u00fcr\u00fc \u00e7ok te\u015fekk\u00fcr ediyorum\u201d dedi. T\u00fcrkiye\u2019nin biyolojik \u00e7e\u015fitlili\u011finin, di\u011fer co\u011frafyalara g\u00f6re \u00e7ok daha fazla oldu\u011funu vurgulayan Prof. Dr. G\u00fcvensen \u201c\u00dclkemiz kendisinden 15 kat daha b\u00fcy\u00fck bir alana sahip olan Avrupa k\u0131tas\u0131ndan bile neredeyse daha fazla bitki t\u00fcr\u00fcne sahip. Biz bu biyo\u00e7e\u015fitlili\u011fin yans\u0131mlar\u0131n\u0131 bu sergide ortaya koymaya \u00e7al\u0131\u015fm\u0131\u015f olduk\u201d dedi.<\/p>\n<p style=\"text-align: justify;\"><b>\u201cDo\u011fudan bat\u0131ya uzanan botanik zenginlik\u201d<\/b><\/p>\n<p style=\"text-align: justify;\">Serginin 2014-2018 y\u0131llar\u0131 aras\u0131nda ger\u00e7ekle\u015ftirilen bir ara\u015ft\u0131rma ve \u00e7al\u0131\u015fma s\u00fcrecinin \u00fcr\u00fcn\u00fc oldu\u011funu belirten Do\u00e7. Dr. Hasan Y\u0131ld\u0131r\u0131m, \u00a0\u201cBu sergide do\u011fudan bat\u0131ya, 65 ilde yap\u0131lan bir \u00e7al\u0131\u015fma sonucunda elde etti\u011fimiz, sadece T\u00fcrkiye\u2019de bulunan ve g\u00f6rsel g\u00fczellikleriyle \u00f6n planda olan yakla\u015f\u0131k 55 endemik t\u00fcr\u00fcm\u00fcz\u00fc tan\u0131tma f\u0131rsat\u0131 bulduk\u201d diye konu\u015ftu. Prof. Dr. Y\u0131ld\u0131r\u0131m T\u00fcrkiye\u2019nin \u00c7an\u00e7i\u00e7ekleri i\u00e7in gen merkezi konumunda oldu\u011funu belirterek, d\u00fcnya \u00e7ap\u0131ndaki yakla\u015f\u0131k 420 t\u00fcr\u00fcn, 120\u2019den fazlas\u0131n\u0131n T\u00fcrkiye\u2019de bulundu\u011funu aktard\u0131.<\/p>\n<p style=\"text-align: justify;\"><b><img loading=\"lazy\" decoding=\"async\" class=\"size-medium wp-image-5775 alignright\" src=\"http:\/\/www.euegeajans.com\/wp-content\/uploads\/2021\/11\/EGE-Endemik-ve-nadir-cicekler-fotograf-sergisi-2-300x200.jpg\" alt=\"\" width=\"300\" height=\"200\" \/>\u201c\u00c7an\u00e7i\u00e7ekleri yok olma tehlikesi ile kar\u015f\u0131 kar\u015f\u0131ya\u201d<\/b><\/p>\n<p style=\"text-align: justify;\">\u00c7an\u00e7i\u00e7eklerinin do\u011fada yok olma tehlikesi i\u00e7inde oldu\u011funu s\u00f6yleyen Do\u00e7. Dr. Y\u0131ld\u0131r\u0131m, \u201cHer t\u00fcr gibi bu t\u00fcr\u00fcn de yok olma tehlikesi bulunuyor. \u00a0T\u00fcrkiye\u2019de yap\u0131lan madencilik \u00e7al\u0131\u015fmalar\u0131, kayal\u0131k b\u00f6lgelerde yeti\u015fen \u00e7an\u00e7i\u00e7e\u011finin ya\u015fad\u0131\u011f\u0131 habitat\u0131 tamamen yok edip,\u00a0 bu bitkinin yok olmas\u0131na zemin haz\u0131rl\u0131yor. Esas\u0131nda bu bir kelebek etkisi gibidir. Bu bitkilerin bir tanesinin bile ortadan kalkmas\u0131 ekolojik sistem i\u00e7erisindeki i\u015fleyi\u015fini etkileyerek di\u011fer canl\u0131lara da zarar verir ve zaman i\u00e7inde \u00e7e\u015fitli \u00e7evre sorunlar\u0131na yol a\u00e7arak, o alanla ilgili probleme neden olacakt\u0131r. Bu d\u00fcnyada her bir canl\u0131n\u0131n mutlaka \u00f6nemli bir rol\u00fc vard\u0131r\u201d dedi.<\/p>\n","protected":false},"excerpt":{"rendered":"<p>M\u00d6TBE\u2019de \u201cT\u00fcrkiye\u2019nin Endemik ve Nadir \u00c7an\u00e7i\u00e7ekleri Foto\u011fraf Sergisi\u201d Do\u00e7. Dr. Y\u0131ld\u0131r\u0131m \u201cT\u00fcrkiye, \u00a0\u00c7an\u00e7i\u00e7ekleri i\u00e7in gen&#8230;<\/p>\n","protected":false},"author":2,"featured_media":5773,"comment_status":"open","ping_status":"open","sticky":false,"template":"","format":"standard","meta":{"footnotes":""},"categories":[1],"tags":[],"class_list":["post-5772","post","type-post","status-publish","format-standard","has-post-thumbnail","hentry","category-gncl"],"featured_image_urls":{"full":["https:\/\/www.euegeajans.com\/wp-content\/uploads\/2021\/11\/EGE-Endemik-ve-nadir-cicekler-fotograf-sergisi-1.jpg",1968,1192,false],"thumbnail":["https:\/\/www.euegeajans.com\/wp-content\/uploads\/2021\/11\/EGE-Endemik-ve-nadir-cicekler-fotograf-sergisi-1-150x150.jpg",150,150,true],"medium":["https:\/\/www.euegeajans.com\/wp-content\/uploads\/2021\/11\/EGE-Endemik-ve-nadir-cicekler-fotograf-sergisi-1-300x182.jpg",300,182,true],"medium_large":["https:\/\/www.euegeajans.com\/wp-content\/uploads\/2021\/11\/EGE-Endemik-ve-nadir-cicekler-fotograf-sergisi-1-768x465.jpg",640,388,true],"large":["https:\/\/www.euegeajans.com\/wp-content\/uploads\/2021\/11\/EGE-Endemik-ve-nadir-cicekler-fotograf-sergisi-1-1024x620.jpg",640,388,true],"1536x1536":["https:\/\/www.euegeajans.com\/wp-content\/uploads\/2021\/11\/EGE-Endemik-ve-nadir-cicekler-fotograf-sergisi-1-1536x930.jpg",1536,930,true],"2048x2048":["https:\/\/www.euegeajans.com\/wp-content\/uploads\/2021\/11\/EGE-Endemik-ve-nadir-cicekler-fotograf-sergisi-1.jpg",1968,1192,false],"newsphere-slider-full":["https:\/\/www.euegeajans.com\/wp-content\/uploads\/2021\/11\/EGE-Endemik-ve-nadir-cicekler-fotograf-sergisi-1-1280x720.jpg",1280,720,true],"newsphere-featured":["https:\/\/www.euegeajans.com\/wp-content\/uploads\/2021\/11\/EGE-Endemik-ve-nadir-cicekler-fotograf-sergisi-1-1024x620.jpg",1024,620,true],"newsphere-medium":["https:\/\/www.euegeajans.com\/wp-content\/uploads\/2021\/11\/EGE-Endemik-ve-nadir-cicekler-fotograf-sergisi-1-720x380.jpg",720,380,true]},"author_info":{"display_name":"Editor","author_link":"https:\/\/www.euegeajans.com\/index.php\/author\/editor\/"},"category_info":"<a href=\"https:\/\/www.euegeajans.com\/index.php\/category\/gncl\/\" rel=\"category tag\">G\u00fcncel<\/a>","tag_info":"G\u00fcncel","comment_count":"0","_links":{"self":[{"href":"https:\/\/www.euegeajans.com\/index.php\/wp-json\/wp\/v2\/posts\/5772","targetHints":{"allow":["GET"]}}],"collection":[{"href":"https:\/\/www.euegeajans.com\/index.php\/wp-json\/wp\/v2\/posts"}],"about":[{"href":"https:\/\/www.euegeajans.com\/index.php\/wp-json\/wp\/v2\/types\/post"}],"author":[{"embeddable":true,"href":"https:\/\/www.euegeajans.com\/index.php\/wp-json\/wp\/v2\/users\/2"}],"replies":[{"embeddable":true,"href":"https:\/\/www.euegeajans.com\/index.php\/wp-json\/wp\/v2\/comments?post=5772"}],"version-history":[{"count":2,"href":"https:\/\/www.euegeajans.com\/index.php\/wp-json\/wp\/v2\/posts\/5772\/revisions"}],"predecessor-version":[{"id":5777,"href":"https:\/\/www.euegeajans.com\/index.php\/wp-json\/wp\/v2\/posts\/5772\/revisions\/5777"}],"wp:featuredmedia":[{"embeddable":true,"href":"https:\/\/www.euegeajans.com\/index.php\/wp-json\/wp\/v2\/media\/5773"}],"wp:attachment":[{"href":"https:\/\/www.euegeajans.com\/index.php\/wp-json\/wp\/v2\/media?parent=5772"}],"wp:term":[{"taxonomy":"category","embeddable":true,"href":"https:\/\/www.euegeajans.com\/index.php\/wp-json\/wp\/v2\/categories?post=5772"},{"taxonomy":"post_tag","embeddable":true,"href":"https:\/\/www.euegeajans.com\/index.php\/wp-json\/wp\/v2\/tags?post=5772"}],"curies":[{"name":"wp","href":"https:\/\/api.w.org\/{rel}","templated":true}]}}