{"id":4315,"date":"2021-07-23T06:29:26","date_gmt":"2021-07-23T06:29:26","guid":{"rendered":"https:\/\/www.euegeajans.com\/?p=4315"},"modified":"2021-07-23T06:29:27","modified_gmt":"2021-07-23T06:29:27","slug":"euden-tubitak-girisimcilik-programinda-buyuk-basari","status":"publish","type":"post","link":"https:\/\/www.euegeajans.com\/index.php\/2021\/07\/23\/euden-tubitak-girisimcilik-programinda-buyuk-basari\/","title":{"rendered":"E\u00dc\u2019den T\u00dcB\u0130TAK giri\u015fimcilik program\u0131nda b\u00fcy\u00fck ba\u015far\u0131"},"content":{"rendered":"<p style=\"text-align: justify;\"><img loading=\"lazy\" decoding=\"async\" class=\"size-medium wp-image-4317 alignleft\" src=\"http:\/\/www.euegeajans.com\/wp-content\/uploads\/2021\/07\/EGE-EBILTEM-300x200.jpg\" alt=\"\" width=\"300\" height=\"200\" srcset=\"https:\/\/www.euegeajans.com\/wp-content\/uploads\/2021\/07\/EGE-EBILTEM-300x200.jpg 300w, https:\/\/www.euegeajans.com\/wp-content\/uploads\/2021\/07\/EGE-EBILTEM-1024x683.jpg 1024w, https:\/\/www.euegeajans.com\/wp-content\/uploads\/2021\/07\/EGE-EBILTEM-768x512.jpg 768w, https:\/\/www.euegeajans.com\/wp-content\/uploads\/2021\/07\/EGE-EBILTEM.jpg 1296w\" sizes=\"auto, (max-width: 300px) 100vw, 300px\" \/>T\u00dcB\u0130TAK Giri\u015fimcilik Destek Program\u0131 sonu\u00e7lar\u0131 a\u00e7\u0131kland\u0131<\/p>\n<p style=\"text-align: justify;\"><b>E\u00dc\u2019den T\u00dcB\u0130TAK giri\u015fimcilik program\u0131nda b\u00fcy\u00fck ba\u015far\u0131<\/b><\/p>\n<p style=\"text-align: justify;\">T\u00dcB\u0130TAK taraf\u0131ndan giri\u015fimcileri desteklemek amac\u0131yla yap\u0131lan \u201c1512 Giri\u015fimcilik Destek Program\u0131-B\u0130GG\u201d sonu\u00e7lar\u0131 a\u00e7\u0131kland\u0131. T\u00dcB\u0130TAK taraf\u0131ndan destek alan giri\u015fimlerin a\u00e7\u0131kland\u0131\u011f\u0131 en son d\u00f6nem olan 2020-1 d\u00f6neminde Ege \u00dcniversitesi taraf\u0131ndan s\u00fcrd\u00fcr\u00fclen BiGG-Ege Program\u0131, destek veren uygulay\u0131c\u0131 kurulu\u015flar\u0131n kabul oranlar\u0131 dikkate al\u0131narak yap\u0131lan s\u0131ras\u0131z s\u0131ralamas\u0131nda y\u00fczde 40 ba\u015far\u0131 sa\u011flad\u0131. EGE Teknopark y\u00fcr\u00fct\u00fcc\u00fcl\u00fc\u011f\u00fcnde E\u00dc EB\u0130LTEM Teknoloji Transfer Ofisi i\u015fbirli\u011fi ile s\u00fcrd\u00fcr\u00fclen BiGG-Ege, bu ba\u015far\u0131s\u0131yla ilk 5 program aras\u0131nda yer ald\u0131.\u00a0 Son d\u00f6nem sonu\u00e7lar\u0131 ile birlikte son 5 y\u0131lda B\u0130GG EGE taraf\u0131ndan T\u00dcB\u0130TAK\u2019a g\u00f6nderilen 72 giri\u015fim tak\u0131m\u0131n\u0131n 44&#8217;\u00fc desteklenerek y\u00fczde 55&#8217;lik bir ba\u015far\u0131 kaydedilmi\u015f oldu.<\/p>\n<p style=\"text-align: justify;\">B\u0130GG-EGE program\u0131n\u0131n giri\u015fimcilere sa\u011flad\u0131\u011f\u0131 yararlardan bahseden Ege \u00dcniversitesi Rekt\u00f6r\u00fc Prof. Dr. Necdet Budak, \u201cEGE Teknopark y\u00fcr\u00fct\u00fcc\u00fcl\u00fc\u011f\u00fcnde n\u00fcvEGE Kulu\u00e7ka Merkezi ve E\u00dc EB\u0130LTEM TTO i\u015f birli\u011finde; giri\u015fimcilere B\u0130GG-EGE program\u0131 arac\u0131l\u0131\u011f\u0131yla mentorluk, i\u015f plan\u0131 haz\u0131rlama, giri\u015fimcilik kamplar\u0131, e\u011fitimler ve \u00f6n kulu\u00e7ka hizmetleri sa\u011flanmaya devam ediyor. 2018 y\u0131l\u0131nda a\u00e7\u0131lan T\u00dcB\u0130TAK 1601 Yenilik ve Giri\u015fimcilik Alanlar\u0131nda Kapasite Art\u0131r\u0131lmas\u0131na Y\u00f6nelik Destek Program\u0131 \u00e7a\u011fr\u0131s\u0131 kapsam\u0131nda desteklenmeye hak kazanarak proje y\u00fcr\u00fct\u00fcc\u00fcl\u00fc\u011f\u00fc yapan EGE Teknopark\u00a0ve E\u00dc EB\u0130LTEM-TTO&#8217;nun birikim ve yetkinliklerini deneyimli mentorlar ve ba\u015far\u0131l\u0131 giri\u015fimlerle birle\u015ftiren BiGG-Ege, \u0130zmir\u2019in en geli\u015fmi\u015f giri\u015fimcilik ekosistemini giri\u015fim tak\u0131mlar\u0131na sunuyor. \u00a0EGE Teknopark gen\u00e7 giri\u015fimcilere B\u0130GG-EGE program\u0131 arac\u0131l\u0131\u011f\u0131yla mentorluk, i\u015f plan\u0131 haz\u0131rlama, giri\u015fimcilik kamplar\u0131, e\u011fitimler ve \u00f6n kulu\u00e7ka hizmetleri sa\u011flamaya devam ediyor\u201d dedi.<\/p>\n<p style=\"text-align: justify;\"><b>B\u0130GG 2021 y\u0131l\u0131 birinci \u00e7a\u011fr\u0131s\u0131 yeni giri\u015fimci tan\u0131m\u0131yla a\u00e7\u0131ld\u0131<\/b><\/p>\n<p style=\"text-align: justify;\">Giri\u015fimcilik Destek Program\u0131 hakk\u0131nda bilgi veren E\u00dc EB\u0130LTEM TTO M\u00fcd\u00fcr\u00fc Prof. Dr. \u015eenay \u015eanl\u0131er \u201cGiri\u015fimcilerin, teknoloji ve yenilik odakl\u0131 i\u015f fikirlerini, katma de\u011fer ve nitelikli istihdam yaratma potansiyeli y\u00fcksek te\u015febb\u00fcslere d\u00f6n\u00fc\u015ft\u00fcrebilmeleri i\u00e7in, fikir a\u015famas\u0131ndan pazara kadar olan faaliyetlerin desteklenmesi, b\u00f6ylece nitelikli giri\u015fimcili\u011fin \u00f6zendirilmesi ve uluslararas\u0131 rekabet g\u00fcc\u00fc olan, yenilik\u00e7i, teknoloji d\u00fczeyi y\u00fcksek \u00fcr\u00fcn ve hizmetleri geli\u015ftirebilen ba\u015flang\u0131\u00e7 firmalar\u0131n\u0131n olu\u015fturulmas\u0131 ama\u00e7lan\u0131yor. Program kapsam\u0131nda giri\u015fimcilere giri\u015fimcilik e\u011fitimi veriliyor, ayr\u0131ca sanayi deneyimi olan rehberler ile giri\u015fimciye teknik, ticari ve idari konularda destek sa\u011flan\u0131yor\u201d diye konu\u015ftu.<b><\/b><\/p>\n<p style=\"text-align: justify;\"><img loading=\"lazy\" decoding=\"async\" class=\"size-medium wp-image-4318 alignright\" src=\"http:\/\/www.euegeajans.com\/wp-content\/uploads\/2021\/07\/EGE-EGE-Teknopark-Yeniden-BIGG-Uygulayici-Kurulusu-Oldu-1-300x220.jpg\" alt=\"\" width=\"300\" height=\"220\" srcset=\"https:\/\/www.euegeajans.com\/wp-content\/uploads\/2021\/07\/EGE-EGE-Teknopark-Yeniden-BIGG-Uygulayici-Kurulusu-Oldu-1-300x220.jpg 300w, https:\/\/www.euegeajans.com\/wp-content\/uploads\/2021\/07\/EGE-EGE-Teknopark-Yeniden-BIGG-Uygulayici-Kurulusu-Oldu-1-1024x750.jpg 1024w, https:\/\/www.euegeajans.com\/wp-content\/uploads\/2021\/07\/EGE-EGE-Teknopark-Yeniden-BIGG-Uygulayici-Kurulusu-Oldu-1-768x562.jpg 768w, https:\/\/www.euegeajans.com\/wp-content\/uploads\/2021\/07\/EGE-EGE-Teknopark-Yeniden-BIGG-Uygulayici-Kurulusu-Oldu-1.jpg 1337w\" sizes=\"auto, (max-width: 300px) 100vw, 300px\" \/>Programda yap\u0131lan de\u011fi\u015fikliklerde de bahseden Prof. Dr. \u015eanl\u0131er, \u201cBu y\u0131l itibariyle ekosistemin ihtiya\u00e7lar\u0131 ve geli\u015fmeler takip edilerek BiGG ba\u015fvuru ko\u015fullar\u0131 de\u011fi\u015ftirildi. 2021 y\u0131l\u0131nda ger\u00e7ekle\u015ftirilen Uygulama Esaslar\u0131 de\u011fi\u015fikli\u011fi ile Program\u0131n ad\u0131 1512-Giri\u015fimcilik Destekleme Program\u0131 (BiGG) olarak de\u011fi\u015ftirilerek ve giri\u015fimci tan\u0131m\u0131nda \u00f6nemli de\u011fi\u015fiklikler yap\u0131ld\u0131. 2021 y\u0131l\u0131 birinci \u00e7a\u011fr\u0131 d\u00f6neminden itibaren daha geni\u015f bir giri\u015fimci kitlesine ula\u015fmak amac\u0131yla a\u00e7\u0131k ve \u00f6rg\u00fcn \u00f6\u011frenim veren \u00fcniversitelerin \u00f6n lisans ve lisans \u00f6\u011frencilerinin BiGG\u2019e ba\u015fvuru yapabilmesi, teknoloji tabanl\u0131 i\u015f fikirlerini hayata ge\u00e7irebilmesi m\u00fcmk\u00fcn k\u0131l\u0131nd\u0131. Ayr\u0131ca sekt\u00f6r tecr\u00fcbesinin giri\u015fimcilikte getirdi\u011fi ba\u015far\u0131 dikkate al\u0131narak mezuniyet tarihinden itibaren en fazla 10 y\u0131l i\u00e7erisinde ba\u015fvurabilme k\u0131s\u0131t\u0131 kald\u0131r\u0131ld\u0131. Ba\u015fvuru ko\u015fullar\u0131nda gidilen iyile\u015ftirme ile teknoloji tabanl\u0131 yeni pek \u00e7ok fikrin, ekonomiye katk\u0131 sa\u011flayan uygulamalara d\u00f6n\u00fc\u015fmesi planlan\u0131yor\u201d dedi.<\/p>\n","protected":false},"excerpt":{"rendered":"<p>T\u00dcB\u0130TAK Giri\u015fimcilik Destek Program\u0131 sonu\u00e7lar\u0131 a\u00e7\u0131kland\u0131 E\u00dc\u2019den T\u00dcB\u0130TAK giri\u015fimcilik program\u0131nda b\u00fcy\u00fck ba\u015far\u0131 T\u00dcB\u0130TAK taraf\u0131ndan giri\u015fimcileri&#8230;<\/p>\n","protected":false},"author":2,"featured_media":4316,"comment_status":"open","ping_status":"open","sticky":false,"template":"","format":"standard","meta":{"footnotes":""},"categories":[69,1,70],"tags":[],"class_list":["post-4315","post","type-post","status-publish","format-standard","has-post-thumbnail","hentry","category-bilim","category-gncl","category-kampus"],"featured_image_urls":{"full":["https:\/\/www.euegeajans.com\/wp-content\/uploads\/2021\/07\/EGE-SENAY-SANLIER-NECDET-BUDAK.jpg",1504,1000,false],"thumbnail":["https:\/\/www.euegeajans.com\/wp-content\/uploads\/2021\/07\/EGE-SENAY-SANLIER-NECDET-BUDAK-150x150.jpg",150,150,true],"medium":["https:\/\/www.euegeajans.com\/wp-content\/uploads\/2021\/07\/EGE-SENAY-SANLIER-NECDET-BUDAK-300x199.jpg",300,199,true],"medium_large":["https:\/\/www.euegeajans.com\/wp-content\/uploads\/2021\/07\/EGE-SENAY-SANLIER-NECDET-BUDAK-768x511.jpg",640,426,true],"large":["https:\/\/www.euegeajans.com\/wp-content\/uploads\/2021\/07\/EGE-SENAY-SANLIER-NECDET-BUDAK-1024x681.jpg",640,426,true],"1536x1536":["https:\/\/www.euegeajans.com\/wp-content\/uploads\/2021\/07\/EGE-SENAY-SANLIER-NECDET-BUDAK.jpg",1504,1000,false],"2048x2048":["https:\/\/www.euegeajans.com\/wp-content\/uploads\/2021\/07\/EGE-SENAY-SANLIER-NECDET-BUDAK.jpg",1504,1000,false],"newsphere-slider-full":["https:\/\/www.euegeajans.com\/wp-content\/uploads\/2021\/07\/EGE-SENAY-SANLIER-NECDET-BUDAK-1280x720.jpg",1280,720,true],"newsphere-featured":["https:\/\/www.euegeajans.com\/wp-content\/uploads\/2021\/07\/EGE-SENAY-SANLIER-NECDET-BUDAK-1024x681.jpg",1024,681,true],"newsphere-medium":["https:\/\/www.euegeajans.com\/wp-content\/uploads\/2021\/07\/EGE-SENAY-SANLIER-NECDET-BUDAK-720x380.jpg",720,380,true]},"author_info":{"display_name":"Editor","author_link":"https:\/\/www.euegeajans.com\/index.php\/author\/editor\/"},"category_info":"<a href=\"https:\/\/www.euegeajans.com\/index.php\/category\/bilim\/\" rel=\"category tag\">Bilim<\/a> <a href=\"https:\/\/www.euegeajans.com\/index.php\/category\/gncl\/\" rel=\"category tag\">G\u00fcncel<\/a> <a href=\"https:\/\/www.euegeajans.com\/index.php\/category\/kampus\/\" rel=\"category tag\">Kamp\u00fcs<\/a>","tag_info":"Kamp\u00fcs","comment_count":"0","_links":{"self":[{"href":"https:\/\/www.euegeajans.com\/index.php\/wp-json\/wp\/v2\/posts\/4315","targetHints":{"allow":["GET"]}}],"collection":[{"href":"https:\/\/www.euegeajans.com\/index.php\/wp-json\/wp\/v2\/posts"}],"about":[{"href":"https:\/\/www.euegeajans.com\/index.php\/wp-json\/wp\/v2\/types\/post"}],"author":[{"embeddable":true,"href":"https:\/\/www.euegeajans.com\/index.php\/wp-json\/wp\/v2\/users\/2"}],"replies":[{"embeddable":true,"href":"https:\/\/www.euegeajans.com\/index.php\/wp-json\/wp\/v2\/comments?post=4315"}],"version-history":[{"count":1,"href":"https:\/\/www.euegeajans.com\/index.php\/wp-json\/wp\/v2\/posts\/4315\/revisions"}],"predecessor-version":[{"id":4319,"href":"https:\/\/www.euegeajans.com\/index.php\/wp-json\/wp\/v2\/posts\/4315\/revisions\/4319"}],"wp:featuredmedia":[{"embeddable":true,"href":"https:\/\/www.euegeajans.com\/index.php\/wp-json\/wp\/v2\/media\/4316"}],"wp:attachment":[{"href":"https:\/\/www.euegeajans.com\/index.php\/wp-json\/wp\/v2\/media?parent=4315"}],"wp:term":[{"taxonomy":"category","embeddable":true,"href":"https:\/\/www.euegeajans.com\/index.php\/wp-json\/wp\/v2\/categories?post=4315"},{"taxonomy":"post_tag","embeddable":true,"href":"https:\/\/www.euegeajans.com\/index.php\/wp-json\/wp\/v2\/tags?post=4315"}],"curies":[{"name":"wp","href":"https:\/\/api.w.org\/{rel}","templated":true}]}}