{"id":4009,"date":"2021-06-28T10:11:17","date_gmt":"2021-06-28T10:11:17","guid":{"rendered":"https:\/\/www.euegeajans.com\/?p=4009"},"modified":"2026-03-17T07:03:29","modified_gmt":"2026-03-17T07:03:29","slug":"turkiyede-tam-akredite-olan-ilk-universite","status":"publish","type":"post","link":"https:\/\/www.euegeajans.com\/index.php\/2021\/06\/28\/turkiyede-tam-akredite-olan-ilk-universite\/","title":{"rendered":"T\u00fcrkiye\u2019de tam akredite olan ilk \u00fcniversite"},"content":{"rendered":"<p style=\"text-align: justify;\">Y\u00d6KAK Ba\u015fkan\u0131 Elmas, \u201cE\u00dc bu a\u015famadan sonra s\u00fcrekli iyile\u015ferek m\u00fckemmelli\u011fe do\u011fru h\u0131zla ilerleyecek\u201d<\/p>\n<p style=\"text-align: justify;\"><b>T\u00fcrkiye\u2019de tam akredite olan ilk \u00fcniversite<\/b><\/p>\n<p style=\"text-align: justify;\"><b><img loading=\"lazy\" decoding=\"async\" class=\"size-medium wp-image-4011 alignright\" src=\"http:\/\/www.euegeajans.com\/wp-content\/uploads\/2021\/06\/EGE-MUZAFFER-ELMAS-TAM-AKREDITASYON-TOREN-5-300x200.jpg\" alt=\"\" width=\"300\" height=\"200\" \/><\/b>T\u00fcrkiye\u2019de kurumsal tam akreditasyon almaya hak kazanan ilk y\u00fcksek\u00f6\u011fretim kurumu Ege \u00dcniversitesinde d\u00fczenlenen t\u00f6rende konu\u015fan Y\u00d6KAK Ba\u015fkan\u0131 Prof. Dr. Muzaffer Elmas \u201cY\u00d6KAK Kurul Toplant\u0131s\u0131nda verilen kararla, Ege \u00dcniversitesi, 5 y\u0131l s\u00fcre ile \u2018tam akreditasyon\u2019 hakk\u0131n\u0131 kazanan ilk \u00fcniversite oldu. De\u011ferlendirme s\u00fcreci boyunca Rekt\u00f6r Budak\u2019\u0131n g\u00fc\u00e7l\u00fc \u00f6nderli\u011finde Ege \u00dcniversitesi, kurumumuz ve de\u011ferlendirme tak\u0131m\u0131zla tam bir uyum ve i\u015fbirli\u011fi i\u00e7inde \u00e7al\u0131\u015ft\u0131\u201d dedi.<\/p>\n<p style=\"text-align: justify;\">\u0130zmir Valisi Yavuz Selim K\u00f6\u015fger, \u201c\u0130zmir ilklerin \u015fehri. Bug\u00fcn de bu ilklere bir yenisini ekliyoruz. Ege \u00dcniversitesi e\u011fitim \u00f6\u011fretimde tescillenmi\u015f kalitesiyle, akademik potansiyeliyle, zengin ara\u015ft\u0131rma k\u00fclt\u00fcr\u00fc ile ilimizin ve b\u00f6lgemizin ekonomik ve sosyal akt\u00f6rleriyle ger\u00e7ekle\u015ftirdi\u011fi i\u015f birlikleri ile toplumsal geli\u015fmeyi y\u00f6nlendiren g\u00fczide bir \u00fcniversitemizdir\u201d dedi.<\/p>\n<p style=\"text-align: justify;\">E\u00dc Rekt\u00f6r\u00fc Prof. Dr. Necdet Budak, \u201cEge \u00dcniversitesi 5 y\u0131ll\u0131k Tam Akreditasyon almas\u0131yla birlikte;\u00a0 e\u011fitim ve \u00f6\u011fretimde kalitesini, huzurlu ve g\u00fc\u00e7l\u00fc bir \u00fcniversite oldu\u011funu tescillemi\u015ftir. \u00dcniversitemizin son y\u0131llardaki akademik de\u011fi\u015fim-d\u00f6n\u00fc\u015f\u00fcm yolculu\u011funda, her daim maddi ve manevi deste\u011fini bizlerden esirgemeyen ba\u015fta Cumhurba\u015fkan\u0131m\u0131z Say\u0131n Recep Tayyip Erdo\u011fan olmak \u00fczere Son Ba\u015fbakan\u0131m\u0131z \u0130zmir Milletvekili Binali Y\u0131ld\u0131r\u0131m\u2019a, Y\u00d6K Ba\u015fkan\u0131m\u0131z Say\u0131n Prof. Dr. Yekta Sara\u00e7\u2019a ve devlet erk\u00e2n\u0131m\u0131za katk\u0131 ve desteklerinden dolay\u0131 \u015f\u00fckranlar\u0131m\u0131 sunuyorum\u201d dedi.<\/p>\n<p style=\"text-align: justify;\">\u00a0Ege \u00dcniversitesi, Y\u00fcksek\u00f6\u011fretim Kalite Kurulu\u00a0 (Y\u00d6KAK) taraf\u0131ndan uygulanan Kurumsal Akreditasyon Program\u0131nda (KAP) 5 y\u0131l s\u00fcre ile \u201cTam Akreditasyon\u201d almaya hak kazanarak b\u00fcy\u00fck bir ba\u015far\u0131 elde etti. Ege, bu ba\u015far\u0131s\u0131yla T\u00fcrkiye\u2019de tam akreditasyon alan ilk \u00fcniversite oldu. Y\u00d6KAK Ba\u015fkan\u0131 Prof. Dr. Muzaffer Elmas, tam akreditasyon belgesini d\u00fczenlenen t\u00f6renle Ege \u00dcniversitesi Rekt\u00f6r\u00fc Prof. Dr. Necdet Budak\u2019a takdim etti. E\u00dc T\u00f6ren \u015e\u00f6len Alan\u0131\u2019nda ger\u00e7ekle\u015fen programa \u0130zmir Valisi Yavuz Selim K\u00f6\u015fger, \u00a0Ege Ordu Komutan\u0131 Korgeneral Ali Sivri, Y\u00d6KAK Ba\u015fkan\u0131 Prof. Dr. Muzaffer Elmas, \u00a0\u0130zmir il protokol\u00fc, akademisyenler, \u00f6\u011frenciler, \u00e7al\u0131\u015fanlar ve payda\u015f kurumlar\u0131n temsilcileri kat\u0131ld\u0131.<\/p>\n<p style=\"text-align: justify;\"><b>\u0130lklerin \u015fehri \u0130zmir<\/b><\/p>\n<p style=\"text-align: justify;\"><img loading=\"lazy\" decoding=\"async\" class=\"size-medium wp-image-4012 alignleft\" src=\"http:\/\/www.euegeajans.com\/wp-content\/uploads\/2021\/06\/EGE-YAVUZ-SELIM-KOSGER--300x200.jpg\" alt=\"\" width=\"300\" height=\"200\" \/>\u0130zmir Valisi Yavuz Selim K\u00f6\u015fger, \u201c\u0130zmir\u2019in tarih boyunca bir\u00e7ok alanda ilklere ev sahipli\u011fi yapt\u0131\u011f\u0131n\u0131, bir\u00e7ok konuda ilkler kenti oldu\u011funu biliyoruz. Bug\u00fcn de burada bu ilklere bir ilki daha eklemek;\u00dclkemizin k\u00f6kl\u00fc \u00fcniversitelerinden biri olan Ege \u00dcniversitemizin Kurumsal Tam Akreditasyon alan \u00fclkemizdeki ilk \u00fcniversite olmas\u0131n\u0131n mutlulu\u011funu payla\u015fmak \u00fczere bir araya gelmi\u015f bulunuyoruz. Ege \u00dcniversitemiz; tescillenmi\u015f e\u011fitim-\u00f6\u011fretimde kalitesiyle,\u00a0 akademik potansiyeliyle, zengin ara\u015ft\u0131rma k\u00fclt\u00fcr\u00fcyle, ilimizin ve b\u00f6lgemizin ekonomik ve sosyal akt\u00f6rleriyle ger\u00e7ekle\u015ftirdi\u011fi i\u015fbirlikleriyle bilimsel d\u00fc\u015f\u00fcncenin, teknolojinin ve k\u00fclt\u00fcrel hayat\u0131n zenginle\u015fmesini sa\u011flayan, toplumsal geli\u015fmeyi y\u00f6nlendiren g\u00fczide bir kurumumuzdur. \u00d6nemli bir kalite altyap\u0131s\u0131 olan Kurumsal Tam Akreditasyonun bu g\u00fczide kurumumuza, ilimize ve \u00fclkemize faydal\u0131 ve hay\u0131rl\u0131 hizmetlere vesile olmas\u0131n\u0131 temenni ediyorum\u201d dedi.<\/p>\n<p style=\"text-align: justify;\">Vali K\u00f6\u015fger, \u201c\u00dclkemizin geli\u015fmesi ve yeni ku\u015faklara g\u00fc\u00e7l\u00fc bir \u00fclke b\u0131rakman\u0131n sorumlulu\u011fundan asla vazge\u00e7meyece\u011fiz. Bunu sa\u011flayacak \u00e7ok say\u0131daki avantajlar\u0131m\u0131zdan biri de gen\u00e7 ve dinamik insan kayna\u011f\u0131m\u0131zd\u0131r. Bireylerin ekonomik g\u00fc\u00e7lerinin bilgi ve \u00f6\u011frenim d\u00fczeyleriyle; \u00fclkelerin ekonomik g\u00fc\u00e7lerinin ise be\u015fer\u00ee ve sosyal sermayeleriyle \u00f6l\u00e7\u00fcld\u00fc\u011f\u00fcn\u00fc biliyoruz. Dolay\u0131s\u0131yla bu gen\u00e7 ve dinamik insan kayna\u011f\u0131n\u0131 \u00e7a\u011f\u0131n ko\u015fullar\u0131na g\u00f6re yeti\u015ftirmek medeniyet yar\u0131\u015f\u0131nda bizi daha g\u00fc\u00e7l\u00fc hale getirecektir. Bu ba\u011flamda; toplumlar\u0131n sahip olduklar\u0131 insan kaynaklar\u0131 kalitesinin art\u0131r\u0131lmas\u0131n\u0131 sa\u011flayan, toplumu ayd\u0131nlatma ve bilgilendirme g\u00f6revlerini \u00fcstlenen, \u00fclkenin gelece\u011fini \u015fekillendiren \u00f6nc\u00fc ve \u00f6nemli kurumlar olarak g\u00f6r\u00fclen \u00fcniversitelere \u00f6nemli g\u00f6revler d\u00fc\u015fmektedir\u201d diye konu\u015ftu.<\/p>\n<p style=\"text-align: justify;\">Kalite ve akreditasyonun \u00f6nemini vurgulayan Vali K\u00f6\u015fger, \u201c\u00dcniversitelerimizin d\u00fcnyadaki geli\u015fmeleri ve Aziz Milletimizin hedefleri ve idealleri do\u011frultusunda belirleyecekleri hedef ve stratejilerin izlenmesi ve bunlara ili\u015fkin iyile\u015ftirmelerin yap\u0131lmas\u0131 konular\u0131nda kalite ve akreditasyon gibi kavramlar son derece \u00f6nem ta\u015f\u0131maktad\u0131r. Kalite G\u00fcvencesi Sistemi, kurumlara bu hedef ve stratejilerini ger\u00e7ekle\u015ftirme imk\u00e2n\u0131 veren y\u00f6netim anlay\u0131\u015f\u0131n\u0131 olu\u015fturmaktad\u0131r. Kurumlar\u0131n kalite, maliyet ve h\u0131z gibi konularda rekabet g\u00fcc\u00fc elde etmelerinde \u00f6nemli bir i\u015flevi yerine getirmektedir. Sistemin hesap verebilirlik, \u015feffafl\u0131k, \u00f6\u011frenme \u00e7\u0131kt\u0131lar\u0131, kan\u0131ta dayal\u0131 yakla\u015f\u0131m ve yenilik\u00e7ilik gibi kavramlara ili\u015fkin olarak ele al\u0131nd\u0131\u011f\u0131 y\u00fcksek\u00f6\u011frenimde, \u00fcniversitelerimizin ulusal ve uluslararas\u0131 arenada hak ettikleri noktada yer almalar\u0131n\u0131 h\u0131zland\u0131raca\u011f\u0131na y\u00fcrekten inan\u0131yorum. Bu t\u00fcr \u00e7al\u0131\u015fmalar\u0131n yayg\u0131nla\u015ft\u0131r\u0131larak t\u00fcm kurum ve kurulu\u015flar\u0131m\u0131zda uygulanmas\u0131n\u0131 temenni ediyorum\u201d dedi.<\/p>\n<p style=\"text-align: justify;\"><b>\u00a0\u201cY\u00fcksek\u00f6\u011fretim alan\u0131nda h\u0131zl\u0131 bir de\u011fi\u015fim ya\u015fan\u0131yor\u201d<\/b><\/p>\n<p style=\"text-align: justify;\"><img loading=\"lazy\" decoding=\"async\" class=\"size-medium wp-image-4017 alignright\" src=\"http:\/\/www.euegeajans.com\/wp-content\/uploads\/2021\/06\/EGE-NECDET-BUDAK-MUZAFFER-ELMAS-TAM-AKREDITASYON-TOREN-3-300x200.jpg\" alt=\"\" width=\"300\" height=\"200\" srcset=\"https:\/\/www.euegeajans.com\/wp-content\/uploads\/2021\/06\/EGE-NECDET-BUDAK-MUZAFFER-ELMAS-TAM-AKREDITASYON-TOREN-3-300x200.jpg 300w, https:\/\/www.euegeajans.com\/wp-content\/uploads\/2021\/06\/EGE-NECDET-BUDAK-MUZAFFER-ELMAS-TAM-AKREDITASYON-TOREN-3-1024x683.jpg 1024w, https:\/\/www.euegeajans.com\/wp-content\/uploads\/2021\/06\/EGE-NECDET-BUDAK-MUZAFFER-ELMAS-TAM-AKREDITASYON-TOREN-3-768x512.jpg 768w, https:\/\/www.euegeajans.com\/wp-content\/uploads\/2021\/06\/EGE-NECDET-BUDAK-MUZAFFER-ELMAS-TAM-AKREDITASYON-TOREN-3-1536x1024.jpg 1536w, https:\/\/www.euegeajans.com\/wp-content\/uploads\/2021\/06\/EGE-NECDET-BUDAK-MUZAFFER-ELMAS-TAM-AKREDITASYON-TOREN-3-2048x1366.jpg 2048w\" sizes=\"auto, (max-width: 300px) 100vw, 300px\" \/>Y\u00fcksek\u00f6\u011fretimde ya\u015fanan de\u011fi\u015fim ve d\u00f6n\u00fc\u015f\u00fcmden bahseden Y\u00d6KAK Ba\u015fkan\u0131 Prof. Dr. Elmas,\u00a0 \u201cD\u00fcnyada ge\u00e7mi\u015fi \u00e7ok uzun y\u0131llara dayal\u0131 kalite kurulu\u015flar\u0131 bulunmaktad\u0131r. Y\u00d6KAK bu kurulu\u015flar\u0131n\u00a0 ve ajanslar\u0131n \u00fcyesidir.\u00a0 \u00d6zellikle son y\u0131llarda y\u00fcksek\u00f6\u011fretim alan\u0131nda h\u0131zl\u0131 bir de\u011fi\u015fim ya\u015fanmakta ve\u00a0 mevcut y\u00fcksek\u00f6\u011fretim sisteminin d\u00f6n\u00fc\u015fmesini sa\u011flayacak ad\u0131mlar at\u0131lmaktad\u0131r. Daha esnek ve de\u011fi\u015fime kolay adapte olan yap\u0131lar, y\u0131k\u0131c\u0131 teknolojik de\u011fi\u015fimin getirdi\u011fi yetkinlik a\u011f\u0131rl\u0131kl\u0131 \u00f6\u011frenme, ara\u015ft\u0131rma ve bunlar\u0131n topluma katk\u0131s\u0131, etkisi \u00e7ok \u00f6nem kazanmaktad\u0131r. Pandemi ile birlikte de\u011fi\u015fen yetkinliklere duyulan ihtiya\u00e7, y\u00fcksek\u00f6\u011fretimde beklentileri de de\u011fi\u015ftirdi. \u00dcniversite tercihi yapacak \u00f6\u011frencilerimizin de bunu esas alarak \u00fcniversitenin ek olarak hangi yetkinlikleri kazand\u0131rd\u0131\u011f\u0131na bakmalar\u0131 \u00f6ncelikli olmal\u0131d\u0131r.\u00a0 Kurul olarak ya\u015fanan t\u00fcm geli\u015fmeleri titizlikle takip etmekte ve kendi s\u00fcre\u00e7lerimize yans\u0131tmaktay\u0131z. Kalite Kurulu olarak yapt\u0131\u011f\u0131m\u0131z her de\u011ferlendirme; \u00fcniversitelerimizin bu h\u0131zl\u0131 de\u011fi\u015fimi anlamas\u0131n\u0131, uyum g\u00f6stermesini ve sonu\u00e7lar\u0131n\u0131 de\u011ferlendirerek de\u011fi\u015fimi y\u00f6netmesini sa\u011flayacak sistemler \u00fczerine yo\u011fun \u00e7aba sarf etmesine odaklanmaktad\u0131r. Bu bak\u0131\u015f a\u00e7\u0131s\u0131na sahip \u00fcniversitelerimiz \u00fcniversite kapsam\u0131nda kazand\u0131rmak istedi\u011fi bilgi beceri ve yetkinlikler, her bak\u0131\u015f a\u00e7\u0131s\u0131n\u0131n merkezine alacakt\u0131r. \u00d6\u011fretim elemanlar\u0131n\u0131, altyap\u0131s\u0131n\u0131 ve mezunlar\u0131n\u0131 bu ba\u011flamda dikkate alacak ve s\u00fcrekli geli\u015fecektir\u201d diye konu\u015ftu.<\/p>\n<p style=\"text-align: justify;\"><b>\u201cA\u00e7\u0131klanan ilk \u00fcniversite Ege \u00fcniversitesidir\u201d<\/b><\/p>\n<p style=\"text-align: justify;\">Prof. Dr. Elmas,\u00a0 \u201c\u00dcniversitelerimiz; d\u00fcnyadaki geli\u015fmeleri, kalk\u0131nma plan\u0131m\u0131z\u0131n hedeflerini, Y\u00fcksek\u00f6\u011fretim Kurulu politikalar\u0131n\u0131, b\u00f6lgesinin ihtiya\u00e7lar\u0131n\u0131 ve \u00fcniversitenin imk\u00e2nlar\u0131n\u0131 dikkate alarak misyonlar\u0131n\u0131, vizyonlar\u0131n\u0131, e\u011fitim-\u00f6\u011fretim, ara\u015ft\u0131rma ve topluma katk\u0131 politikalar\u0131n\u0131 ve hedeflerini belirlemektedir. Bu nedenle, \u00fcniversitelerimizin kendilerine \u00f6zg\u00fc hedeflerini belirlemesi, izlemesi ve sonu\u00e7lar\u0131n\u0131 de\u011ferlendirerek ilerlemesi ad\u0131mlar\u0131ndan olu\u015fan i\u00e7 kalite g\u00fcvence sistemlerini kurmalar\u0131 y\u00fcksek\u00f6\u011fretim i\u00e7in en \u00f6nemli konu haline gelmi\u015ftir. Bunu yapan \u00fcniversitelerimiz, s\u00fcrekli de\u011fi\u015fim ortam\u0131nda \u00e7evik davranabilir ve s\u00fcre\u00e7lerini ba\u015far\u0131yla y\u00fcr\u00fctebilirler. Gittik\u00e7e karma\u015f\u0131k hale gelen d\u00fcnyam\u0131zda, bug\u00fcne ve gelece\u011fe y\u00f6n verme \u00e7abas\u0131nda olanlar\u0131n, kalite s\u00fcre\u00e7lerinden daha \u00e7ok yararlanma ihtiyac\u0131 olacakt\u0131r. Kurulumuzun bu de\u011ferlendirmelerdeki temel hedefi; \u00fcniversitelerdeki mezunlar\u0131n beklenen yeterliliklere sahip olmas\u0131n\u0131, kolay i\u015f bulabilmesini, Ar-Ge\u2019ye ve topluma katk\u0131 sa\u011flamas\u0131n\u0131, \u00fclkemizde oldu\u011fu kadar d\u00fcnyadaki g\u00f6r\u00fcn\u00fcrl\u00fc\u011f\u00fcn\u00fcn de art\u0131r\u0131lmas\u0131n\u0131 g\u00fcvence alt\u0131na almakt\u0131r. Kurulumuz \u015fimdiye kadar, \u00fclkemizde mezun veren t\u00fcm \u00fcniversitelerimizin d\u0131\u015f de\u011ferlendirmelerini tamamlam\u0131\u015f ve 100 \u00fcniversitemizde ise izleme s\u00fcre\u00e7lerini ger\u00e7ekle\u015ftirmi\u015ftir. 2020 y\u0131l\u0131nda ilk kez uygulanmaya ba\u015flanan Kurumsal Akreditasyon Program\u0131 ile T\u00fcrkiye\u2019deki \u00fcniversitelerin ulusal hedeflere katk\u0131s\u0131n\u0131 ve d\u00fcnyadaki g\u00f6r\u00fcn\u00fcrl\u00fc\u011f\u00fcn\u00fc art\u0131rmak ama\u00e7lanmaktad\u0131r.\u00a0 2020 y\u0131l\u0131nda ba\u015fvuru yapan 60\u2019a yak\u0131n \u00fcniversite i\u00e7erisinden 11 \u00fcniversite Kurumsal Akreditasyon Program\u0131\u2019na dahil edilmi\u015ftir. Bug\u00fcnlerde de\u011ferlendirme s\u00fcre\u00e7leri tamamlanmakta olup s\u0131rayla di\u011fer \u00fcniversiteler de a\u00e7\u0131klanacakt\u0131r. A\u00e7\u0131klanan ilk \u00fcniversite Ege \u00dcniversitesidir\u201d dedi.<\/p>\n<p style=\"text-align: justify;\"><b>\u201cY\u00d6KAK ile E\u00dc s\u00fcre\u00e7 boyunca koordineli \u015fekilde \u00e7al\u0131\u015ft\u0131\u201d<\/b><\/p>\n<p style=\"text-align: justify;\">Y\u00d6KAK ile Ege \u00dcniversitesinin s\u00fcre\u00e7 boyunca koordineli \u015fekilde hareket etti\u011fini belirten Prof. Dr. Elmas, \u201cKurumsal Akreditasyon Program\u0131na al\u0131nan \u00fcniversiteleri a\u00e7\u0131klad\u0131\u011f\u0131m\u0131z tarihten itibaren, t\u00fcm de\u011ferlendirme s\u00fcreci boyunca Rekt\u00f6r Prof. Dr. Necdet Budak\u2019\u0131n g\u00fc\u00e7l\u00fc \u00f6nderli\u011finde Ege \u00dcniversitesi, kurumumuz ve De\u011ferlendirme Tak\u0131m\u0131zla tam bir uyum ve i\u015fbirli\u011fi i\u00e7inde oldu. De\u011ferlendirme Tak\u0131m\u0131m\u0131z\u0131n \u00dcniversitenize, uzaktan \u00f6n ziyaret, uzaktan saha ziyareti ve pandemi ko\u015fullar\u0131na ra\u011fmen y\u00fcz y\u00fcze saha ziyaretini ger\u00e7ekle\u015ftirdi. Bu s\u00fcre\u00e7te De\u011ferlendirme Tak\u0131m\u0131m\u0131z Ege \u00dcniversitesini; Kalite G\u00fcvence Sistemi, E\u011fitim ve \u00d6\u011fretim, Ara\u015ft\u0131rma ve Geli\u015ftirme, Toplumsal Katk\u0131 ve Y\u00f6netim Sistemi alanlar\u0131nda 22 \u00f6l\u00e7\u00fct ve 56 alt \u00f6l\u00e7\u00fct a\u00e7\u0131s\u0131ndan de\u011ferlendirdi. De\u011ferlendirme Tak\u0131m\u0131z, titiz ve kapsaml\u0131 \u00e7al\u0131\u015fmalar\u0131 sonucunda Taslak Akreditasyon Raporu haz\u0131rlad\u0131. \u00dcniversitenizin geri bildirimleri ile nihai Akreditasyon Raporu, \u00a0De\u011ferlendirme Tak\u0131m\u0131m\u0131z taraf\u0131ndan Kurumumuza iletildi. Y\u00d6KAK\u2019\u0131n ilgili komisyonlar\u0131 ve Kurul\u2019u bu raporu dikkate alarak ve de\u011ferlendirme tak\u0131m\u0131 ile bir araya gelerek durumu de\u011ferlendirdi. Sonu\u00e7 olarak\u00a0 Y\u00d6KAK Kurul Toplant\u0131s\u0131nda verilen kararla, Ege \u00dcniversitesi, 5 y\u0131l s\u00fcre ile \u2018tam akreditasyon\u2019 hakk\u0131n\u0131 kazanm\u0131\u015ft\u0131r. Hay\u0131rl\u0131 olsun\u201d dedi.<\/p>\n<p style=\"text-align: justify;\">Tam akreditasyonun Ege \u00dcniversitesini s\u00fcrekli iyile\u015ftirerek m\u00fckemmelli\u011fe do\u011fru h\u0131zla ilerletece\u011fini s\u00f6yleyen\u00a0 Prof. Dr. Elmas, \u201c\u00dclkemizde y\u00fcksek\u00f6\u011fretim alan\u0131nda kalite g\u00fcvence sisteminin g\u00fc\u00e7lendirilmesi amac\u0131yla, 2015 y\u0131l\u0131nda Y\u00fcksek\u00f6\u011fretim Kurulu\u2019na (Y\u00d6K) ba\u011fl\u0131 olarak kurulan Y\u00fcksek\u00f6\u011fretim Kalite Kurulu (Y\u00d6KAK), Y\u00d6K\u2019\u00fcn yetki devri \u00e7al\u0131\u015fmalar\u0131 kapsam\u0131nda 2017 y\u0131l\u0131nda idari ve mali a\u00e7\u0131dan ba\u011f\u0131ms\u0131z bir kurulu\u015f haline gelmi\u015ftir. Kurulun tam ba\u011f\u0131ms\u0131z olmas\u0131 a\u015famas\u0131nda b\u00fcy\u00fck katk\u0131lar\u0131 olan Y\u00d6K Ba\u015fkan\u0131 Prof. Dr. Yekta Sara\u00e7\u2019a ve eme\u011fi ge\u00e7enlere te\u015fekk\u00fcr ederim. E\u011fitimde kalite ve nitelikli mezunlar konusunu s\u00fcrekli g\u00fcndeme getiren ve bizleri bu konuda motive eden ve destekleyen Cumhurba\u015fkan\u0131m\u0131z Say\u0131n Recep Tayyip Erdo\u011fan\u2019a \u015f\u00fckranlar\u0131m\u0131 sunar\u0131m. Ayr\u0131ca Ege \u00dcniversitesinin akreditasyon s\u00fcrecine liderlik eden Rekt\u00f6r Prof. Dr. Necdet Budak\u2019\u0131 ve ekibini tebrik ederim\u201d dedi.<\/p>\n<p style=\"text-align: justify;\"><b>\u201c209 \u00fcniversite i\u00e7erisinde bir ilki ba\u015fard\u0131k\u201d<\/b><\/p>\n<p style=\"text-align: justify;\"><img loading=\"lazy\" decoding=\"async\" class=\"size-medium wp-image-4013 alignleft\" src=\"http:\/\/www.euegeajans.com\/wp-content\/uploads\/2021\/06\/EGE-NECDET-BUDAK-TAM-AKREDITASYON-TOREN-6-300x200.jpg\" alt=\"\" width=\"300\" height=\"200\" srcset=\"https:\/\/www.euegeajans.com\/wp-content\/uploads\/2021\/06\/EGE-NECDET-BUDAK-TAM-AKREDITASYON-TOREN-6-300x200.jpg 300w, https:\/\/www.euegeajans.com\/wp-content\/uploads\/2021\/06\/EGE-NECDET-BUDAK-TAM-AKREDITASYON-TOREN-6-1024x684.jpg 1024w, https:\/\/www.euegeajans.com\/wp-content\/uploads\/2021\/06\/EGE-NECDET-BUDAK-TAM-AKREDITASYON-TOREN-6-768x513.jpg 768w, https:\/\/www.euegeajans.com\/wp-content\/uploads\/2021\/06\/EGE-NECDET-BUDAK-TAM-AKREDITASYON-TOREN-6-1536x1026.jpg 1536w, https:\/\/www.euegeajans.com\/wp-content\/uploads\/2021\/06\/EGE-NECDET-BUDAK-TAM-AKREDITASYON-TOREN-6-2048x1368.jpg 2048w\" sizes=\"auto, (max-width: 300px) 100vw, 300px\" \/>Rekt\u00f6r Prof. Dr. Necdet Budak, \u201cEge \u00dcniversitesi ailesi olarak,\u00a0 bir\u00e7ok alanda oldu\u011fu gibi kurumsal akreditasyon alan\u0131nda da stratejik, disiplinli ve adanm\u0131\u015fl\u0131k ruhu i\u00e7erisinde s\u00fcrd\u00fcrd\u00fc\u011f\u00fcm\u00fcz \u00e7al\u0131\u015fmalar neticesinde \u00fcniversitemiz, Y\u00fcksek\u00f6\u011fretim Kalite Kurulunun kurumsal akreditasyon program\u0131 kapsam\u0131nda 5 y\u0131ll\u0131k tam akreditasyon alarak \u00fclkemizde ilk kurumsal akredite olan \u00fcniversite oldu.\u00a0 \u00dcniversitemizi y\u00fcksek\u00f6\u011fretim alan\u0131nda daha ileri ta\u015f\u0131ma ve topluma sundu\u011fumuz katk\u0131 pay\u0131n\u0131 art\u0131rma idealleriyle \u00e7\u0131kt\u0131\u011f\u0131m\u0131z bu yolda, ba\u015flatt\u0131\u011f\u0131m\u0131z geni\u015f \u00e7apl\u0131 akademik de\u011fi\u015fim-d\u00f6n\u00fc\u015f\u00fcm seferberli\u011fi ile b\u00fcy\u00fck bir mesafe kat ettik\u201d diye konu\u015ftu.<\/p>\n<p style=\"text-align: justify;\">Y\u00fcksek\u00f6\u011fretim Kalite G\u00fcvencesi Y\u00f6netmeli\u011fini kendilerine rehber alarak t\u00fcm e\u011fitim\u2013\u00f6\u011fretim faaliyetleri ile hizmetlerde uluslararas\u0131 kalite standartlar\u0131na ula\u015fmak ve akademik birimlerin akreditasyonunu sa\u011flamak amac\u0131yla stratejik bir eylem plan\u0131 olu\u015fturduklar\u0131n\u0131 vurgulayan Rekt\u00f6r Budak,\u00a0 \u201cOlu\u015fumlar\u0131n\u0131 tamamlad\u0131\u011f\u0131m\u0131z yeni kurul ve komisyonlar\u0131m\u0131z\u0131n \u00e7at\u0131s\u0131 alt\u0131nda, kalite politikalar\u0131m\u0131z\u0131 sa\u011flam temellerde ve koordineli bir bi\u00e7imde y\u00fcr\u00fctt\u00fck. Akreditasyon \u00e7al\u0131\u015fmalar\u0131na ivme kazand\u0131rarak 11 olan akredite program say\u0131m\u0131z\u0131, 28\u2019e \u00e7\u0131kard\u0131k. Bu y\u0131lsonuna kadar da de\u011ferlendirme s\u00fcrecinde olan programlar\u0131m\u0131z\u0131n akreditasyonunu \u00f6nemli \u00f6l\u00e7\u00fcde tamamlayaca\u011f\u0131m\u0131za inan\u0131yoruz. Kalite ve akreditasyona ili\u015fkin \u00e7al\u0131\u015fmalar\u0131m\u0131z neticesinde Kurumsal Akreditasyon Program\u0131 ba\u015fvurumuz, Y\u00fcksek\u00f6\u011fretim Kalite Kurulu\u2019nun incelemeleri sonras\u0131 bir y\u0131l \u00f6nce resmi olarak kabul edildi. 209 \u00fcniversite i\u00e7erisinden 55 \u00fcniversitenin ba\u015fvurdu\u011fu ve 11 \u00fcniversitenin ba\u015fvurusunun kabul edildi\u011fi programda, Ege \u00dcniversitesi olarak yerimizi ald\u0131k.\u00a0 Bu ba\u015far\u0131n\u0131n ard\u0131ndan kalite s\u00fcrecine ili\u015fkin \u00e7al\u0131\u015fmalar\u0131m\u0131z\u0131 h\u0131z kesmeden devam ettirdik. \u0130lk kez ilimizin protokol ve kanaat \u00f6nderlerinin kat\u0131l\u0131m\u0131yla Dan\u0131\u015fma Kurulu toplant\u0131m\u0131z\u0131 d\u00fczenledik.\u00a0 Bu toplant\u0131 \u00e7\u0131kt\u0131lar\u0131, \u00fcniversitemizin e\u011fitim- \u00f6\u011fretim, ara\u015ft\u0131rma, kalite ve toplumsal katk\u0131 alanlar\u0131ndaki faaliyetlerinin geli\u015ftirilmesi noktas\u0131nda bizlere \u00f6nemli bir rehber oldu. Bu s\u00fcre\u00e7te\u00a0 \u00fcniversitemizdeki bilim iklimini daha da g\u00fc\u00e7lendirdik\u201d dedi.<\/p>\n<p style=\"text-align: justify;\"><b>\u201cBu ba\u015far\u0131 di\u011fer \u00fcniversitelere de \u00f6rnek te\u015fkil edecek\u201d<\/b><\/p>\n<p style=\"text-align: justify;\"><img loading=\"lazy\" decoding=\"async\" class=\"size-medium wp-image-4015 alignright\" src=\"http:\/\/www.euegeajans.com\/wp-content\/uploads\/2021\/06\/EGE-TAM-AKREDITASYON-TOREN-4-300x200.jpg\" alt=\"\" width=\"300\" height=\"200\" srcset=\"https:\/\/www.euegeajans.com\/wp-content\/uploads\/2021\/06\/EGE-TAM-AKREDITASYON-TOREN-4-300x200.jpg 300w, https:\/\/www.euegeajans.com\/wp-content\/uploads\/2021\/06\/EGE-TAM-AKREDITASYON-TOREN-4-1024x683.jpg 1024w, https:\/\/www.euegeajans.com\/wp-content\/uploads\/2021\/06\/EGE-TAM-AKREDITASYON-TOREN-4-768x512.jpg 768w, https:\/\/www.euegeajans.com\/wp-content\/uploads\/2021\/06\/EGE-TAM-AKREDITASYON-TOREN-4-1536x1024.jpg 1536w, https:\/\/www.euegeajans.com\/wp-content\/uploads\/2021\/06\/EGE-TAM-AKREDITASYON-TOREN-4-2048x1365.jpg 2048w\" sizes=\"auto, (max-width: 300px) 100vw, 300px\" \/>Ege \u00dcniversitesinin bug\u00fcnk\u00fc ba\u015far\u0131 modelinden pek \u00e7ok \u00fcniversitenin de yararlanabilece\u011fine inand\u0131klar\u0131n\u0131 ifade eden Rekt\u00f6r Budak, \u201cBug\u00fcn,\u00a0 Ege \u00dcniversitesi 5 y\u0131ll\u0131k Tam Akreditasyon almas\u0131yla birlikte;\u00a0 e\u011fitim ve \u00f6\u011fretimde kalitesini tescillemi\u015f, bulundu\u011fu b\u00f6lgeyle b\u00fct\u00fcnle\u015fmi\u015f, ya\u015fam boyu \u00f6\u011frenmeyidestekleyen tematik yap\u0131s\u0131yla, dinamik ve \u00f6\u011frenci odakl\u0131 bir y\u00f6netim modeline sahip, bilimsel \u00e7e\u015fitlili\u011fi y\u00fcksek, akademik potansiyelin kamp\u00fcs s\u0131n\u0131rlar\u0131 d\u0131\u015f\u0131na ta\u015f\u0131nd\u0131\u011f\u0131 huzurlu ve g\u00fc\u00e7l\u00fc bir \u00fcniversite oldu\u011funu tescillemi\u015ftir. Kalite ve akreditasyon, \u00fcniversitelerin e\u011fitim ve \u00f6\u011fretimde g\u00fcncel yakla\u015f\u0131mlar\u0131 b\u00fcnyesine entegre etti\u011finin, \u00e7a\u011f\u0131n de\u011fi\u015fen ihtiya\u00e7 ve beklentilerini kar\u015f\u0131lama noktas\u0131nda ba\u015far\u0131l\u0131 oldu\u011funun teminat\u0131d\u0131r. Dolay\u0131s\u0131yla, gen\u00e7lerimizin meslek ya\u015famlar\u0131n\u0131n gerektirdi\u011fi ki\u015fisel ve akademik donan\u0131ma sahip olabilmelerinin g\u00fcvencesi de kalite kavram\u0131n\u0131n e\u011fitim ve \u00f6\u011fretim s\u00fcrecinin t\u00fcm basamaklar\u0131na etki etmesinden kaynaklanmaktad\u0131r. Bu nedenle kalite kavram\u0131n\u0131n bir kurum k\u00fclt\u00fcr\u00fc olarak benimsendi\u011fi, e\u011fitim programlar\u0131n\u0131n akredite edildi\u011fi bir \u00fcniversitede e\u011fitim g\u00f6ren \u00f6\u011frencilerimiz, gelece\u011fe bir ad\u0131m daha \u00f6nde ba\u015flayacakt\u0131r\u201d diye konu\u015ftu.<\/p>\n<p style=\"text-align: justify;\"><b>\u00c7ok daha g\u00fc\u00e7l\u00fc bir Ege \u00dcniversitesi<\/b><\/p>\n<p style=\"text-align: justify;\">Yeni d\u00f6neme \u00e7ok daha g\u00fc\u00e7l\u00fc bir Ege \u00dcniversitesi olarak ba\u015flayacak olman\u0131n gururu ve heyecan\u0131 i\u00e7erisinde olduklar\u0131n\u0131 s\u00f6yleyen Rekt\u00f6r Budak, \u201c\u00dcniversitemizin kurumsal akreditasyonda katk\u0131s\u0131 olan t\u00fcm mensuplar\u0131m\u0131z\u0131 y\u00fcrekten kutluyor; s\u00fcre\u00e7 boyunca de\u011ferli yol g\u00f6stericiliklerinden dolay\u0131 Y\u00d6KAK\u2019a ve bize ayna tutan, geribildirimlerinden \u00e7ok faydaland\u0131\u011f\u0131m\u0131z Y\u00d6KAK de\u011ferlendirme tak\u0131m\u0131na sonsuz te\u015fekk\u00fcrlerimi iletiyorum. \u00dcniversitemizin son y\u0131llardaki akademik de\u011fi\u015fim-d\u00f6n\u00fc\u015f\u00fcm yolculu\u011funda, her daim maddi ve manevi deste\u011fini bizlerden esirgemeyen ba\u015fta <img loading=\"lazy\" decoding=\"async\" class=\"size-medium wp-image-4014 alignleft\" src=\"http:\/\/www.euegeajans.com\/wp-content\/uploads\/2021\/06\/EGE-MUZAFFER-ELMAS-NECDET-BUDAK-TAM-AKREDITASYON-TOREN-1-300x200.jpg\" alt=\"\" width=\"300\" height=\"200\" srcset=\"https:\/\/www.euegeajans.com\/wp-content\/uploads\/2021\/06\/EGE-MUZAFFER-ELMAS-NECDET-BUDAK-TAM-AKREDITASYON-TOREN-1-300x200.jpg 300w, https:\/\/www.euegeajans.com\/wp-content\/uploads\/2021\/06\/EGE-MUZAFFER-ELMAS-NECDET-BUDAK-TAM-AKREDITASYON-TOREN-1-1024x683.jpg 1024w, https:\/\/www.euegeajans.com\/wp-content\/uploads\/2021\/06\/EGE-MUZAFFER-ELMAS-NECDET-BUDAK-TAM-AKREDITASYON-TOREN-1-768x512.jpg 768w, https:\/\/www.euegeajans.com\/wp-content\/uploads\/2021\/06\/EGE-MUZAFFER-ELMAS-NECDET-BUDAK-TAM-AKREDITASYON-TOREN-1-1536x1024.jpg 1536w, https:\/\/www.euegeajans.com\/wp-content\/uploads\/2021\/06\/EGE-MUZAFFER-ELMAS-NECDET-BUDAK-TAM-AKREDITASYON-TOREN-1-2048x1365.jpg 2048w\" sizes=\"auto, (max-width: 300px) 100vw, 300px\" \/>Cumhurba\u015fkan\u0131m\u0131z Say\u0131n Recep Tayyip Erdo\u011fan olmak \u00fczere Son Ba\u015fbakan\u0131m\u0131z \u0130zmir Milletvekili Binali Y\u0131ld\u0131r\u0131m\u2019a, Y\u00d6K Ba\u015fkan\u0131m\u0131z Say\u0131n Prof. Dr. Yekta Sara\u00e7\u2019a ve devlet erk\u00e2n\u0131m\u0131za katk\u0131 ve desteklerinden dolay\u0131 \u015f\u00fckranlar\u0131m\u0131 sunuyorum\u201d dedi.<\/p>\n<p style=\"text-align: justify;\">Konu\u015fmalar\u0131n ard\u0131ndan Y\u00d6KAK Ba\u015fkan\u0131 Prof. Dr. Muzaffer Elmas, Tam Akreditasyon Belgesini Rekt\u00f6r Prof. Dr. Necdet Budak\u2019a takdim etti. T\u00f6rende ayr\u0131ca E\u00dc Medya Uygulama ve Ara\u015ft\u0131rma Merkezi taraf\u0131ndan haz\u0131rlanan akreditasyon s\u00fcreci video g\u00f6sterimi ve Devlet T\u00fcrk Musikisi Konservatuvar\u0131 \u00f6\u011fretim \u00fcyesi kanun sanat\u00e7\u0131s\u0131 Do\u00e7. Dr. Halil Alt\u0131nk\u00f6pr\u00fc\u2019n\u00fcn kanun dinletisi ger\u00e7ekle\u015ftirildi.<\/p>\n","protected":false},"excerpt":{"rendered":"<p>Y\u00d6KAK Ba\u015fkan\u0131 Elmas, \u201cE\u00dc bu a\u015famadan sonra s\u00fcrekli iyile\u015ferek m\u00fckemmelli\u011fe do\u011fru h\u0131zla ilerleyecek\u201d T\u00fcrkiye\u2019de tam&#8230;<\/p>\n","protected":false},"author":2,"featured_media":4010,"comment_status":"open","ping_status":"open","sticky":false,"template":"","format":"standard","meta":{"footnotes":""},"categories":[1,70],"tags":[],"class_list":["post-4009","post","type-post","status-publish","format-standard","has-post-thumbnail","hentry","category-gncl","category-kampus"],"featured_image_urls":{"full":["https:\/\/www.euegeajans.com\/wp-content\/uploads\/2021\/06\/EGE-TAM-AKREDITASYON-TOREN-5-scaled.jpg",2560,1707,false],"thumbnail":["https:\/\/www.euegeajans.com\/wp-content\/uploads\/2021\/06\/EGE-TAM-AKREDITASYON-TOREN-5-150x150.jpg",150,150,true],"medium":["https:\/\/www.euegeajans.com\/wp-content\/uploads\/2021\/06\/EGE-TAM-AKREDITASYON-TOREN-5-300x200.jpg",300,200,true],"medium_large":["https:\/\/www.euegeajans.com\/wp-content\/uploads\/2021\/06\/EGE-TAM-AKREDITASYON-TOREN-5-768x512.jpg",640,427,true],"large":["https:\/\/www.euegeajans.com\/wp-content\/uploads\/2021\/06\/EGE-TAM-AKREDITASYON-TOREN-5-1024x683.jpg",640,427,true],"1536x1536":["https:\/\/www.euegeajans.com\/wp-content\/uploads\/2021\/06\/EGE-TAM-AKREDITASYON-TOREN-5-1536x1024.jpg",1536,1024,true],"2048x2048":["https:\/\/www.euegeajans.com\/wp-content\/uploads\/2021\/06\/EGE-TAM-AKREDITASYON-TOREN-5-2048x1366.jpg",2048,1366,true],"newsphere-slider-full":["https:\/\/www.euegeajans.com\/wp-content\/uploads\/2021\/06\/EGE-TAM-AKREDITASYON-TOREN-5-1280x720.jpg",1280,720,true],"newsphere-featured":["https:\/\/www.euegeajans.com\/wp-content\/uploads\/2021\/06\/EGE-TAM-AKREDITASYON-TOREN-5-1024x683.jpg",1024,683,true],"newsphere-medium":["https:\/\/www.euegeajans.com\/wp-content\/uploads\/2021\/06\/EGE-TAM-AKREDITASYON-TOREN-5-720x380.jpg",720,380,true]},"author_info":{"display_name":"Editor","author_link":"https:\/\/www.euegeajans.com\/index.php\/author\/editor\/"},"category_info":"<a href=\"https:\/\/www.euegeajans.com\/index.php\/category\/gncl\/\" rel=\"category tag\">G\u00fcncel<\/a> <a href=\"https:\/\/www.euegeajans.com\/index.php\/category\/kampus\/\" rel=\"category tag\">Kamp\u00fcs<\/a>","tag_info":"Kamp\u00fcs","comment_count":"0","_links":{"self":[{"href":"https:\/\/www.euegeajans.com\/index.php\/wp-json\/wp\/v2\/posts\/4009","targetHints":{"allow":["GET"]}}],"collection":[{"href":"https:\/\/www.euegeajans.com\/index.php\/wp-json\/wp\/v2\/posts"}],"about":[{"href":"https:\/\/www.euegeajans.com\/index.php\/wp-json\/wp\/v2\/types\/post"}],"author":[{"embeddable":true,"href":"https:\/\/www.euegeajans.com\/index.php\/wp-json\/wp\/v2\/users\/2"}],"replies":[{"embeddable":true,"href":"https:\/\/www.euegeajans.com\/index.php\/wp-json\/wp\/v2\/comments?post=4009"}],"version-history":[{"count":4,"href":"https:\/\/www.euegeajans.com\/index.php\/wp-json\/wp\/v2\/posts\/4009\/revisions"}],"predecessor-version":[{"id":32615,"href":"https:\/\/www.euegeajans.com\/index.php\/wp-json\/wp\/v2\/posts\/4009\/revisions\/32615"}],"wp:featuredmedia":[{"embeddable":true,"href":"https:\/\/www.euegeajans.com\/index.php\/wp-json\/wp\/v2\/media\/4010"}],"wp:attachment":[{"href":"https:\/\/www.euegeajans.com\/index.php\/wp-json\/wp\/v2\/media?parent=4009"}],"wp:term":[{"taxonomy":"category","embeddable":true,"href":"https:\/\/www.euegeajans.com\/index.php\/wp-json\/wp\/v2\/categories?post=4009"},{"taxonomy":"post_tag","embeddable":true,"href":"https:\/\/www.euegeajans.com\/index.php\/wp-json\/wp\/v2\/tags?post=4009"}],"curies":[{"name":"wp","href":"https:\/\/api.w.org\/{rel}","templated":true}]}}