{"id":3997,"date":"2021-06-25T05:10:00","date_gmt":"2021-06-25T05:10:00","guid":{"rendered":"https:\/\/www.euegeajans.com\/?p=3997"},"modified":"2021-06-25T08:13:59","modified_gmt":"2021-06-25T08:13:59","slug":"euden-ozel-bireylerin-istihdamina-yonelik-sertifika-programi","status":"publish","type":"post","link":"https:\/\/www.euegeajans.com\/index.php\/2021\/06\/25\/euden-ozel-bireylerin-istihdamina-yonelik-sertifika-programi\/","title":{"rendered":"E\u00dc\u2019den \u00f6zel bireylerin istihdam\u0131na y\u00f6nelik sertifika program\u0131"},"content":{"rendered":"<p style=\"text-align: justify;\"><img loading=\"lazy\" decoding=\"async\" class=\"size-medium wp-image-4000 alignleft\" src=\"http:\/\/www.euegeajans.com\/wp-content\/uploads\/2021\/06\/engelsiz-sukulent-uretimi3-225x300.jpg\" alt=\"\" width=\"225\" height=\"300\" \/>Sukulent \u00fcretiminde bilgi ve beceri kazand\u0131lar\u2026<\/p>\n<p style=\"text-align: justify;\"><b>E\u00dc\u2019den \u00f6zel bireylerin istihdam\u0131na y\u00f6nelik sertifika program\u0131<\/b><\/p>\n<p style=\"text-align: justify;\">Gen\u00e7lik ve Spor Bakanl\u0131\u011f\u0131n\u0131n \u201cGen\u00e7lik Projeleri Destek Program\u0131\u201d kapsam\u0131nda y\u00fcr\u00fct\u00fclen Engelsiz \u00c7i\u00e7ek \u00dcretim Merkezi Projesine destek amac\u0131yla; <b>\u00a0<\/b>Ege \u00dcniversitesi S\u00fcrekli E\u011fitim Merkezi (EGESEM), Bay\u0131nd\u0131r Meslek Y\u00fcksekokulu, Bay\u0131nd\u0131r Engelliler Derne\u011fi ve Bay\u0131nd\u0131r Gen\u00e7lik Merkezi ortakl\u0131\u011f\u0131nda \u201cEngelsiz Sukulent \u00dcretimi\u201d sertifika program\u0131 d\u00fczenlendi. Teorik ve uygulamal\u0131 e\u011fitimleri i\u00e7eren programda, 15-25 ya\u015f aras\u0131 engelli gen\u00e7lerin bitkisel \u00fcretimde istihdam edilebilecek kalifiye eleman olarak bilgi ve beceri kazanmalar\u0131 hedeflendi.<\/p>\n<p style=\"text-align: justify;\">EGESEM M\u00fcd\u00fcr\u00fc Do\u00e7. Dr. Arife Karada\u011f, \u201cBay\u0131nd\u0131r Meslek Y\u00fcksekokulumuzun deste\u011fi ile \u00f6zel \u00e7ocuklar\u0131m\u0131z\u0131n ve gen\u00e7lerimizin bitki \u00fcretiminde bilgi ve beceri kazanmalar\u0131 ad\u0131na b\u00f6yle bir \u00e7al\u0131\u015fma ger\u00e7ekle\u015ftirdik. Onlar\u0131n toplum i\u00e7erisinde g\u00fc\u00e7lenerek var olmalar\u0131 ad\u0131na bilgi, beceri ve \u00f6zg\u00fcvenlerini geli\u015ftirecek her t\u00fcrl\u00fc e\u011fitimi vermeyi sorumluluk say\u0131yoruz. \u00d6zel \u00e7ocuklar\u0131m\u0131z\u0131 desteklemek EGESEM i\u00e7in hep \u00f6ncelikli olmu\u015ftur olmaya da devam edecektir\u201d diye konu\u015ftu.<\/p>\n<p style=\"text-align: justify;\">E\u00dc Bay\u0131nd\u0131r MYO M\u00fcd\u00fcr\u00fc Dr. \u00d6\u011fretim \u00dcyesi Handan \u00c7akar ise, \u201cBu program, \u00f6zel bireylere; bitkisel \u00fcretim alan\u0131nda sukulentler konusunda yeterli bilgi almalar\u0131, sertifika edinmeleri ve ilgili i\u015fletmelerde istihdam edilebilmeleri a\u00e7\u0131s\u0131ndan \u00f6nemli bir f\u0131rsat sa\u011flanm\u0131\u015ft\u0131r. Ayr\u0131ca, programa kat\u0131lan engelli gen\u00e7lerin di\u011fer bireylerle birlikte \u00e7al\u0131\u015fmalar\u0131, kuracaklar\u0131 sosyal ileti\u015fim konusunda gerekli becerileri kazanmalar\u0131na da olanak tan\u0131nm\u0131\u015ft\u0131r\u201d dedi.<\/p>\n<p style=\"text-align: justify;\">Sertifika program\u0131 kapsam\u0131nda, Bay\u0131nd\u0131r MYO \u00f6\u011fretim elemanlar\u0131 Dr. \u00d6\u011fretim \u00dcyesi \u00d6zlem Akat Sara\u00e7o\u011flu ve Dr. \u00d6\u011fretim \u00dcyesi Cenk Ceyhun K\u0131l\u0131\u00e7 taraf\u0131ndan 16 saat teorik ve uygulamal\u0131 e\u011fitim verildi. E\u011fitimlerde; \u00a0\u201cSukulent \u00c7e\u015fitlerini Tan\u0131ma\u201d, \u201cToprak Haz\u0131rlama\u201d, \u201c\u00dcretim Y\u00f6ntemleri\u201d ve \u201cSulama Teknikleri\u201d konular\u0131nda \u00f6zel bireylere beceriler kazand\u0131r\u0131ld\u0131. Kurs sonunda ba\u015far\u0131l\u0131 olan kat\u0131l\u0131mc\u0131lar, sertifikalar\u0131n\u0131 alarak kendi merkezleri taraf\u0131ndan olu\u015fturulan sukulent bitki seras\u0131nda g\u00f6n\u00fcll\u00fc olarak \u00e7al\u0131\u015fmaya ba\u015flad\u0131.<\/p>\n<p><img loading=\"lazy\" decoding=\"async\" class=\"alignnone size-medium wp-image-4001\" src=\"http:\/\/www.euegeajans.com\/wp-content\/uploads\/2021\/06\/engelsiz-sukulent-uretimi-1-300x225.jpg\" alt=\"\" width=\"300\" height=\"225\" \/> <img loading=\"lazy\" decoding=\"async\" class=\"alignnone size-medium wp-image-4002\" src=\"http:\/\/www.euegeajans.com\/wp-content\/uploads\/2021\/06\/engelsiz-sukulent-uretimi2-300x225.jpg\" alt=\"\" width=\"300\" height=\"225\" srcset=\"https:\/\/www.euegeajans.com\/wp-content\/uploads\/2021\/06\/engelsiz-sukulent-uretimi2-300x225.jpg 300w, https:\/\/www.euegeajans.com\/wp-content\/uploads\/2021\/06\/engelsiz-sukulent-uretimi2-1024x768.jpg 1024w, https:\/\/www.euegeajans.com\/wp-content\/uploads\/2021\/06\/engelsiz-sukulent-uretimi2-768x576.jpg 768w, https:\/\/www.euegeajans.com\/wp-content\/uploads\/2021\/06\/engelsiz-sukulent-uretimi2-1536x1152.jpg 1536w, https:\/\/www.euegeajans.com\/wp-content\/uploads\/2021\/06\/engelsiz-sukulent-uretimi2.jpg 1600w\" sizes=\"auto, (max-width: 300px) 100vw, 300px\" \/><\/p>\n","protected":false},"excerpt":{"rendered":"<p>Sukulent \u00fcretiminde bilgi ve beceri kazand\u0131lar\u2026 E\u00dc\u2019den \u00f6zel bireylerin istihdam\u0131na y\u00f6nelik sertifika program\u0131 Gen\u00e7lik ve&#8230;<\/p>\n","protected":false},"author":2,"featured_media":0,"comment_status":"open","ping_status":"open","sticky":false,"template":"","format":"standard","meta":{"footnotes":""},"categories":[1],"tags":[],"class_list":["post-3997","post","type-post","status-publish","format-standard","hentry","category-gncl"],"featured_image_urls":{"full":"","thumbnail":"","medium":"","medium_large":"","large":"","1536x1536":"","2048x2048":"","newsphere-slider-full":"","newsphere-featured":"","newsphere-medium":""},"author_info":{"display_name":"Editor","author_link":"https:\/\/www.euegeajans.com\/index.php\/author\/editor\/"},"category_info":"<a href=\"https:\/\/www.euegeajans.com\/index.php\/category\/gncl\/\" rel=\"category tag\">G\u00fcncel<\/a>","tag_info":"G\u00fcncel","comment_count":"0","_links":{"self":[{"href":"https:\/\/www.euegeajans.com\/index.php\/wp-json\/wp\/v2\/posts\/3997","targetHints":{"allow":["GET"]}}],"collection":[{"href":"https:\/\/www.euegeajans.com\/index.php\/wp-json\/wp\/v2\/posts"}],"about":[{"href":"https:\/\/www.euegeajans.com\/index.php\/wp-json\/wp\/v2\/types\/post"}],"author":[{"embeddable":true,"href":"https:\/\/www.euegeajans.com\/index.php\/wp-json\/wp\/v2\/users\/2"}],"replies":[{"embeddable":true,"href":"https:\/\/www.euegeajans.com\/index.php\/wp-json\/wp\/v2\/comments?post=3997"}],"version-history":[{"count":1,"href":"https:\/\/www.euegeajans.com\/index.php\/wp-json\/wp\/v2\/posts\/3997\/revisions"}],"predecessor-version":[{"id":4003,"href":"https:\/\/www.euegeajans.com\/index.php\/wp-json\/wp\/v2\/posts\/3997\/revisions\/4003"}],"wp:attachment":[{"href":"https:\/\/www.euegeajans.com\/index.php\/wp-json\/wp\/v2\/media?parent=3997"}],"wp:term":[{"taxonomy":"category","embeddable":true,"href":"https:\/\/www.euegeajans.com\/index.php\/wp-json\/wp\/v2\/categories?post=3997"},{"taxonomy":"post_tag","embeddable":true,"href":"https:\/\/www.euegeajans.com\/index.php\/wp-json\/wp\/v2\/tags?post=3997"}],"curies":[{"name":"wp","href":"https:\/\/api.w.org\/{rel}","templated":true}]}}