{"id":35592,"date":"2026-08-31T09:06:00","date_gmt":"2026-08-31T09:06:00","guid":{"rendered":"https:\/\/www.euegeajans.com\/?p=35592"},"modified":"2026-08-31T10:14:13","modified_gmt":"2026-08-31T10:14:13","slug":"ege-teknoparkta-ust-yonetim-ve-firma-yetkilileri-cay-saatinde-bulustu","status":"publish","type":"post","link":"https:\/\/www.euegeajans.com\/index.php\/2026\/08\/31\/ege-teknoparkta-ust-yonetim-ve-firma-yetkilileri-cay-saatinde-bulustu\/","title":{"rendered":"Ege Teknopark\u2019ta \u00fcst y\u00f6netim ve firma yetkilileri \u00a0\u2018\u00c7ay Saati\u2019nde bulu\u015ftu"},"content":{"rendered":"<p style=\"text-align: justify;\">Ege \u00dcniversitesi b\u00fcnyesinde faaliyet g\u00f6steren Ege Teknopark, her ay\u0131n son cuma g\u00fcn\u00fc d\u00fczenledi\u011fi \u00e7ay saati bulu\u015fmalar\u0131 ile \u00fcniversite y\u00f6netimi ve firma temsilcilerini bir araya getirerek ekosistemdeki i\u015f birli\u011fi a\u011f\u0131n\u0131 g\u00fc\u00e7lendirmeye devam ediyor.<\/p>\n<p style=\"text-align: justify;\">Ege \u00dcniversitesinin Ar-Ge, teknoloji ve inovasyon \u00fcss\u00fc olan Ege Teknopark taraf\u0131ndan d\u00fczenlenen \u201c\u00c7ay Saati\u201d bulu\u015fmas\u0131nda, teknopark b\u00fcnyesinde faaliyet g\u00f6steren firma sahipleri ve \u00e7al\u0131\u015fanlar\u0131 ile \u00fcniversite \u00fcst y\u00f6netimi bir araya geldi. Sosyalle\u015fme ve fikir al\u0131\u015fveri\u015fi amac\u0131 ta\u015f\u0131yan bulu\u015fmada Teknopark\u2019taki g\u00fcncel geli\u015fmeler, \u00fcniversite- sanayi i\u015f birliklerinin g\u00fc\u00e7lendirilmesi ve gelece\u011fe y\u00f6nelik projeler de\u011ferlendirildi.<\/p>\n<p style=\"text-align: justify;\">Ege Teknopark\u2019\u0131n ev sahipli\u011finde d\u00fczenlenen bulu\u015fmaya; Ege \u00dcniversitesi Rekt\u00f6r Yard\u0131mc\u0131lar\u0131 Prof. Dr. Aydo\u011fan Savran ve Prof. Dr. Tahir Ya\u011fd\u0131, Rekt\u00f6r Dan\u0131\u015fman\u0131 Prof. Dr. Mehmet Ali Yurdusev, Ege Teknopark Genel M\u00fcd\u00fcr\u00fc \u0130rfan Konur ile \u00e7ok say\u0131da firma temsilcisi kat\u0131ld\u0131. Kat\u0131l\u0131mc\u0131lar, ger\u00e7ekle\u015ftirilen sohbette sekt\u00f6rdeki yenilikleri ve teknopark b\u00fcnyesinde y\u00fcr\u00fct\u00fclen \u00e7al\u0131\u015fmalar\u0131 isti\u015fare etme f\u0131rsat\u0131 buldu.<\/p>\n<p style=\"text-align: justify;\"><strong>Firmalar\u0131n beklenti ve \u00f6nerileri dinlendi<\/strong><\/p>\n<p style=\"text-align: justify;\">Samimi bir sohbet ortam\u0131nda ger\u00e7ekle\u015fen bulu\u015fmada, Ege Teknopark y\u00f6netimi ve \u00fcniversite temsilcileri, firmalar\u0131n g\u00f6r\u00fc\u015f, \u00f6neri ve beklentilerini tek tek dinledi. \u0130\u015f birli\u011fi ve ileti\u015fim a\u011f\u0131n\u0131 g\u00fc\u00e7lendirmeye y\u00f6nelik payla\u015f\u0131mlar\u0131n yap\u0131ld\u0131\u011f\u0131 etkinlikte, firmalar\u0131n kar\u015f\u0131la\u015ft\u0131\u011f\u0131 s\u00fcre\u00e7ler ve \u00e7\u00f6z\u00fcm yollar\u0131 hakk\u0131nda kar\u015f\u0131l\u0131kl\u0131 g\u00f6r\u00fc\u015f al\u0131\u015fveri\u015finde bulunuldu. Ege Teknopark yetkilileri, kat\u0131l\u0131mlar\u0131ndan dolay\u0131 t\u00fcm misafirlere ve firma temsilcilerine te\u015fekk\u00fcr ederek, ekosistemi canl\u0131 tutan bu t\u00fcr etkinliklerin \u00f6n\u00fcm\u00fczdeki s\u00fcre\u00e7te de devam edece\u011fini bildirdi.<\/p>\n<div id='gallery-1' class='gallery galleryid-35592 gallery-columns-2 gallery-size-medium'><figure class='gallery-item'>\n\t\t\t<div class='gallery-icon landscape'>\n\t\t\t\t<a href='https:\/\/www.euegeajans.com\/wp-content\/uploads\/2026\/08\/2-22.png'><img loading=\"lazy\" decoding=\"async\" width=\"300\" height=\"169\" src=\"https:\/\/www.euegeajans.com\/wp-content\/uploads\/2026\/08\/2-22.png\" class=\"attachment-medium size-medium\" alt=\"\" \/><\/a>\n\t\t\t<\/div><\/figure><figure class='gallery-item'>\n\t\t\t<div class='gallery-icon landscape'>\n\t\t\t\t<a href='https:\/\/www.euegeajans.com\/wp-content\/uploads\/2026\/08\/3-17.png'><img loading=\"lazy\" decoding=\"async\" width=\"300\" height=\"169\" src=\"https:\/\/www.euegeajans.com\/wp-content\/uploads\/2026\/08\/3-17.png\" class=\"attachment-medium size-medium\" alt=\"\" \/><\/a>\n\t\t\t<\/div><\/figure><figure class='gallery-item'>\n\t\t\t<div class='gallery-icon landscape'>\n\t\t\t\t<a href='https:\/\/www.euegeajans.com\/wp-content\/uploads\/2026\/08\/4-13.png'><img loading=\"lazy\" decoding=\"async\" width=\"300\" height=\"169\" src=\"https:\/\/www.euegeajans.com\/wp-content\/uploads\/2026\/08\/4-13.png\" class=\"attachment-medium size-medium\" alt=\"\" \/><\/a>\n\t\t\t<\/div><\/figure><figure class='gallery-item'>\n\t\t\t<div class='gallery-icon landscape'>\n\t\t\t\t<a href='https:\/\/www.euegeajans.com\/wp-content\/uploads\/2026\/08\/5-9.png'><img loading=\"lazy\" decoding=\"async\" width=\"300\" height=\"169\" src=\"https:\/\/www.euegeajans.com\/wp-content\/uploads\/2026\/08\/5-9.png\" class=\"attachment-medium size-medium\" alt=\"\" \/><\/a>\n\t\t\t<\/div><\/figure>\n\t\t<\/div>\n\n","protected":false},"excerpt":{"rendered":"<p>Ege \u00dcniversitesi b\u00fcnyesinde faaliyet g\u00f6steren Ege Teknopark, her ay\u0131n son cuma g\u00fcn\u00fc d\u00fczenledi\u011fi \u00e7ay saati bulu\u015fmalar\u0131 ile \u00fcniversite y\u00f6netimi ve firma temsilcilerini bir araya getirerek ekosistemdeki i\u015f birli\u011fi a\u011f\u0131n\u0131 g\u00fc\u00e7lendirmeye&hellip;<\/p>\n","protected":false},"author":2,"featured_media":35598,"comment_status":"closed","ping_status":"","sticky":false,"template":"","format":"standard","meta":{"footnotes":""},"categories":[1,11],"tags":[],"class_list":["post-35592","post","type-post","status-publish","format-standard","has-post-thumbnail","hentry","category-gncl","category-haber"],"_links":{"self":[{"href":"https:\/\/www.euegeajans.com\/index.php\/wp-json\/wp\/v2\/posts\/35592","targetHints":{"allow":["GET"]}}],"collection":[{"href":"https:\/\/www.euegeajans.com\/index.php\/wp-json\/wp\/v2\/posts"}],"about":[{"href":"https:\/\/www.euegeajans.com\/index.php\/wp-json\/wp\/v2\/types\/post"}],"author":[{"embeddable":true,"href":"https:\/\/www.euegeajans.com\/index.php\/wp-json\/wp\/v2\/users\/2"}],"replies":[{"embeddable":true,"href":"https:\/\/www.euegeajans.com\/index.php\/wp-json\/wp\/v2\/comments?post=35592"}],"version-history":[{"count":1,"href":"https:\/\/www.euegeajans.com\/index.php\/wp-json\/wp\/v2\/posts\/35592\/revisions"}],"predecessor-version":[{"id":35602,"href":"https:\/\/www.euegeajans.com\/index.php\/wp-json\/wp\/v2\/posts\/35592\/revisions\/35602"}],"wp:featuredmedia":[{"embeddable":true,"href":"https:\/\/www.euegeajans.com\/index.php\/wp-json\/wp\/v2\/media\/35598"}],"wp:attachment":[{"href":"https:\/\/www.euegeajans.com\/index.php\/wp-json\/wp\/v2\/media?parent=35592"}],"wp:term":[{"taxonomy":"category","embeddable":true,"href":"https:\/\/www.euegeajans.com\/index.php\/wp-json\/wp\/v2\/categories?post=35592"},{"taxonomy":"post_tag","embeddable":true,"href":"https:\/\/www.euegeajans.com\/index.php\/wp-json\/wp\/v2\/tags?post=35592"}],"curies":[{"name":"wp","href":"https:\/\/api.w.org\/{rel}","templated":true}]}}