{"id":33402,"date":"2026-04-30T04:50:00","date_gmt":"2026-04-30T04:50:00","guid":{"rendered":"https:\/\/www.euegeajans.com\/?p=33402"},"modified":"2026-04-30T07:53:02","modified_gmt":"2026-04-30T07:53:02","slug":"ege-universitesinde-28-tanitim-gunleri-heyecani-basliyor","status":"publish","type":"post","link":"https:\/\/www.euegeajans.com\/index.php\/2026\/04\/30\/ege-universitesinde-28-tanitim-gunleri-heyecani-basliyor\/","title":{"rendered":"Ege \u00dcniversitesinde &#8220;28. Tan\u0131t\u0131m G\u00fcnleri&#8221; heyecan\u0131 ba\u015fl\u0131yor"},"content":{"rendered":"<p style=\"text-align: justify;\">T\u00fcrkiye\u2019nin en k\u00f6kl\u00fc e\u011fitim kurumlar\u0131ndan biri olan Ege \u00dcniversitesi, 7-8 May\u0131s 2026 tarihlerinde ger\u00e7ekle\u015ftirece\u011fi 28. Tan\u0131t\u0131m G\u00fcnleri ile kap\u0131lar\u0131n\u0131 gelece\u011fin \u00fcniversite \u00f6\u011frencilerine a\u00e7\u0131yor.<\/p>\n<p style=\"text-align: justify;\">Ege \u00dcniversitesi, k\u00f6kl\u00fc birikimi, g\u00fc\u00e7l\u00fc akademik altyap\u0131s\u0131 ve gelece\u011fe y\u00f6n veren vizyonuyla aday \u00f6\u011frencileriyle bulu\u015fmaya haz\u0131rlan\u0131yor. Geleneksel hale gelen ve bu y\u0131l 28&#8217;incisi d\u00fczenlenecek olan &#8220;Tan\u0131t\u0131m G\u00fcnleri&#8221;, 7-8 May\u0131s 2026 tarihlerinde Ege \u00dcniversitesi B\u00fcy\u00fck Spor Salonunda ger\u00e7ekle\u015ftirilecek. Etkinlik kapsam\u0131nda aday \u00f6\u011frenciler, hayallerindeki b\u00f6l\u00fcmler hakk\u0131nda detayl\u0131 bilgi al\u0131rken, kamp\u00fcs ya\u015fam\u0131n\u0131 da yerinde deneyimleme f\u0131rsat\u0131 bulacak.<\/p>\n<p style=\"text-align: justify;\">\u00dcniversite adaylar\u0131n\u0131 a\u011f\u0131rlayacak olman\u0131n heyecan\u0131n\u0131 ya\u015fad\u0131klar\u0131n\u0131 dile getiren Ege \u00dcniversitesi Rekt\u00f6r\u00fc Prof. Dr. Musa Alc\u0131, &#8221; 70 y\u0131l\u0131 a\u015fk\u0131n tecr\u00fcbemiz ile gelece\u011fin teminat\u0131 olan gen\u00e7lerimizi kamp\u00fcs\u00fcm\u00fczde a\u011f\u0131rlayacak olman\u0131n heyecan\u0131n\u0131 ya\u015f\u0131yoruz. 28. Tan\u0131t\u0131m G\u00fcnleri kapsam\u0131nda, aday \u00f6\u011frencilerimizin kariyer yolculuklar\u0131na \u0131\u015f\u0131k tutmay\u0131 ve onlara hayallerindeki \u00fcniversite ya\u015fam\u0131n\u0131 t\u00fcm detaylar\u0131yla tan\u0131tmay\u0131 hedefliyoruz. \u2018K\u00f6kl\u00fc Birikimiyle Bilimde \u00d6nc\u00fc, Ara\u015ft\u0131rmada G\u00fc\u00e7l\u00fc \u00dcniversite\u2019 olarak t\u00fcm gen\u00e7lerimizi \u00fcniversitemizin ayr\u0131cal\u0131kl\u0131 imkanlar\u0131n\u0131 ve kamp\u00fcs\u00fcm\u00fcz\u00fc ke\u015ffetmeye davet ediyoruz&#8221; dedi.<\/p>\n<p style=\"text-align: justify;\"><b>Kurulacak stantlarda \u00f6\u011frenciler bilgilendirilecek<\/b><\/p>\n<p style=\"text-align: justify;\">Ege \u00dcniversitesinin sundu\u011fu geni\u015f akademik imkanlar\u0131n anlat\u0131laca\u011f\u0131 etkinlikte; fak\u00fclteler, y\u00fcksekokullar ve meslek y\u00fcksekokullar\u0131 kurulan stantlarda aday \u00f6\u011frencilerle bir araya gelecek. \u00d6\u011frenciler, tercih etmeyi d\u00fc\u015f\u00fcnd\u00fckleri b\u00f6l\u00fcmlerin ders i\u00e7erikleri, teknik altyap\u0131s\u0131, laboratuvar imkanlar\u0131 ve mezuniyet sonras\u0131 i\u015f olanaklar\u0131 hakk\u0131nda birinci a\u011f\u0131zdan bilgi edinebilecekler.\u00a0 \u00d6\u011frenciler ayr\u0131ca kamp\u00fcsteki sosyal, k\u00fclt\u00fcrel ve sportif olanaklar\u0131 da yak\u0131ndan g\u00f6recek.<\/p>\n<p><img loading=\"lazy\" decoding=\"async\" class=\"alignleft size-full wp-image-33404\" src=\"http:\/\/www.euegeajans.com\/wp-content\/uploads\/2026\/04\/3-47.jpg\" alt=\"\" width=\"1080\" height=\"1350\" \/><\/p>\n","protected":false},"excerpt":{"rendered":"<p>T\u00fcrkiye\u2019nin en k\u00f6kl\u00fc e\u011fitim kurumlar\u0131ndan biri olan Ege \u00dcniversitesi, 7-8 May\u0131s 2026 tarihlerinde ger\u00e7ekle\u015ftirece\u011fi 28&#8230;.<\/p>\n","protected":false},"author":2,"featured_media":29279,"comment_status":"open","ping_status":"open","sticky":false,"template":"","format":"standard","meta":{"footnotes":""},"categories":[69,99,1,70],"tags":[],"class_list":["post-33402","post","type-post","status-publish","format-standard","has-post-thumbnail","hentry","category-bilim","category-egitim","category-gncl","category-kampus"],"featured_image_urls":{"full":["https:\/\/www.euegeajans.com\/wp-content\/uploads\/2025\/07\/EGE-KAPI-FOTO-YENI.jpg",1251,785,false],"thumbnail":["https:\/\/www.euegeajans.com\/wp-content\/uploads\/2025\/07\/EGE-KAPI-FOTO-YENI-150x150.jpg",150,150,true],"medium":["https:\/\/www.euegeajans.com\/wp-content\/uploads\/2025\/07\/EGE-KAPI-FOTO-YENI-300x188.jpg",300,188,true],"medium_large":["https:\/\/www.euegeajans.com\/wp-content\/uploads\/2025\/07\/EGE-KAPI-FOTO-YENI-768x482.jpg",640,402,true],"large":["https:\/\/www.euegeajans.com\/wp-content\/uploads\/2025\/07\/EGE-KAPI-FOTO-YENI-1024x643.jpg",640,402,true],"1536x1536":["https:\/\/www.euegeajans.com\/wp-content\/uploads\/2025\/07\/EGE-KAPI-FOTO-YENI.jpg",1251,785,false],"2048x2048":["https:\/\/www.euegeajans.com\/wp-content\/uploads\/2025\/07\/EGE-KAPI-FOTO-YENI.jpg",1251,785,false],"newsphere-slider-full":["https:\/\/www.euegeajans.com\/wp-content\/uploads\/2025\/07\/EGE-KAPI-FOTO-YENI-1251x720.jpg",1251,720,true],"newsphere-featured":["https:\/\/www.euegeajans.com\/wp-content\/uploads\/2025\/07\/EGE-KAPI-FOTO-YENI-1024x643.jpg",1024,643,true],"newsphere-medium":["https:\/\/www.euegeajans.com\/wp-content\/uploads\/2025\/07\/EGE-KAPI-FOTO-YENI-720x380.jpg",720,380,true]},"author_info":{"display_name":"Editor","author_link":"https:\/\/www.euegeajans.com\/index.php\/author\/editor\/"},"category_info":"<a href=\"https:\/\/www.euegeajans.com\/index.php\/category\/bilim\/\" rel=\"category tag\">Bilim<\/a> <a href=\"https:\/\/www.euegeajans.com\/index.php\/category\/egitim\/\" rel=\"category tag\">E\u011fitim<\/a> <a href=\"https:\/\/www.euegeajans.com\/index.php\/category\/gncl\/\" rel=\"category tag\">G\u00fcncel<\/a> <a href=\"https:\/\/www.euegeajans.com\/index.php\/category\/kampus\/\" rel=\"category tag\">Kamp\u00fcs<\/a>","tag_info":"Kamp\u00fcs","comment_count":"0","_links":{"self":[{"href":"https:\/\/www.euegeajans.com\/index.php\/wp-json\/wp\/v2\/posts\/33402","targetHints":{"allow":["GET"]}}],"collection":[{"href":"https:\/\/www.euegeajans.com\/index.php\/wp-json\/wp\/v2\/posts"}],"about":[{"href":"https:\/\/www.euegeajans.com\/index.php\/wp-json\/wp\/v2\/types\/post"}],"author":[{"embeddable":true,"href":"https:\/\/www.euegeajans.com\/index.php\/wp-json\/wp\/v2\/users\/2"}],"replies":[{"embeddable":true,"href":"https:\/\/www.euegeajans.com\/index.php\/wp-json\/wp\/v2\/comments?post=33402"}],"version-history":[{"count":1,"href":"https:\/\/www.euegeajans.com\/index.php\/wp-json\/wp\/v2\/posts\/33402\/revisions"}],"predecessor-version":[{"id":33405,"href":"https:\/\/www.euegeajans.com\/index.php\/wp-json\/wp\/v2\/posts\/33402\/revisions\/33405"}],"wp:featuredmedia":[{"embeddable":true,"href":"https:\/\/www.euegeajans.com\/index.php\/wp-json\/wp\/v2\/media\/29279"}],"wp:attachment":[{"href":"https:\/\/www.euegeajans.com\/index.php\/wp-json\/wp\/v2\/media?parent=33402"}],"wp:term":[{"taxonomy":"category","embeddable":true,"href":"https:\/\/www.euegeajans.com\/index.php\/wp-json\/wp\/v2\/categories?post=33402"},{"taxonomy":"post_tag","embeddable":true,"href":"https:\/\/www.euegeajans.com\/index.php\/wp-json\/wp\/v2\/tags?post=33402"}],"curies":[{"name":"wp","href":"https:\/\/api.w.org\/{rel}","templated":true}]}}