{"id":33389,"date":"2026-04-30T05:30:00","date_gmt":"2026-04-30T05:30:00","guid":{"rendered":"https:\/\/www.euegeajans.com\/?p=33389"},"modified":"2026-04-30T07:45:11","modified_gmt":"2026-04-30T07:45:11","slug":"eude-turk-dunyasinda-ortak-turk-medyasi-sorunlar-ve-cozum-onerileri-konusuldu","status":"publish","type":"post","link":"https:\/\/www.euegeajans.com\/index.php\/2026\/04\/30\/eude-turk-dunyasinda-ortak-turk-medyasi-sorunlar-ve-cozum-onerileri-konusuldu\/","title":{"rendered":"\u00a0E\u00dc\u2019de \u201cT\u00fcrk D\u00fcnyas\u0131nda Ortak T\u00fcrk Medyas\u0131: Sorunlar ve \u00c7\u00f6z\u00fcm \u00d6nerileri\u201d konu\u015fuldu"},"content":{"rendered":"<p style=\"text-align: justify;\">Ege \u00dcniversitesi T\u00fcrk D\u00fcnyas\u0131 Ara\u015ft\u0131rmalar\u0131 Enstit\u00fcs\u00fc, T\u00fcrk D\u00fcnyas\u0131n\u0131n \u00f6nde gelen gazeteci ve medya temsilcilerini a\u011f\u0131rlayarak ortak bir medya dili olu\u015fturulmas\u0131 ve sekt\u00f6rel sorunlar\u0131n \u00e7\u00f6z\u00fcm\u00fc i\u00e7in \u00f6nemli bir panele ev sahipli\u011fi yapt\u0131.<\/p>\n<p style=\"text-align: justify;\">Ege \u00dcniversitesi (E\u00dc), T\u00fcrk D\u00fcnyas\u0131n\u0131n medya stratejilerini ve enformasyon altyap\u0131s\u0131n\u0131 g\u00fc\u00e7lendirecek \u00f6nemli bir bulu\u015fmaya imza att\u0131. E\u00dc T\u00fcrk D\u00fcnyas\u0131 Ara\u015ft\u0131rmalar\u0131 Enstit\u00fcs\u00fc Konferans Salonu\u2019nda d\u00fczenlenen \u201cT\u00fcrk D\u00fcnyas\u0131nda Ortak T\u00fcrk Medyas\u0131: Sorunlar ve \u00c7\u00f6z\u00fcm \u00d6nerileri\u201d paneli, T\u00fcrk co\u011frafyas\u0131ndan gelen temsilciler ve \u00f6\u011frencilerin kat\u0131l\u0131m\u0131yla ger\u00e7ekle\u015ftirildi.<\/p>\n<p style=\"text-align: justify;\">\u00dcN\u0130DES i\u015f birli\u011fiyle hayata ge\u00e7irilen etkinli\u011fe; Ege \u00dcniversitesi Rekt\u00f6r\u00fc Prof. Dr. Musa Alc\u0131, Ege \u00dcniversitesi \u00fcst y\u00f6netimi, T\u00fcrk D\u00fcnyas\u0131 Ara\u015ft\u0131rmalar\u0131 Enstit\u00fcs\u00fc M\u00fcd\u00fcr\u00fc Prof. Dr. At\u0131f Akg\u00fcn, akademisyenler ve \u00f6\u011frenciler kat\u0131ld\u0131. Panelde; T\u00fcrk devletleri aras\u0131ndaki enformasyon ak\u0131\u015f\u0131n\u0131n g\u00fc\u00e7lendirilmesi, k\u00fcresel dezenformasyonla m\u00fccadele ve ortak yay\u0131nc\u0131l\u0131k politikalar\u0131n\u0131n geli\u015ftirilmesi gibi stratejik konular t\u00fcm boyutlar\u0131yla ele al\u0131nd\u0131.<\/p>\n<p style=\"text-align: justify;\">Panelin a\u00e7\u0131l\u0131\u015f\u0131nda konu\u015fan Ege \u00dcniversitesi Rekt\u00f6r\u00fc Prof. Dr. Musa Alc\u0131, \u201cBilindi\u011fi gibi medya klasik demokratik teoride yasama, y\u00fcr\u00fctme ve yarg\u0131dan sonra gelen\u00a0\u2018d\u00f6rd\u00fcnc\u00fc kuvvet\u2019 olarak tan\u0131mlanmaktad\u0131r. \u00d6zellikle yak\u0131n d\u00f6nemde ileti\u015fim teknolojisindeki geli\u015fmeler her birimizin elindeki ak\u0131ll\u0131 telefonlar\u0131 birer medya ayg\u0131t\u0131 h\u00e2line getirmi\u015f ve sosyal medya ger\u00e7e\u011fiyle birlikte medya giderek g\u00fc\u00e7lenmi\u015ftir. D\u00f6rd\u00fcnc\u00fc kuvvet olarak nitelendirdi\u011fimiz medyan\u0131n g\u00fcc\u00fcn\u00fc toplumsal yap\u0131da meydana getirdi\u011fi de\u011fi\u015fimlerden okumak m\u00fcmk\u00fcnd\u00fcr. Bug\u00fcn burada medyan\u0131n T\u00fcrk D\u00fcnyas\u0131 ba\u011flam\u0131nda ele al\u0131nmas\u0131n\u0131 olduk\u00e7a anlaml\u0131 buldu\u011fumu belirtmek isterim. Ayn\u0131 dili, dini, tarihi ve k\u00fclt\u00fcr\u00fc payla\u015fan topluluklar\u0131n seslerinin daha g\u00fcr duyulmas\u0131nda medya \u015f\u00fcphesiz ilk temsil alan\u0131d\u0131r. Bundan bir as\u0131r \u00f6nce T\u00fcrk D\u00fcnyas\u0131 m\u00fctefekkirlerinden \u0130smail Gasp\u0131ral\u0131\u2019n\u0131n \u2018Dilde, fikirde, i\u015fte birlik\u2019 c\u00fcmlesiyle \u00f6zetledi\u011fi b\u00fct\u00fcnle\u015fme konusunda s\u00fcrekli mesafeler al\u0131nm\u0131\u015f ve bug\u00fcn T\u00fcrk Devletleri Te\u015fkilat\u0131 gibi kurulu\u015flarda bir araya gelen T\u00fcrk D\u00fcnyas\u0131n\u0131 g\u00f6rmekteyiz. T\u00fcrk D\u00fcnyas\u0131nda saflar\u0131n daha da yak\u0131nla\u015fmas\u0131, T\u00fcrk D\u00fcnyas\u0131n\u0131n birlik i\u00e7inde olmas\u0131nda ku\u015fkusuz en temel ara\u00e7lardan biri medya olmal\u0131d\u0131r\u201d dedi.<\/p>\n<p style=\"text-align: justify;\"><b>\u201cOrtak medya platformu kurulmas\u0131 kritik bir ihtiya\u00e7t\u0131r\u201d<\/b><\/p>\n<p style=\"text-align: justify;\">T\u00fcrk D\u00fcnyas\u0131n\u0131n medya ve enformasyon alan\u0131nda birle\u015fmesi gerekti\u011fini\u00a0vurgulayan Cumhurba\u015fkanl\u0131\u011f\u0131 \u0130leti\u015fim Ba\u015fkanl\u0131\u011f\u0131 \u0130zmir B\u00f6lge M\u00fcd\u00fcr\u00fc Cengiz Kutlu Y\u00fcksel, \u201c\u0130leti\u015fim Ba\u015fkanl\u0131\u011f\u0131, 1862\u2019ye uzanan k\u00f6kl\u00fc ge\u00e7mi\u015fi ve \u2018360 derece ileti\u015fim\u2019 anlay\u0131\u015f\u0131yla devletimizin tan\u0131t\u0131m politikalar\u0131n\u0131 ve stratejik ileti\u015fim faaliyetlerini y\u00fcr\u00fctmekte, C\u0130MER ve Dezenformasyonla M\u00fccadele Merkezi gibi kritik kanallar arac\u0131l\u0131\u011f\u0131yla devlet-millet ba\u011f\u0131n\u0131 g\u00fc\u00e7lendirmektedir. T\u00fcrk Devletleri Te\u015fkilat\u0131 \u00e7at\u0131s\u0131 alt\u0131nda \u2018T\u00fcrk D\u00fcnyas\u0131 2040 Vizyonu\u2019 do\u011frultusunda y\u00fcr\u00fct\u00fclen \u00e7al\u0131\u015fmalar, ortak bir medya platformunun kurulmas\u0131 ve haber ajanslar\u0131n\u0131n ortakla\u015fa faaliyet y\u00fcr\u00fctebilmesi; maruz kal\u0131nan dezenformasyonla m\u00fccadele etmek ve ortak tarih ile k\u00fclt\u00fcr \u00fczerine g\u00fc\u00e7l\u00fc bir gelecek in\u015fa etmek ad\u0131na kritik bir ihtiya\u00e7t\u0131r\u201d diye konu\u015ftu.<\/p>\n<p style=\"text-align: justify;\"><b>\u201cAyr\u0131l\u0131klar\u0131 de\u011fil ayn\u0131l\u0131klar\u0131 konu\u015fmay\u0131 kararla\u015ft\u0131rd\u0131k\u201d<\/b><\/p>\n<p style=\"text-align: justify;\">Ege \u00dcniversitesi T\u00fcrk D\u00fcnyas\u0131 Ara\u015ft\u0131rmalar\u0131 Enstit\u00fcs\u00fc M\u00fcd\u00fcr\u00fc Prof. Dr. At\u0131f Akg\u00fcn ortak de\u011ferlere odaklanan bir vizyonun gen\u00e7 nesille s\u00fcrd\u00fcr\u00fclmesine vurgu yapt\u0131. Prof. Dr. Akg\u00fcn, \u201cGen\u00e7lik ve Spor Bakanl\u0131\u011f\u0131m\u0131z\u0131n \u00dcN\u0130DES program\u0131 kapsam\u0131nda projeleri ikinci kez desteklenen T\u00fcrk D\u00fcnyas\u0131 Akademik Ara\u015ft\u0131rmalar Toplulu\u011funu tebrik ediyorum. Enstit\u00fc olarak 36 y\u0131ld\u0131r \u2018Ege&#8217;den T\u00fcrk D\u00fcnyas\u0131na A\u00e7\u0131lan Bilim Kap\u0131s\u0131\u2019 iddias\u0131yla T\u00fcrk D\u00fcnyas\u0131n\u0131 et\u00fct etmeye ve \u00e7\u00f6z\u00fcm \u00f6nerileri geli\u015ftirmeye devam ediyoruz. Uzun y\u0131llar aram\u0131za giren s\u0131n\u0131r ve alfabe farkl\u0131l\u0131klar\u0131na ra\u011fmen, asl\u0131nda ayn\u0131 g\u00f6n\u00fcl iklimini ve kaderi payla\u015ft\u0131\u011f\u0131m\u0131z\u0131n bilinciyle, art\u0131k ayr\u0131l\u0131klar\u0131 de\u011fil \u2018ayn\u0131l\u0131klar\u0131\u2019 konu\u015fmay\u0131 kararla\u015ft\u0131rd\u0131k. Bug\u00fcn bu ayn\u0131l\u0131klar\u0131n pe\u015fine d\u00fc\u015fen gen\u00e7 nesli ve davetimize icabet eden k\u0131ymetli medya mensuplar\u0131n\u0131 y\u00fcrekten kutluyorum\u201d dedi.<\/p>\n<p style=\"text-align: justify;\"><b>\u201cMedya, do\u011frudan bir jeopolitik g\u00fc\u00e7 enstr\u00fcman\u0131d\u0131r\u201d<\/b><\/p>\n<p style=\"text-align: justify;\">Ege \u00dcniversitesi T\u00fcrk D\u00fcnyas\u0131 Akademik Ara\u015ft\u0131rmalar Toplulu\u011fu Ba\u015fkan\u0131 Muharrem Turgut ise \u201c21. y\u00fczy\u0131lda medya, yaln\u0131zca bir ileti\u015fim arac\u0131 de\u011fil, do\u011frudan do\u011fruya bir jeopolitik g\u00fc\u00e7 enstr\u00fcman\u0131d\u0131r; bu nedenle T\u00fcrk D\u00fcnyas\u0131n\u0131n d\u0131\u015f kaynakl\u0131 anlat\u0131lar\u0131n etkisinden kurtulmas\u0131 stratejik bir zorunluluktur. \u0130smail Gasp\u0131ral\u0131\u2019n\u0131n \u2018Dilde, fikirde, i\u015fte birlik\u2019 ilkesi, art\u0131k veride ve enformasyon ak\u0131\u015f\u0131nda da sa\u011flanmak durumundad\u0131r. Bu noktada T\u00fcrkiye\u2019nin dezenformasyonla m\u00fccadele politikalar\u0131 ve hakikat \u00fcretim kapasitesi, proaktif bir ileti\u015fim stratejisinin in\u015fas\u0131 a\u00e7\u0131s\u0131ndan kritiktir. T\u00fcrk D\u00fcnyas\u0131 kendi hik\u00e2yesini yazmad\u0131\u011f\u0131 s\u00fcrece, ba\u015fkalar\u0131n\u0131n kurgular\u0131nda konumland\u0131r\u0131lmaya devam edecektir. Bu paneli, akademik bir etkinlikten \u00f6te stratejik bir ak\u0131l \u00fcretim zemini olarak g\u00f6r\u00fcyor, de\u011ferli kat\u0131l\u0131mc\u0131lar\u0131m\u0131za sunacaklar\u0131 katk\u0131lar i\u00e7in te\u015fekk\u00fcr ediyorum\u201d diye konu\u015ftu.<\/p>\n<p style=\"text-align: justify;\"><b>Gazeteciler deneyimlerini anlatt\u0131<\/b><\/p>\n<p style=\"text-align: justify;\">A\u00e7\u0131l\u0131\u015f konu\u015fmalar\u0131n\u0131n ard\u0131ndan ger\u00e7ekle\u015ftirilen oturumda,\u00a0T\u00fcrk D\u00fcnyas\u0131 medyas\u0131n\u0131n sahadaki temsilcileri sekt\u00f6rel deneyimlerini payla\u015ft\u0131. Oturuma; K\u0131r\u0131m Tatar Milli Meclisi T\u00fcrkiye Temsilcisi ve Gazeteci Zafer Karatay, Terc\u00fcman Medya Genel Yay\u0131n Y\u00f6netmeni G\u00fcls\u00fcm Khalilova, Kuzey Makedonya B\u00fcy\u00fckel\u00e7i \u00d6zel Kalemi ve Gazeteci G\u00fcls\u00fcm Mustafova, Kazakistanl\u0131 Gazeteci Meruert Pambetova ile Yeni \u00c7a\u011f Medya Grubu Y\u00f6netim Kurulu Ba\u015fkan\u0131 Agil Alesger konu\u015fmac\u0131 olarak kat\u0131larak, b\u00f6lge \u00fclkeleri aras\u0131ndaki medya entegrasyonu i\u00e7in somut \u00e7\u00f6z\u00fcm \u00f6nerileri sundular.<\/p>\n<div id='gallery-1' class='gallery galleryid-33389 gallery-columns-4 gallery-size-medium'><figure class='gallery-item'>\n\t\t\t<div class='gallery-icon landscape'>\n\t\t\t\t<a href='https:\/\/www.euegeajans.com\/wp-content\/uploads\/2026\/04\/5-32.jpg'><img loading=\"lazy\" decoding=\"async\" width=\"300\" height=\"169\" src=\"https:\/\/www.euegeajans.com\/wp-content\/uploads\/2026\/04\/5-32.jpg\" class=\"attachment-medium size-medium\" alt=\"\" \/><\/a>\n\t\t\t<\/div><\/figure><figure class='gallery-item'>\n\t\t\t<div class='gallery-icon landscape'>\n\t\t\t\t<a href='https:\/\/www.euegeajans.com\/wp-content\/uploads\/2026\/04\/4-41.jpg'><img loading=\"lazy\" decoding=\"async\" width=\"300\" height=\"169\" src=\"https:\/\/www.euegeajans.com\/wp-content\/uploads\/2026\/04\/4-41.jpg\" class=\"attachment-medium size-medium\" alt=\"\" \/><\/a>\n\t\t\t<\/div><\/figure><figure class='gallery-item'>\n\t\t\t<div class='gallery-icon landscape'>\n\t\t\t\t<a href='https:\/\/www.euegeajans.com\/wp-content\/uploads\/2026\/04\/7-14.jpg'><img loading=\"lazy\" decoding=\"async\" width=\"300\" height=\"169\" src=\"https:\/\/www.euegeajans.com\/wp-content\/uploads\/2026\/04\/7-14.jpg\" class=\"attachment-medium size-medium\" alt=\"\" \/><\/a>\n\t\t\t<\/div><\/figure><figure class='gallery-item'>\n\t\t\t<div class='gallery-icon landscape'>\n\t\t\t\t<a href='https:\/\/www.euegeajans.com\/wp-content\/uploads\/2026\/04\/3-46.jpg'><img loading=\"lazy\" decoding=\"async\" width=\"300\" height=\"169\" src=\"https:\/\/www.euegeajans.com\/wp-content\/uploads\/2026\/04\/3-46.jpg\" class=\"attachment-medium size-medium\" alt=\"\" \/><\/a>\n\t\t\t<\/div><\/figure><figure class='gallery-item'>\n\t\t\t<div class='gallery-icon landscape'>\n\t\t\t\t<a href='https:\/\/www.euegeajans.com\/wp-content\/uploads\/2026\/04\/6-20.jpg'><img loading=\"lazy\" decoding=\"async\" width=\"300\" height=\"169\" src=\"https:\/\/www.euegeajans.com\/wp-content\/uploads\/2026\/04\/6-20.jpg\" class=\"attachment-medium size-medium\" alt=\"\" \/><\/a>\n\t\t\t<\/div><\/figure><figure class='gallery-item'>\n\t\t\t<div class='gallery-icon landscape'>\n\t\t\t\t<a href='https:\/\/www.euegeajans.com\/wp-content\/uploads\/2026\/04\/8-9.jpg'><img loading=\"lazy\" decoding=\"async\" width=\"300\" height=\"169\" src=\"https:\/\/www.euegeajans.com\/wp-content\/uploads\/2026\/04\/8-9.jpg\" class=\"attachment-medium size-medium\" alt=\"\" \/><\/a>\n\t\t\t<\/div><\/figure><figure class='gallery-item'>\n\t\t\t<div class='gallery-icon landscape'>\n\t\t\t\t<a href='https:\/\/www.euegeajans.com\/wp-content\/uploads\/2026\/04\/9-6.jpg'><img loading=\"lazy\" decoding=\"async\" width=\"300\" height=\"169\" src=\"https:\/\/www.euegeajans.com\/wp-content\/uploads\/2026\/04\/9-6.jpg\" class=\"attachment-medium size-medium\" alt=\"\" \/><\/a>\n\t\t\t<\/div><\/figure>\n\t\t<\/div>\n\n","protected":false},"excerpt":{"rendered":"<p>Ege \u00dcniversitesi T\u00fcrk D\u00fcnyas\u0131 Ara\u015ft\u0131rmalar\u0131 Enstit\u00fcs\u00fc, T\u00fcrk D\u00fcnyas\u0131n\u0131n \u00f6nde gelen gazeteci ve medya temsilcilerini a\u011f\u0131rlayarak&#8230;<\/p>\n","protected":false},"author":2,"featured_media":33390,"comment_status":"open","ping_status":"open","sticky":false,"template":"","format":"standard","meta":{"footnotes":""},"categories":[69,99,1,70],"tags":[],"class_list":["post-33389","post","type-post","status-publish","format-standard","has-post-thumbnail","hentry","category-bilim","category-egitim","category-gncl","category-kampus"],"featured_image_urls":{"full":["https:\/\/www.euegeajans.com\/wp-content\/uploads\/2026\/04\/2-49.jpg",1920,1080,false],"thumbnail":["https:\/\/www.euegeajans.com\/wp-content\/uploads\/2026\/04\/2-49.jpg",150,84,false],"medium":["https:\/\/www.euegeajans.com\/wp-content\/uploads\/2026\/04\/2-49.jpg",300,169,false],"medium_large":["https:\/\/www.euegeajans.com\/wp-content\/uploads\/2026\/04\/2-49.jpg",640,360,false],"large":["https:\/\/www.euegeajans.com\/wp-content\/uploads\/2026\/04\/2-49.jpg",640,360,false],"1536x1536":["https:\/\/www.euegeajans.com\/wp-content\/uploads\/2026\/04\/2-49.jpg",1536,864,false],"2048x2048":["https:\/\/www.euegeajans.com\/wp-content\/uploads\/2026\/04\/2-49.jpg",1920,1080,false],"newsphere-slider-full":["https:\/\/www.euegeajans.com\/wp-content\/uploads\/2026\/04\/2-49.jpg",1280,720,false],"newsphere-featured":["https:\/\/www.euegeajans.com\/wp-content\/uploads\/2026\/04\/2-49.jpg",1024,576,false],"newsphere-medium":["https:\/\/www.euegeajans.com\/wp-content\/uploads\/2026\/04\/2-49.jpg",676,380,false]},"author_info":{"display_name":"Editor","author_link":"https:\/\/www.euegeajans.com\/index.php\/author\/editor\/"},"category_info":"<a href=\"https:\/\/www.euegeajans.com\/index.php\/category\/bilim\/\" rel=\"category tag\">Bilim<\/a> <a href=\"https:\/\/www.euegeajans.com\/index.php\/category\/egitim\/\" rel=\"category tag\">E\u011fitim<\/a> <a href=\"https:\/\/www.euegeajans.com\/index.php\/category\/gncl\/\" rel=\"category tag\">G\u00fcncel<\/a> <a href=\"https:\/\/www.euegeajans.com\/index.php\/category\/kampus\/\" rel=\"category tag\">Kamp\u00fcs<\/a>","tag_info":"Kamp\u00fcs","comment_count":"0","_links":{"self":[{"href":"https:\/\/www.euegeajans.com\/index.php\/wp-json\/wp\/v2\/posts\/33389","targetHints":{"allow":["GET"]}}],"collection":[{"href":"https:\/\/www.euegeajans.com\/index.php\/wp-json\/wp\/v2\/posts"}],"about":[{"href":"https:\/\/www.euegeajans.com\/index.php\/wp-json\/wp\/v2\/types\/post"}],"author":[{"embeddable":true,"href":"https:\/\/www.euegeajans.com\/index.php\/wp-json\/wp\/v2\/users\/2"}],"replies":[{"embeddable":true,"href":"https:\/\/www.euegeajans.com\/index.php\/wp-json\/wp\/v2\/comments?post=33389"}],"version-history":[{"count":2,"href":"https:\/\/www.euegeajans.com\/index.php\/wp-json\/wp\/v2\/posts\/33389\/revisions"}],"predecessor-version":[{"id":33401,"href":"https:\/\/www.euegeajans.com\/index.php\/wp-json\/wp\/v2\/posts\/33389\/revisions\/33401"}],"wp:featuredmedia":[{"embeddable":true,"href":"https:\/\/www.euegeajans.com\/index.php\/wp-json\/wp\/v2\/media\/33390"}],"wp:attachment":[{"href":"https:\/\/www.euegeajans.com\/index.php\/wp-json\/wp\/v2\/media?parent=33389"}],"wp:term":[{"taxonomy":"category","embeddable":true,"href":"https:\/\/www.euegeajans.com\/index.php\/wp-json\/wp\/v2\/categories?post=33389"},{"taxonomy":"post_tag","embeddable":true,"href":"https:\/\/www.euegeajans.com\/index.php\/wp-json\/wp\/v2\/tags?post=33389"}],"curies":[{"name":"wp","href":"https:\/\/api.w.org\/{rel}","templated":true}]}}