{"id":33376,"date":"2026-04-30T07:20:20","date_gmt":"2026-04-30T07:20:20","guid":{"rendered":"https:\/\/www.euegeajans.com\/?p=33376"},"modified":"2026-04-30T07:36:18","modified_gmt":"2026-04-30T07:36:18","slug":"tarimda-yapay-zeka-donusumu-masaya-yatirildi","status":"publish","type":"post","link":"https:\/\/www.euegeajans.com\/index.php\/2026\/04\/30\/tarimda-yapay-zeka-donusumu-masaya-yatirildi\/","title":{"rendered":"\u00a0\u201cTar\u0131mda yapay zeka d\u00f6n\u00fc\u015f\u00fcm\u00fc\u201d masaya yat\u0131r\u0131ld\u0131"},"content":{"rendered":"<p style=\"text-align: justify;\"><strong>Ege \u00dcniversitesine \u201cTam Otonom \u00c7iftlik\u201d kazand\u0131r\u0131lacak<\/strong><\/p>\n<p style=\"text-align: justify;\">Ege \u00dcniversitesinde d\u00fczenlenen \u201cYapay Zeka ve Otonom Sistemler ile Tar\u0131msal D\u00f6n\u00fc\u015f\u00fcm\u201d etkinli\u011finde, E\u00dc\u2019ye kazand\u0131r\u0131lacak tam otonom \u00e7iftlik projesi ile tar\u0131mda milli teknoloji hamlesinin yol haritas\u0131 payla\u015f\u0131ld\u0131.<\/p>\n<p style=\"text-align: justify;\"><b>Ege \u00dcniversitesinde T\u00dcME i\u015f birli\u011fi ile\u00a0 tam otonom \u00e7iftli\u011fi kurulmas\u0131n\u0131n m\u00fcjdesini veren Rekt\u00f6r Prof. Dr. Musa Alc\u0131, \u201cY\u00d6K ve T\u00dcME\u00a0 i\u015f birli\u011fiyle hayata ge\u00e7irilen \u00e7al\u0131\u015fmalar sayesinde, \u00fcniversiteler ile sekt\u00f6r aras\u0131nda g\u00fc\u00e7l\u00fc bir k\u00f6pr\u00fc kurulmaktad\u0131r. Bilgi ve \u00fcretim, ayn\u0131 noktada bulu\u015fmaktad\u0131r. Bu sayede \u00f6\u011frencilerimiz, sahada deneyim kazanarak daha donan\u0131ml\u0131 bireyler olarak yeti\u015fmektedir\u201d dedi.<\/b><\/p>\n<p style=\"text-align: justify;\">T\u00dcME Y\u00f6netim Kurulu Ba\u015fkan\u0131 Abdulkadir Karag\u00f6z, \u201cEge \u00dcniversitesi Menemen Ara\u015ft\u0131rma \u00c7iftli\u011finde kurulacak olan otonom sistem, \u00fcreticilerle akademisyenleri bir araya getiren ya\u015fayan bir platform olacak. Burada geli\u015ftirilecek start-up projeleri, T\u00fcrkiye\u2019nin tar\u0131m ve teknoloji vizyonunu d\u00fcnya standartlar\u0131n\u0131n \u00fczerine ta\u015f\u0131yacakt\u0131r\u201d dedi.<\/p>\n<p style=\"text-align: justify;\">Tar\u0131m Teknolojileri \u00dcretim ve M\u00fchendislik Ekosistemi (T\u00dcME) koordinasyonunda, Ege \u00dcniversitesi ev sahipli\u011finde \u201cYapay Zek\u00e2 ve Otonom Sistemler ile Tar\u0131msal D\u00f6n\u00fc\u015f\u00fcm\u201d ba\u015fl\u0131kl\u0131 etkinlik d\u00fczenlendi. Tar\u0131mda dijitalle\u015fmenin ve yenilik\u00e7i teknolojilerin gelece\u011finin konu\u015fuldu\u011fu etkinlikte konu\u015fmac\u0131 olarak E\u00dc Rekt\u00f6r\u00fc Prof. Dr. Musa Alc\u0131, T\u00dcME Y\u00f6netim Kurulu Ba\u015fkan\u0131 Abdulkadir Karag\u00f6z ve Tar\u0131m Giri\u015fimcisi Emrullah G\u00f6kg\u00f6z yer ald\u0131. Fen Fak\u00fcltesi Konferans Salonunda d\u00fczenlenen etkinli\u011fe \u00fcniversite \u00fcst y\u00f6netimi, senato \u00fcyeleri, \u00e7ok say\u0131da akademisyen ve \u00f6\u011frenci kat\u0131ld\u0131.<\/p>\n<p style=\"text-align: justify;\">Sayg\u0131 duru\u015fu ve \u0130stiklal Mar\u015f\u0131 ile ba\u015flayan program\u0131n a\u00e7\u0131l\u0131\u015f\u0131nda konu\u015fan Ege \u00dcniversitesi Rekt\u00f6r\u00fc Prof. Dr. Musa Alc\u0131, \u201c\u00dcniversite olarak; tar\u0131m teknolojilerinin geli\u015ftirilmesini destekleyen, yapay zeka ve ileri teknolojileri e\u011fitim s\u00fcre\u00e7lerimize entegre eden b\u00fct\u00fcnc\u00fcl bir anlay\u0131\u015fla hareket ediyoruz. G\u00fcn\u00fcm\u00fczde tar\u0131m sekt\u00f6r\u00fc, dijitalle\u015fme ve ileri teknolojilerin etkisiyle k\u00f6kl\u00fc bir d\u00f6n\u00fc\u015f\u00fcm s\u00fcrecinden ge\u00e7mektedir. Yapay zeka, otonom sistemler ve veri temelli uygulamalar; \u00fcretim s\u00fcre\u00e7lerini daha verimli, s\u00fcrd\u00fcr\u00fclebilir ve \u00f6ng\u00f6r\u00fclebilir hale getirirken ayn\u0131 zamanda nitelikli insan kayna\u011f\u0131 ihtiyac\u0131n\u0131 da art\u0131rmaktad\u0131r. Y\u00fcksek\u00f6\u011fretim Kurulu \u00f6nderli\u011finde ve Tar\u0131m Teknolojileri K\u00fcmelenmesi i\u015f birli\u011fiyle hayata ge\u00e7irilen \u00e7al\u0131\u015fmalar sayesinde, \u00fcniversiteler ile sekt\u00f6r aras\u0131nda g\u00fc\u00e7l\u00fc bir k\u00f6pr\u00fc kurulmaktad\u0131r. Bilgi ve \u00fcretim, bu sayede ayn\u0131 noktada bulu\u015fmaktad\u0131r. Bu kapsamda olu\u015fturulacak e\u011fitim ve uygulama alanlar\u0131n\u0131n teknoloji merkezlerine d\u00f6n\u00fc\u015fmesiyle, \u00f6\u011frencilerimizin sahada deneyim kazanarak daha donan\u0131ml\u0131 bireyler olarak yeti\u015fmelerine katk\u0131 sa\u011flamay\u0131 hedefliyoruz. Bu do\u011frultuda kamu, \u00fcniversite ve sanayi i\u015f birli\u011fini g\u00fc\u00e7lendirmeyi; tar\u0131m sekt\u00f6r\u00fcnde geli\u015ftirilen her bir bilginin ve teknolojinin somut \u00e7\u0131kt\u0131larla \u00fcretime, verimlili\u011fe ve toplumsal faydaya d\u00f6n\u00fc\u015fmesini \u00f6nemsiyoruz. \u0130nan\u0131yorum ki bu t\u00fcr i\u015f birlikleri sayesinde \u00f6\u011frencilerimiz, edindikleri bilgi ve tecr\u00fcbeyi giri\u015fimci bir vizyonla birle\u015ftirerek \u00fclkemizin tar\u0131msal \u00fcretim g\u00fcc\u00fcne de\u011ferli katk\u0131lar sunacakt\u0131r\u201d dedi<\/p>\n<p style=\"text-align: justify;\"><b>\u201cMilli Teknoloji Hamlesi\u201d tarlaya iniyor<\/b><\/p>\n<p style=\"text-align: justify;\">Tar\u0131m\u0131n kritik rol\u00fcne de\u011finen T\u00dcME Y\u00f6netim Kurulu Ba\u015fkan\u0131 Abdulkadir Karag\u00f6z, \u201cSavunma sanayiimizdeki \u2018k\u0131rm\u0131z\u0131 montlu\u2019 T\u00fcrk m\u00fchendislerinin gurur verici ba\u015far\u0131s\u0131ndan ilham alarak T\u00dcME\u2019nin hik\u00e2yesini ba\u015flatt\u0131k. Savunma alan\u0131ndaki bu milli ivmeyi d\u00fcnyan\u0131n en kritik \u00fc\u00e7 unsurundan biri olan g\u0131da sekt\u00f6r\u00fcne ta\u015f\u0131may\u0131 hedefledik. Nitekim ge\u00e7ti\u011fimiz TEKNOFEST\u2019te \u0130HA ve S\u0130HA\u2019lar\u0131n aras\u0131na ineklerimizi getirerek tar\u0131m teknolojilerinin tohumlar\u0131n\u0131 atm\u0131\u015f olduk. \u015eehirle\u015fme, insanlar\u0131 \u00fcretimden uzakla\u015ft\u0131r\u0131rken; azalan araziler, iklim krizi ve g\u0131da arz\u0131 g\u00fcvenli\u011fi, art\u0131k dedelerimizin geleneksel y\u00f6ntemlerini geride b\u0131rak\u0131p daha az alandan s\u00fcrd\u00fcr\u00fclebilir, adil ve y\u00fcksek verim alaca\u011f\u0131m\u0131z \u2018oyun de\u011fi\u015ftirici\u2019 bir vizyona ge\u00e7memizi zorunlu k\u0131l\u0131yor\u201d dedi.<\/p>\n<p style=\"text-align: justify;\"><b>Sermayesi k\u0131s\u0131tl\u0131 olan giri\u015fimcilere T\u00dcME\u2019den destek<\/b><\/p>\n<p style=\"text-align: justify;\">Karag\u00f6z, \u201cBu yeni vizyonu hayata ge\u00e7irmek ve gen\u00e7lerimize tar\u0131m\u0131 sevdirmek i\u00e7in sekt\u00f6r\u00fcn o zorlu, \u00e7amurlu imaj\u0131n\u0131 y\u0131k\u0131p; robotlar\u0131n, otonom sistemlerin ve yapay zekan\u0131n kullan\u0131ld\u0131\u011f\u0131 y\u00fcksek teknolojili bir model kurmal\u0131y\u0131z. Bu do\u011frultuda yerli m\u00fchendislerimizle Tar\u0131m Teknolojileri K\u00fcmelenmesini olu\u015fturduk; zira kendi teknolojimizi \u00fcretmezsek hem d\u0131\u015fa ba\u011f\u0131ml\u0131 kal\u0131r hem de stratejik bir g\u00fc\u00e7 olan kritik verilerimizi ba\u015fkalar\u0131na teslim etmi\u015f oluruz. Kurdu\u011fumuz vak\u0131f arac\u0131l\u0131\u011f\u0131yla da bu milli teknoloji hamlesi ruhunu sahaya yans\u0131tarak gen\u00e7lerimizi buluyor, e\u011fitiyor, sertifikaland\u0131r\u0131yor ve sermayesi k\u0131s\u0131tl\u0131 olan giri\u015fimci karde\u015flerimizi yat\u0131r\u0131m fonlar\u0131yla bulu\u015fturarak onlar\u0131 gelece\u011fin modern tar\u0131m liderleri haline getirmeyi ama\u00e7l\u0131yoruz\u201d diye konu\u015ftu<\/p>\n<p style=\"text-align: justify;\"><b>40 bin gen\u00e7 ile tar\u0131mda yeni bir d\u00f6nem<\/b><\/p>\n<p style=\"text-align: justify;\">T\u00dcME arac\u0131l\u0131\u011f\u0131yla T\u00fcrkiye genelinde 40 bin genci desteklemeyi hedeflediklerini belirten Karag\u00f6z, \u201cZiraat m\u00fchendislerimizi ve veterinerlerimizi, toplum nezdinde en az uzay m\u00fchendisleri kadar stratejik bir konuma ta\u015f\u0131mal\u0131y\u0131z. Ege \u00dcniversitesi Menemen Ara\u015ft\u0131rma \u00c7iftli\u011finde kurulacak olan otonom sistem, \u00fcreticilerle akademisyenleri bir araya getiren ya\u015fayan bir platform olacak. Burada geli\u015ftirilecek start-up projeleri, T\u00fcrkiye\u2019nin tar\u0131m ve teknoloji vizyonunu d\u00fcnya standartlar\u0131n\u0131n \u00fczerine ta\u015f\u0131yacakt\u0131r\u201d diye konu\u015ftu.<\/p>\n<p style=\"text-align: justify;\">Etkinlikte gen\u00e7 giri\u015fimci Emrullah G\u00f6k\u00f6z\u2019\u00fcn ba\u015far\u0131 hikayesi de payla\u015f\u0131ld\u0131.\u00a0 Denizli\u2019den gelerek TEKNOFEST tar\u0131m giri\u015fimcisi olan G\u00f6k\u00f6z, k\u00f6ylerdeki gen\u00e7 n\u00fcfusun teknoloji sayesinde yeniden \u00fcretime kazand\u0131r\u0131labilece\u011finin m\u00fcmk\u00fcn oldu\u011funu g\u00f6sterdi.<\/p>\n<p style=\"text-align: justify;\">Etkinlik kat\u0131l\u0131mc\u0131lar\u0131n sorular\u0131n\u0131n cevaplanmas\u0131n\u0131n ard\u0131ndan son buldu. Program\u0131n sonunda Rekt\u00f6r Prof. Dr. Musa Alc\u0131, T\u00dcME Y\u00f6netim Kurulu Ba\u015fkan\u0131 Abdulkadir Karag\u00f6z ve TEKNOFEST Tar\u0131m Giri\u015fimcisi Emrullah G\u00f6k\u00f6z\u2019e plaket takdim etti.<\/p>\n<div id='gallery-1' class='gallery galleryid-33376 gallery-columns-5 gallery-size-medium'><figure class='gallery-item'>\n\t\t\t<div class='gallery-icon landscape'>\n\t\t\t\t<a href='https:\/\/www.euegeajans.com\/wp-content\/uploads\/2026\/04\/3-45.jpg'><img loading=\"lazy\" decoding=\"async\" width=\"300\" height=\"169\" src=\"https:\/\/www.euegeajans.com\/wp-content\/uploads\/2026\/04\/3-45.jpg\" class=\"attachment-medium size-medium\" alt=\"\" \/><\/a>\n\t\t\t<\/div><\/figure><figure class='gallery-item'>\n\t\t\t<div class='gallery-icon landscape'>\n\t\t\t\t<a href='https:\/\/www.euegeajans.com\/wp-content\/uploads\/2026\/04\/4-40.jpg'><img loading=\"lazy\" decoding=\"async\" width=\"300\" height=\"169\" src=\"https:\/\/www.euegeajans.com\/wp-content\/uploads\/2026\/04\/4-40.jpg\" class=\"attachment-medium size-medium\" alt=\"\" \/><\/a>\n\t\t\t<\/div><\/figure><figure class='gallery-item'>\n\t\t\t<div class='gallery-icon landscape'>\n\t\t\t\t<a href='https:\/\/www.euegeajans.com\/wp-content\/uploads\/2026\/04\/5-31.jpg'><img loading=\"lazy\" decoding=\"async\" width=\"300\" height=\"169\" src=\"https:\/\/www.euegeajans.com\/wp-content\/uploads\/2026\/04\/5-31.jpg\" class=\"attachment-medium size-medium\" alt=\"\" \/><\/a>\n\t\t\t<\/div><\/figure><figure class='gallery-item'>\n\t\t\t<div class='gallery-icon landscape'>\n\t\t\t\t<a href='https:\/\/www.euegeajans.com\/wp-content\/uploads\/2026\/04\/6-19.jpg'><img loading=\"lazy\" decoding=\"async\" width=\"300\" height=\"169\" src=\"https:\/\/www.euegeajans.com\/wp-content\/uploads\/2026\/04\/6-19.jpg\" class=\"attachment-medium size-medium\" alt=\"\" \/><\/a>\n\t\t\t<\/div><\/figure><figure class='gallery-item'>\n\t\t\t<div class='gallery-icon landscape'>\n\t\t\t\t<a href='https:\/\/www.euegeajans.com\/wp-content\/uploads\/2026\/04\/7-13.jpg'><img loading=\"lazy\" decoding=\"async\" width=\"300\" height=\"169\" src=\"https:\/\/www.euegeajans.com\/wp-content\/uploads\/2026\/04\/7-13.jpg\" class=\"attachment-medium size-medium\" alt=\"\" \/><\/a>\n\t\t\t<\/div><\/figure><figure class='gallery-item'>\n\t\t\t<div class='gallery-icon landscape'>\n\t\t\t\t<a href='https:\/\/www.euegeajans.com\/wp-content\/uploads\/2026\/04\/8-8.jpg'><img loading=\"lazy\" decoding=\"async\" width=\"300\" height=\"169\" src=\"https:\/\/www.euegeajans.com\/wp-content\/uploads\/2026\/04\/8-8.jpg\" class=\"attachment-medium size-medium\" alt=\"\" \/><\/a>\n\t\t\t<\/div><\/figure><figure class='gallery-item'>\n\t\t\t<div class='gallery-icon landscape'>\n\t\t\t\t<a href='https:\/\/www.euegeajans.com\/wp-content\/uploads\/2026\/04\/9-5.jpg'><img loading=\"lazy\" decoding=\"async\" width=\"300\" height=\"169\" src=\"https:\/\/www.euegeajans.com\/wp-content\/uploads\/2026\/04\/9-5.jpg\" class=\"attachment-medium size-medium\" alt=\"\" \/><\/a>\n\t\t\t<\/div><\/figure><figure class='gallery-item'>\n\t\t\t<div class='gallery-icon landscape'>\n\t\t\t\t<a href='https:\/\/www.euegeajans.com\/wp-content\/uploads\/2026\/04\/10-1.jpg'><img loading=\"lazy\" decoding=\"async\" width=\"300\" height=\"169\" src=\"https:\/\/www.euegeajans.com\/wp-content\/uploads\/2026\/04\/10-1.jpg\" class=\"attachment-medium size-medium\" alt=\"\" \/><\/a>\n\t\t\t<\/div><\/figure><figure class='gallery-item'>\n\t\t\t<div class='gallery-icon landscape'>\n\t\t\t\t<a href='https:\/\/www.euegeajans.com\/wp-content\/uploads\/2026\/04\/11-1.jpg'><img loading=\"lazy\" decoding=\"async\" width=\"300\" height=\"169\" src=\"https:\/\/www.euegeajans.com\/wp-content\/uploads\/2026\/04\/11-1.jpg\" class=\"attachment-medium size-medium\" alt=\"\" \/><\/a>\n\t\t\t<\/div><\/figure><figure class='gallery-item'>\n\t\t\t<div class='gallery-icon landscape'>\n\t\t\t\t<a href='https:\/\/www.euegeajans.com\/wp-content\/uploads\/2026\/04\/12.jpg'><img loading=\"lazy\" decoding=\"async\" width=\"300\" height=\"169\" src=\"https:\/\/www.euegeajans.com\/wp-content\/uploads\/2026\/04\/12.jpg\" class=\"attachment-medium size-medium\" alt=\"\" \/><\/a>\n\t\t\t<\/div><\/figure>\n\t\t<\/div>\n\n","protected":false},"excerpt":{"rendered":"<p>Ege \u00dcniversitesine \u201cTam Otonom \u00c7iftlik\u201d kazand\u0131r\u0131lacak Ege \u00dcniversitesinde d\u00fczenlenen \u201cYapay Zeka ve Otonom Sistemler ile&#8230;<\/p>\n","protected":false},"author":2,"featured_media":33377,"comment_status":"open","ping_status":"open","sticky":false,"template":"","format":"standard","meta":{"footnotes":""},"categories":[69,99,1,70],"tags":[],"class_list":["post-33376","post","type-post","status-publish","format-standard","has-post-thumbnail","hentry","category-bilim","category-egitim","category-gncl","category-kampus"],"featured_image_urls":{"full":["https:\/\/www.euegeajans.com\/wp-content\/uploads\/2026\/04\/2-48.jpg",1920,1080,false],"thumbnail":["https:\/\/www.euegeajans.com\/wp-content\/uploads\/2026\/04\/2-48.jpg",150,84,false],"medium":["https:\/\/www.euegeajans.com\/wp-content\/uploads\/2026\/04\/2-48.jpg",300,169,false],"medium_large":["https:\/\/www.euegeajans.com\/wp-content\/uploads\/2026\/04\/2-48.jpg",640,360,false],"large":["https:\/\/www.euegeajans.com\/wp-content\/uploads\/2026\/04\/2-48.jpg",640,360,false],"1536x1536":["https:\/\/www.euegeajans.com\/wp-content\/uploads\/2026\/04\/2-48.jpg",1536,864,false],"2048x2048":["https:\/\/www.euegeajans.com\/wp-content\/uploads\/2026\/04\/2-48.jpg",1920,1080,false],"newsphere-slider-full":["https:\/\/www.euegeajans.com\/wp-content\/uploads\/2026\/04\/2-48.jpg",1280,720,false],"newsphere-featured":["https:\/\/www.euegeajans.com\/wp-content\/uploads\/2026\/04\/2-48.jpg",1024,576,false],"newsphere-medium":["https:\/\/www.euegeajans.com\/wp-content\/uploads\/2026\/04\/2-48.jpg",676,380,false]},"author_info":{"display_name":"Editor","author_link":"https:\/\/www.euegeajans.com\/index.php\/author\/editor\/"},"category_info":"<a href=\"https:\/\/www.euegeajans.com\/index.php\/category\/bilim\/\" rel=\"category tag\">Bilim<\/a> <a href=\"https:\/\/www.euegeajans.com\/index.php\/category\/egitim\/\" rel=\"category tag\">E\u011fitim<\/a> <a href=\"https:\/\/www.euegeajans.com\/index.php\/category\/gncl\/\" rel=\"category tag\">G\u00fcncel<\/a> <a href=\"https:\/\/www.euegeajans.com\/index.php\/category\/kampus\/\" rel=\"category tag\">Kamp\u00fcs<\/a>","tag_info":"Kamp\u00fcs","comment_count":"0","_links":{"self":[{"href":"https:\/\/www.euegeajans.com\/index.php\/wp-json\/wp\/v2\/posts\/33376","targetHints":{"allow":["GET"]}}],"collection":[{"href":"https:\/\/www.euegeajans.com\/index.php\/wp-json\/wp\/v2\/posts"}],"about":[{"href":"https:\/\/www.euegeajans.com\/index.php\/wp-json\/wp\/v2\/types\/post"}],"author":[{"embeddable":true,"href":"https:\/\/www.euegeajans.com\/index.php\/wp-json\/wp\/v2\/users\/2"}],"replies":[{"embeddable":true,"href":"https:\/\/www.euegeajans.com\/index.php\/wp-json\/wp\/v2\/comments?post=33376"}],"version-history":[{"count":2,"href":"https:\/\/www.euegeajans.com\/index.php\/wp-json\/wp\/v2\/posts\/33376\/revisions"}],"predecessor-version":[{"id":33400,"href":"https:\/\/www.euegeajans.com\/index.php\/wp-json\/wp\/v2\/posts\/33376\/revisions\/33400"}],"wp:featuredmedia":[{"embeddable":true,"href":"https:\/\/www.euegeajans.com\/index.php\/wp-json\/wp\/v2\/media\/33377"}],"wp:attachment":[{"href":"https:\/\/www.euegeajans.com\/index.php\/wp-json\/wp\/v2\/media?parent=33376"}],"wp:term":[{"taxonomy":"category","embeddable":true,"href":"https:\/\/www.euegeajans.com\/index.php\/wp-json\/wp\/v2\/categories?post=33376"},{"taxonomy":"post_tag","embeddable":true,"href":"https:\/\/www.euegeajans.com\/index.php\/wp-json\/wp\/v2\/tags?post=33376"}],"curies":[{"name":"wp","href":"https:\/\/api.w.org\/{rel}","templated":true}]}}