{"id":33360,"date":"2026-04-29T03:07:00","date_gmt":"2026-04-29T03:07:00","guid":{"rendered":"https:\/\/www.euegeajans.com\/?p=33360"},"modified":"2026-04-29T08:10:42","modified_gmt":"2026-04-29T08:10:42","slug":"ege-universitesinde-ahtapotun-8-sorusu-ile-su-alti-dunyasina-isik-tutuldu","status":"publish","type":"post","link":"https:\/\/www.euegeajans.com\/index.php\/2026\/04\/29\/ege-universitesinde-ahtapotun-8-sorusu-ile-su-alti-dunyasina-isik-tutuldu\/","title":{"rendered":"Ege \u00dcniversitesinde \u201cAhtapotun 8 Sorusu\u201d ile su alt\u0131 d\u00fcnyas\u0131na \u0131\u015f\u0131k tutuldu"},"content":{"rendered":"<p style=\"text-align: justify;\" align=\"right\">Haber: Nihat Ziya Y\u0131ld\u0131r\u0131m<\/p>\n<p style=\"text-align: justify;\" align=\"right\">Foto\u011fraf: Gencay Sessiz<\/p>\n<p style=\"text-align: justify;\">Ege \u00dcniversitesinde, su alt\u0131 ekosistemini korumak ve \u00e7evre bilincini art\u0131rmak amac\u0131yla d\u00fczenlenen etkinlikte; deniz kirlili\u011fiyle m\u00fccadelede &#8220;\u00c7\u00f6p Avc\u0131l\u0131\u011f\u0131&#8221; projesi ve su alt\u0131 g\u00f6r\u00fcnt\u00fcleme teknolojilerinde g\u00fcvenli\u011fin \u00f6nemi gibi kritik ba\u015fl\u0131klar uzman isimler taraf\u0131ndan mercek alt\u0131na al\u0131nd\u0131.<\/p>\n<p style=\"text-align: justify;\">Ege \u00dcniversitesi Su alt\u0131 Toplulu\u011fu (EGESAT) taraf\u0131ndan, Gen\u00e7lik ve Spor Bakanl\u0131\u011f\u0131 ile \u00dcN\u0130DES deste\u011fiyle d\u00fczenlenen \u201cAhtapotun 8 Sorusu: Dal\u0131\u015f ve Ekoloji Toplant\u0131s\u0131\u201d, Prof. Dr. Yusuf Vardar M\u00d6TBE K\u00fclt\u00fcr Merkezinde ger\u00e7ekle\u015ftirildi. \u00dcniversite gen\u00e7li\u011fini ve profesyonelleri bir araya getiren organizasyon, T\u00fcrkiye\u2019nin deniz miras\u0131n\u0131 koruma vizyonuna dair \u00f6nemli payla\u015f\u0131mlara ev sahipli\u011fi yapt\u0131.<\/p>\n<p style=\"text-align: justify;\"><b>\u201cHedefimiz ke\u015ffetmek ve korumak\u201d<\/b><\/p>\n<p style=\"text-align: justify;\">Etkinli\u011fin a\u00e7\u0131l\u0131\u015f konu\u015fmas\u0131n\u0131 ger\u00e7ekle\u015ftiren EGESAT Topluluk Ba\u015fkan\u0131 Arda T\u00fcrk, denizlerin sadece birer dal\u0131\u015f sahas\u0131 de\u011fil, korunmas\u0131 gereken hayati ekosistemler oldu\u011funu vurgulad\u0131. T\u00fcrk, \u201cTopluluk \u00e7at\u0131s\u0131 alt\u0131nda d\u00f6rd\u00fcnc\u00fc y\u0131l\u0131m\u0131 geride b\u0131rak\u0131rken, her ge\u00e7en g\u00fcn b\u00fcy\u00fcyen ekibimizle b\u00f6ylesine anlaml\u0131 bir organizasyona imza atmaktan gurur duyuyorum. Amac\u0131m\u0131z sadece su alt\u0131n\u0131n b\u00fcy\u00fcleyici d\u00fcnyas\u0131n\u0131 konu\u015fmak de\u011fil, bu d\u00fcnyay\u0131 el birli\u011fiyle nas\u0131l daha iyi koruyabilece\u011fimizi de\u011ferlendirmektir\u201d dedi.<\/p>\n<p style=\"text-align: justify;\"><b>\u201cSu alt\u0131 foto\u011fraf\u00e7\u0131l\u0131\u011f\u0131nda temel kural g\u00fcvenliktir\u201d<\/b><\/p>\n<p style=\"text-align: justify;\">A\u00e7\u0131l\u0131\u015f konu\u015fmalar\u0131n\u0131n ard\u0131ndan &#8220;Su alt\u0131 G\u00f6r\u00fcnt\u00fcleme&#8221; ba\u015fl\u0131kl\u0131 sunumunu yapan Prof. Dr. \u0130lker Devrim, dal\u0131\u015f g\u00fcvenli\u011finin teknolojik donan\u0131mdan \u00f6nce geldi\u011fini hat\u0131rlatt\u0131. Prof. Dr. Devrim, \u201cTeknoloji ne kadar ilerlerse ilerlesin, su alt\u0131nda de\u011fi\u015fmeyen tek \u015fey g\u00fcvenliktir. Dal\u0131c\u0131, \u00f6nce y\u00fczerlik ve nefes kontrol\u00fcnde uzmanla\u015fmal\u0131, su alt\u0131nda kendini evinde hissetmelidir. Bir canl\u0131y\u0131 g\u00f6r\u00fcnt\u00fclemekten daha \u00f6nemlisi, o ekosisteme ve kendine zarar vermeden y\u00fczeye d\u00f6nebilmektir\u201d diye konu\u015ftu.<\/p>\n<p style=\"text-align: justify;\"><b>Mavi Bir Gelecek i\u00e7in &#8220;\u00c7\u00f6p Avc\u0131l\u0131\u011f\u0131&#8221; Seferberli\u011fi<\/b><\/p>\n<p style=\"text-align: justify;\">Su \u00dcr\u00fcnleri Y\u00fcksek M\u00fchendisi Cemre Balk\u0131, deniz kirlili\u011finin boyutlar\u0131n\u0131 &#8220;Bal\u0131k Avc\u0131l\u0131\u011f\u0131ndan \u00c7\u00f6p Avc\u0131l\u0131\u011f\u0131na&#8221; ba\u015fl\u0131kl\u0131 sunumuyla g\u00f6zler \u00f6n\u00fcne serdi. Deniz \u00e7\u00f6plerinin y\u00fczde 80&#8217;inin karasal kaynakl\u0131 oldu\u011funa dikkat \u00e7eken Balk\u0131, \u201cMikroplastikler art\u0131k h\u00fccrelerimize kadar s\u0131zm\u0131\u015f durumda. Do\u00e7. Dr. Hakan Kayka\u00e7 y\u00fcr\u00fct\u00fcc\u00fcl\u00fc\u011f\u00fcnde s\u00fcrd\u00fcrd\u00fc\u011f\u00fcm\u00fcz T\u00dcB\u0130TAK 1001 projesi kapsam\u0131nda, deniz taban\u0131ndaki makro \u00e7\u00f6pleri temizlemek i\u00e7in \u00e7evre dostu av ara\u00e7lar\u0131 geli\u015ftiriyoruz. Ancak as\u0131l \u00e7\u00f6z\u00fcm, bu at\u0131klar\u0131n denize hi\u00e7 ula\u015fmamas\u0131n\u0131 sa\u011flamakt\u0131r\u201d dedi.<\/p>\n<p style=\"text-align: justify;\"><b>Uzmanlar deneyimlerini aktard\u0131<\/b><\/p>\n<p style=\"text-align: justify;\">E\u00dc Su \u00dcr\u00fcnleri Fak\u00fcltesi \u00f6\u011fretim \u00fcyeleri Prof. Dr. Ertan Ta\u015fkavak, \u201cT\u00fcrkiye Kaplumba\u011falar\u0131\u201d, Do\u00e7. Dr. Ertan Da\u011fl\u0131, \u201c\u0130zmir K\u00f6rfezi Makro Omurgas\u0131z \u00c7e\u015fitlili\u011fi\u201d\u00a0 sunumlar\u0131 fak\u00fclte olarak yapt\u0131klar\u0131 \u00e7al\u0131\u015fmalar\u0131 ve bilime katk\u0131lar\u0131n\u0131 anlatt\u0131lar. Topluluk Dal\u0131\u015f E\u011fitmeni Sertan Ko\u015fan \u201cDerinlerdeki De\u011fi\u015fim: Bilimsel Dal\u0131\u015f ve \u0130stilac\u0131 T\u00fcrlerin \u0130zlenmesi\u201d ba\u015fl\u0131kl\u0131 sunumunda \u00fclkemize giri\u015f yapan istilac\u0131 t\u00fcrleri, bu konuda dalg\u0131\u00e7lar\u0131n \u00fczerine d\u00fc\u015fenleri anlatt\u0131.\u00a0 Dal\u0131\u015f E\u011fitmeni Hamdullah Aras ise \u201cKDM ve Su Alt\u0131 Topluluklar\u0131\u201d konulu konu\u015fmas\u0131nda Karaburun Dal\u0131\u015f Merkezinin kurulu\u015f hikayesi ile dal\u0131\u015f topluluklar\u0131n\u0131n dal\u0131\u015f turizm sekt\u00f6r\u00fcne katk\u0131lar\u0131n\u0131 sundu.<\/p>\n<p style=\"text-align: justify;\">Etkinlik kapsam\u0131nda \u015eebnem Co\u015fkun, \u201cAntarktika ve Arktik\u2019ten G\u00f6zlemler\u201d, sunumunda d\u00fcnyan\u0131n iki ucundaki seferlerdeki bulgular\u0131 kendi kareleri ile aktard\u0131. \u00a0Staj. Dr. Aybike Su Ir\u00e7a\u011f, \u00a0deniz y\u00fcz\u00fcc\u00fcl\u00fc\u011f\u00fc konusunda kat\u0131l\u0131mc\u0131lar\u0131 bilgilendirirken, Dr. Aylin Ulman ise \u201cMarmara Denizi\u2019ndeki Melek K\u00f6pekbal\u0131klar\u0131n\u0131n Kritik Ya\u015fam Alanlar\u0131n\u0131n Belirlenmesi\u201d konusu kapsam\u0131nda T\u00fcrkiye k\u0131y\u0131lar\u0131nda k\u00f6pekbal\u0131klar\u0131 alanlar\u0131nda farkl\u0131 tehditleri ve denizlerdeki kritik ya\u015fam alanlar\u0131n\u0131n \u00f6nemini vurgulad\u0131.<\/p>\n<p style=\"text-align: justify;\">Oturumlar aras\u0131nda, orta etkinlik alan\u0131nda farkl\u0131 topluluklar\u0131n \u00e7al\u0131\u015fmalar\u0131 sergilendi. \u00a0E\u00dc Bentik Ekoloji Laboratuvar\u0131 \u201cSucul Canl\u0131lar\u201d sergisinde, kat\u0131l\u0131mc\u0131lara farkl\u0131 canl\u0131lar tan\u0131t\u0131ld\u0131. Ege \u00dcniversitesi Foto\u011fraf Toplulu\u011fu, \u201cK\u00f6rfez\u201d isimli foto\u011fraf sergisi ile suya yukardan bir bak\u0131\u015f sa\u011flad\u0131. Ege \u00dcniversitesi Biyoloji Toplulu\u011fu ise deniz canl\u0131lar\u0131 ile ilgili poster sunumlar\u0131 ger\u00e7ekle\u015ftirdi. A\u00e7\u0131lan \u00a0\u201cSu alt\u0131 Foto\u011fraf Sergisi\u201d sualt\u0131n\u0131n renkli d\u00fcnyas\u0131n\u0131 kat\u0131l\u0131mc\u0131lara sundu.<\/p>\n<div id='gallery-1' class='gallery galleryid-33360 gallery-columns-4 gallery-size-medium'><figure class='gallery-item'>\n\t\t\t<div class='gallery-icon landscape'>\n\t\t\t\t<a href='https:\/\/www.euegeajans.com\/wp-content\/uploads\/2026\/04\/9-4.jpg'><img loading=\"lazy\" decoding=\"async\" width=\"300\" height=\"169\" src=\"https:\/\/www.euegeajans.com\/wp-content\/uploads\/2026\/04\/9-4.jpg\" class=\"attachment-medium size-medium\" alt=\"\" \/><\/a>\n\t\t\t<\/div><\/figure><figure class='gallery-item'>\n\t\t\t<div class='gallery-icon landscape'>\n\t\t\t\t<a href='https:\/\/www.euegeajans.com\/wp-content\/uploads\/2026\/04\/5-30.jpg'><img loading=\"lazy\" decoding=\"async\" width=\"300\" height=\"169\" src=\"https:\/\/www.euegeajans.com\/wp-content\/uploads\/2026\/04\/5-30.jpg\" class=\"attachment-medium size-medium\" alt=\"\" \/><\/a>\n\t\t\t<\/div><\/figure><figure class='gallery-item'>\n\t\t\t<div class='gallery-icon landscape'>\n\t\t\t\t<a href='https:\/\/www.euegeajans.com\/wp-content\/uploads\/2026\/04\/6-18.jpg'><img loading=\"lazy\" decoding=\"async\" width=\"300\" height=\"169\" src=\"https:\/\/www.euegeajans.com\/wp-content\/uploads\/2026\/04\/6-18.jpg\" class=\"attachment-medium size-medium\" alt=\"\" \/><\/a>\n\t\t\t<\/div><\/figure><figure class='gallery-item'>\n\t\t\t<div class='gallery-icon landscape'>\n\t\t\t\t<a href='https:\/\/www.euegeajans.com\/wp-content\/uploads\/2026\/04\/3-43.jpg'><img loading=\"lazy\" decoding=\"async\" width=\"300\" height=\"169\" src=\"https:\/\/www.euegeajans.com\/wp-content\/uploads\/2026\/04\/3-43.jpg\" class=\"attachment-medium size-medium\" alt=\"\" \/><\/a>\n\t\t\t<\/div><\/figure><figure class='gallery-item'>\n\t\t\t<div class='gallery-icon landscape'>\n\t\t\t\t<a href='https:\/\/www.euegeajans.com\/wp-content\/uploads\/2026\/04\/7-12.jpg'><img loading=\"lazy\" decoding=\"async\" width=\"300\" height=\"169\" src=\"https:\/\/www.euegeajans.com\/wp-content\/uploads\/2026\/04\/7-12.jpg\" class=\"attachment-medium size-medium\" alt=\"\" \/><\/a>\n\t\t\t<\/div><\/figure><figure class='gallery-item'>\n\t\t\t<div class='gallery-icon landscape'>\n\t\t\t\t<a href='https:\/\/www.euegeajans.com\/wp-content\/uploads\/2026\/04\/8-7.jpg'><img loading=\"lazy\" decoding=\"async\" width=\"300\" height=\"169\" src=\"https:\/\/www.euegeajans.com\/wp-content\/uploads\/2026\/04\/8-7.jpg\" class=\"attachment-medium size-medium\" alt=\"\" \/><\/a>\n\t\t\t<\/div><\/figure><figure class='gallery-item'>\n\t\t\t<div class='gallery-icon landscape'>\n\t\t\t\t<a href='https:\/\/www.euegeajans.com\/wp-content\/uploads\/2026\/04\/4-38.jpg'><img loading=\"lazy\" decoding=\"async\" width=\"300\" height=\"169\" src=\"https:\/\/www.euegeajans.com\/wp-content\/uploads\/2026\/04\/4-38.jpg\" class=\"attachment-medium size-medium\" alt=\"\" \/><\/a>\n\t\t\t<\/div><\/figure>\n\t\t<\/div>\n\n","protected":false},"excerpt":{"rendered":"<p>Haber: Nihat Ziya Y\u0131ld\u0131r\u0131m Foto\u011fraf: Gencay Sessiz Ege \u00dcniversitesinde, su alt\u0131 ekosistemini korumak ve \u00e7evre&#8230;<\/p>\n","protected":false},"author":2,"featured_media":33361,"comment_status":"open","ping_status":"open","sticky":false,"template":"","format":"standard","meta":{"footnotes":""},"categories":[69,99,1,70],"tags":[],"class_list":["post-33360","post","type-post","status-publish","format-standard","has-post-thumbnail","hentry","category-bilim","category-egitim","category-gncl","category-kampus"],"featured_image_urls":{"full":["https:\/\/www.euegeajans.com\/wp-content\/uploads\/2026\/04\/2-46.jpg",1920,1080,false],"thumbnail":["https:\/\/www.euegeajans.com\/wp-content\/uploads\/2026\/04\/2-46.jpg",150,84,false],"medium":["https:\/\/www.euegeajans.com\/wp-content\/uploads\/2026\/04\/2-46.jpg",300,169,false],"medium_large":["https:\/\/www.euegeajans.com\/wp-content\/uploads\/2026\/04\/2-46.jpg",640,360,false],"large":["https:\/\/www.euegeajans.com\/wp-content\/uploads\/2026\/04\/2-46.jpg",640,360,false],"1536x1536":["https:\/\/www.euegeajans.com\/wp-content\/uploads\/2026\/04\/2-46.jpg",1536,864,false],"2048x2048":["https:\/\/www.euegeajans.com\/wp-content\/uploads\/2026\/04\/2-46.jpg",1920,1080,false],"newsphere-slider-full":["https:\/\/www.euegeajans.com\/wp-content\/uploads\/2026\/04\/2-46.jpg",1280,720,false],"newsphere-featured":["https:\/\/www.euegeajans.com\/wp-content\/uploads\/2026\/04\/2-46.jpg",1024,576,false],"newsphere-medium":["https:\/\/www.euegeajans.com\/wp-content\/uploads\/2026\/04\/2-46.jpg",676,380,false]},"author_info":{"display_name":"Editor","author_link":"https:\/\/www.euegeajans.com\/index.php\/author\/editor\/"},"category_info":"<a href=\"https:\/\/www.euegeajans.com\/index.php\/category\/bilim\/\" rel=\"category tag\">Bilim<\/a> <a href=\"https:\/\/www.euegeajans.com\/index.php\/category\/egitim\/\" rel=\"category tag\">E\u011fitim<\/a> <a href=\"https:\/\/www.euegeajans.com\/index.php\/category\/gncl\/\" rel=\"category tag\">G\u00fcncel<\/a> <a href=\"https:\/\/www.euegeajans.com\/index.php\/category\/kampus\/\" rel=\"category tag\">Kamp\u00fcs<\/a>","tag_info":"Kamp\u00fcs","comment_count":"0","_links":{"self":[{"href":"https:\/\/www.euegeajans.com\/index.php\/wp-json\/wp\/v2\/posts\/33360","targetHints":{"allow":["GET"]}}],"collection":[{"href":"https:\/\/www.euegeajans.com\/index.php\/wp-json\/wp\/v2\/posts"}],"about":[{"href":"https:\/\/www.euegeajans.com\/index.php\/wp-json\/wp\/v2\/types\/post"}],"author":[{"embeddable":true,"href":"https:\/\/www.euegeajans.com\/index.php\/wp-json\/wp\/v2\/users\/2"}],"replies":[{"embeddable":true,"href":"https:\/\/www.euegeajans.com\/index.php\/wp-json\/wp\/v2\/comments?post=33360"}],"version-history":[{"count":1,"href":"https:\/\/www.euegeajans.com\/index.php\/wp-json\/wp\/v2\/posts\/33360\/revisions"}],"predecessor-version":[{"id":33370,"href":"https:\/\/www.euegeajans.com\/index.php\/wp-json\/wp\/v2\/posts\/33360\/revisions\/33370"}],"wp:featuredmedia":[{"embeddable":true,"href":"https:\/\/www.euegeajans.com\/index.php\/wp-json\/wp\/v2\/media\/33361"}],"wp:attachment":[{"href":"https:\/\/www.euegeajans.com\/index.php\/wp-json\/wp\/v2\/media?parent=33360"}],"wp:term":[{"taxonomy":"category","embeddable":true,"href":"https:\/\/www.euegeajans.com\/index.php\/wp-json\/wp\/v2\/categories?post=33360"},{"taxonomy":"post_tag","embeddable":true,"href":"https:\/\/www.euegeajans.com\/index.php\/wp-json\/wp\/v2\/tags?post=33360"}],"curies":[{"name":"wp","href":"https:\/\/api.w.org\/{rel}","templated":true}]}}