{"id":33355,"date":"2026-04-29T04:54:00","date_gmt":"2026-04-29T04:54:00","guid":{"rendered":"https:\/\/www.euegeajans.com\/?p=33355"},"modified":"2026-04-29T07:56:30","modified_gmt":"2026-04-29T07:56:30","slug":"euden-zeytin-atiklarini-ekonomiye-kazandiracak-dev-proje-sust-olivet","status":"publish","type":"post","link":"https:\/\/www.euegeajans.com\/index.php\/2026\/04\/29\/euden-zeytin-atiklarini-ekonomiye-kazandiracak-dev-proje-sust-olivet\/","title":{"rendered":"E\u00dc\u2019den Zeytin At\u0131klar\u0131n\u0131 Ekonomiye Kazand\u0131racak Dev Proje: SUST-OLIVET"},"content":{"rendered":"<p style=\"text-align: justify;\">Ege \u00dcniversitesi koordinat\u00f6rl\u00fc\u011f\u00fcnde y\u00fcr\u00fct\u00fclen Avrupa Birli\u011fi destekli SUST-OLIVET projesi ile zeytin \u00fcretiminden arta kalan at\u0131klar ila\u00e7, kozmetik ve tar\u0131m sekt\u00f6r\u00fcne kazand\u0131r\u0131l\u0131rken, Akdeniz havzas\u0131nda s\u00fcrd\u00fcr\u00fclebilir bir d\u00f6ng\u00fcsel ekonomi a\u011f\u0131 kurulacak.<\/p>\n<p style=\"text-align: justify;\"><b>Prof. Dr. Seda Ersus,\u00a0 \u201cZeytinya\u011f\u0131 eldesi s\u0131ras\u0131nda ortaya \u00e7\u0131kan; karasu, prina, budanm\u0131\u015f dallar ve yapraklar do\u011fa i\u00e7in risk olu\u015fturuyor.\u00a0 Hedefimiz, bu at\u0131klar\u0131n \u00e7evresel etkilerini en aza indirgemek ve onlar\u0131 do\u011frudan ekonomiye kazand\u0131rmakt\u0131r\u201d dedi.<\/b><\/p>\n<p style=\"text-align: justify;\" align=\"right\">Ekrem Ya\u015far, Recep D\u00f6nmez, Bet\u00fcl Eyit\u00fct\u00fcnc\u00fc<\/p>\n<p style=\"text-align: justify;\">S\u00fcrd\u00fcr\u00fclebilirlik ve d\u00f6ng\u00fcsel ekonomi alan\u0131ndaki \u00e7al\u0131\u015fmalar\u0131yla dikkat \u00e7eken Ege \u00dcniversitesi, uluslararas\u0131 vizyonunu yeni bir projeyle ta\u00e7land\u0131rd\u0131. Avrupa E\u011fitim ve K\u00fclt\u00fcr Y\u00fcr\u00fctme Ajans\u0131 (EACEA) taraf\u0131ndan fonlanan, Tar\u0131m ve Orman Bakanl\u0131\u011f\u0131 Zeytincilik Ara\u015ft\u0131rma Enstit\u00fcs\u00fc&#8217;n\u00fcn destek verdi\u011fi \u201cSUST-OLIVET\u201d projesi, \u0130zmir&#8217;de d\u00fczenlenen toplant\u0131yla resmen ba\u015flad\u0131.<\/p>\n<p style=\"text-align: justify;\">E\u00dc ARGEFAR M\u00fcd\u00fcr\u00fc ve G\u0131da M\u00fchendisli\u011fi B\u00f6l\u00fcm\u00fc \u00d6\u011fretim \u00dcyesi Prof. Dr. Seda Ersus&#8217;un koordinat\u00f6rl\u00fc\u011f\u00fcnde y\u00fcr\u00fct\u00fclen \u00a0projenin uluslararas\u0131 ortaklar\u0131, a\u00e7\u0131l\u0131\u015f\u0131n ard\u0131ndan \u00fcniversitenin ARGEFAR laboratuvarlar\u0131n\u0131 ziyaret ederek teknik altyap\u0131y\u0131 yerinde inceledi. Zeytin \u00fcretim s\u00fcrecinde ortaya \u00e7\u0131kan karasu ve prina gibi yan \u00fcr\u00fcnlerin y\u00fcksek katma de\u011ferli \u00fcr\u00fcnlere d\u00f6n\u00fc\u015ft\u00fcr\u00fclmesini hedefleyen 36 ayl\u0131k proje, Akdeniz havzas\u0131ndaki gen\u00e7leri ye\u015fil becerilerle donatmay\u0131 ama\u00e7l\u0131yor.<\/p>\n<p style=\"text-align: justify;\"><b>Laboratuvardan sahaya uzanan vizyon<\/b><\/p>\n<p style=\"text-align: justify;\">Projenin detaylar\u0131n\u0131 payla\u015fan Prof. Dr. Seda Ersus, zeytin tar\u0131m\u0131n\u0131n Akdeniz havzas\u0131 i\u00e7in stratejik \u00f6nemine dikkat \u00e7ekti. Prof. Dr. Ersus, \u201cEge \u00dcniversitesi \u00e7at\u0131s\u0131 alt\u0131nda koordinat\u00f6rl\u00fc\u011f\u00fcn\u00fc \u00fcstlendi\u011fim ve uzun s\u00fcredir \u00fczerinde titizlikle \u00e7al\u0131\u015ft\u0131\u011f\u0131m\u0131z SUST-OLIVET projesiyle bug\u00fcn yepyeni bir sayfa a\u00e7\u0131yoruz. 1 Ocak 2026 tarihi itibar\u0131yla resmi olarak ba\u015flayan ve toplam b\u00fct\u00e7esi 400 bin Euro olan bu giri\u015fimimizde, temel motivasyonumuz zeytin sekt\u00f6r\u00fc ve ya\u011f \u00fcretimi yan \u00fcr\u00fcnlerinin s\u00fcrd\u00fcr\u00fclebilir bir \u015fekilde de\u011ferlendirilmesidir. Bug\u00fcn \u0130zmir&#8217;de, ev sahibi olarak ortaklar\u0131m\u0131zla bir araya gelmenin ve laboratuvardan sahaya uzanacak bu vizyonu payla\u015fman\u0131n b\u00fcy\u00fck heyecan\u0131n\u0131 ya\u015f\u0131yorum\u201d diye konu\u015ftu.<\/p>\n<p style=\"text-align: justify;\">Hedeflerinin risk olu\u015fturan zeytin at\u0131klar\u0131n\u0131\u00a0 do\u011faya kazand\u0131rmak oldu\u011funu\u00a0 s\u00f6yleyen Prof. Dr. Ersus, \u201cZeytinya\u011f\u0131 eldesi s\u0131ras\u0131nda ortaya \u00e7\u0131kan; karasu, prina, budanm\u0131\u015f dallar ve yapraklar do\u011fa i\u00e7in risk olu\u015fturuyor. \u00a0Hedefimiz, bu at\u0131klar\u0131n \u00e7evresel etkilerini en aza indirgemek ve onlar\u0131 do\u011frudan ekonomiye kazand\u0131rmakt\u0131r. Laboratuvarlar\u0131m\u0131zda y\u00fcr\u00fctece\u011fimiz yenilik\u00e7i biyoaktif molek\u00fcl ekstraksiyonu \u00e7al\u0131\u015fmalar\u0131yla, bu at\u0131klardan elde edece\u011fimiz de\u011ferli bile\u015fenleri ila\u00e7, kozmetik ve g\u0131da takviyesi sanayisinin hizmetine sunaca\u011f\u0131z. Geriye kalan organik materyalleri ise tar\u0131m alanlar\u0131nda g\u00fcbre ve kompost olarak kullanarak sahici bir d\u00f6ng\u00fcsel ekonomi modeli in\u015fa edece\u011fiz\u201d ifadelerini kulland\u0131.<\/p>\n<p style=\"text-align: justify;\"><b>Gen\u00e7lere \u201cye\u015fil meslek\u201d kap\u0131s\u0131 aralan\u0131yor<\/b><\/p>\n<p style=\"text-align: justify;\">Projenin sadece end\u00fcstriyel bir at\u0131l\u0131m de\u011fil, ayn\u0131 zamanda kapsaml\u0131 bir e\u011fitim seferberli\u011fi oldu\u011funu vurgulayan Prof. Dr. Ersus, gen\u00e7 mezunlar\u0131 gelece\u011fin ye\u015fil mesleklerine haz\u0131rlayacaklar\u0131n\u0131 ifade etti. Proje kapsam\u0131nda modern mesleki e\u011fitim (VET) programlar\u0131n\u0131n kurgulanaca\u011f\u0131n\u0131 belirten Prof. Dr. Ersus, \u201cGen\u00e7lerimizin ye\u015fil ve dijital becerilerini g\u00fc\u00e7lendirmek ad\u0131na; s\u00fcrd\u00fcr\u00fclebilir tar\u0131m pratikleri, d\u00f6ng\u00fcsel ekonomi ve ekstraksiyon y\u00f6ntemleri \u00fczerine odaklanan \u00fc\u00e7 adet Kitlesel A\u00e7\u0131k \u00c7evrimi\u00e7i Kurs (MOOC) hayata ge\u00e7irece\u011fiz\u201d dedi.<\/p>\n<p style=\"text-align: justify;\"><b>Akdeniz\u2019in g\u00fc\u00e7l\u00fc akademik i\u015f birli\u011fi<\/b><\/p>\n<p style=\"text-align: justify;\">Ege \u00dcniversitesinin liderli\u011findeki projede; \u0130talya, Portekiz, Yunanistan, Tunus ve Filistin\u2019den sayg\u0131n y\u00fcksek\u00f6\u011fretim kurumlar\u0131 yer al\u0131yor. Salerno \u00dcniversitesi, Virtual Campus, CRETHIDEV, Nablus Mesleki ve Teknik E\u011fitim \u00dcniversitesi, An-Najah Ulusal \u00dcniversitesi, Kartaca \u00dcniversitesi ve Sidi Thabet Y\u00fcksek Biyoteknoloji Enstit\u00fcs\u00fc\u2019nden olu\u015fan konsorsiyum, uluslararas\u0131 bir bilgi payla\u015f\u0131m a\u011f\u0131 olu\u015fturacak. Bu i\u015f birli\u011fi \u00e7er\u00e7evesinde Tunus ve Filistinli ara\u015ft\u0131rmac\u0131lar i\u00e7in T\u00fcrkiye ve \u0130talya\u2019da \u00f6zel kapasite geli\u015ftirme e\u011fitimleri d\u00fczenlenecek.<\/p>\n<div id='gallery-1' class='gallery galleryid-33355 gallery-columns-2 gallery-size-medium'><figure class='gallery-item'>\n\t\t\t<div class='gallery-icon landscape'>\n\t\t\t\t<a href='https:\/\/www.euegeajans.com\/wp-content\/uploads\/2026\/04\/3-41.jpg'><img loading=\"lazy\" decoding=\"async\" width=\"300\" height=\"169\" src=\"https:\/\/www.euegeajans.com\/wp-content\/uploads\/2026\/04\/3-41.jpg\" class=\"attachment-medium size-medium\" alt=\"\" \/><\/a>\n\t\t\t<\/div><\/figure><figure class='gallery-item'>\n\t\t\t<div class='gallery-icon landscape'>\n\t\t\t\t<a href='https:\/\/www.euegeajans.com\/wp-content\/uploads\/2026\/04\/4-37.jpg'><img loading=\"lazy\" decoding=\"async\" width=\"300\" height=\"169\" src=\"https:\/\/www.euegeajans.com\/wp-content\/uploads\/2026\/04\/4-37.jpg\" class=\"attachment-medium size-medium\" alt=\"\" \/><\/a>\n\t\t\t<\/div><\/figure>\n\t\t<\/div>\n\n<p style=\"text-align: justify;\">\n","protected":false},"excerpt":{"rendered":"<p>Ege \u00dcniversitesi koordinat\u00f6rl\u00fc\u011f\u00fcnde y\u00fcr\u00fct\u00fclen Avrupa Birli\u011fi destekli SUST-OLIVET projesi ile zeytin \u00fcretiminden arta kalan at\u0131klar&#8230;<\/p>\n","protected":false},"author":2,"featured_media":33356,"comment_status":"open","ping_status":"open","sticky":false,"template":"","format":"standard","meta":{"footnotes":""},"categories":[69,99,1,70],"tags":[],"class_list":["post-33355","post","type-post","status-publish","format-standard","has-post-thumbnail","hentry","category-bilim","category-egitim","category-gncl","category-kampus"],"featured_image_urls":{"full":["https:\/\/www.euegeajans.com\/wp-content\/uploads\/2026\/04\/2-45.jpg",1920,1080,false],"thumbnail":["https:\/\/www.euegeajans.com\/wp-content\/uploads\/2026\/04\/2-45.jpg",150,84,false],"medium":["https:\/\/www.euegeajans.com\/wp-content\/uploads\/2026\/04\/2-45.jpg",300,169,false],"medium_large":["https:\/\/www.euegeajans.com\/wp-content\/uploads\/2026\/04\/2-45.jpg",640,360,false],"large":["https:\/\/www.euegeajans.com\/wp-content\/uploads\/2026\/04\/2-45.jpg",640,360,false],"1536x1536":["https:\/\/www.euegeajans.com\/wp-content\/uploads\/2026\/04\/2-45.jpg",1536,864,false],"2048x2048":["https:\/\/www.euegeajans.com\/wp-content\/uploads\/2026\/04\/2-45.jpg",1920,1080,false],"newsphere-slider-full":["https:\/\/www.euegeajans.com\/wp-content\/uploads\/2026\/04\/2-45.jpg",1280,720,false],"newsphere-featured":["https:\/\/www.euegeajans.com\/wp-content\/uploads\/2026\/04\/2-45.jpg",1024,576,false],"newsphere-medium":["https:\/\/www.euegeajans.com\/wp-content\/uploads\/2026\/04\/2-45.jpg",676,380,false]},"author_info":{"display_name":"Editor","author_link":"https:\/\/www.euegeajans.com\/index.php\/author\/editor\/"},"category_info":"<a href=\"https:\/\/www.euegeajans.com\/index.php\/category\/bilim\/\" rel=\"category tag\">Bilim<\/a> <a href=\"https:\/\/www.euegeajans.com\/index.php\/category\/egitim\/\" rel=\"category tag\">E\u011fitim<\/a> <a href=\"https:\/\/www.euegeajans.com\/index.php\/category\/gncl\/\" rel=\"category tag\">G\u00fcncel<\/a> <a href=\"https:\/\/www.euegeajans.com\/index.php\/category\/kampus\/\" rel=\"category tag\">Kamp\u00fcs<\/a>","tag_info":"Kamp\u00fcs","comment_count":"0","_links":{"self":[{"href":"https:\/\/www.euegeajans.com\/index.php\/wp-json\/wp\/v2\/posts\/33355","targetHints":{"allow":["GET"]}}],"collection":[{"href":"https:\/\/www.euegeajans.com\/index.php\/wp-json\/wp\/v2\/posts"}],"about":[{"href":"https:\/\/www.euegeajans.com\/index.php\/wp-json\/wp\/v2\/types\/post"}],"author":[{"embeddable":true,"href":"https:\/\/www.euegeajans.com\/index.php\/wp-json\/wp\/v2\/users\/2"}],"replies":[{"embeddable":true,"href":"https:\/\/www.euegeajans.com\/index.php\/wp-json\/wp\/v2\/comments?post=33355"}],"version-history":[{"count":1,"href":"https:\/\/www.euegeajans.com\/index.php\/wp-json\/wp\/v2\/posts\/33355\/revisions"}],"predecessor-version":[{"id":33359,"href":"https:\/\/www.euegeajans.com\/index.php\/wp-json\/wp\/v2\/posts\/33355\/revisions\/33359"}],"wp:featuredmedia":[{"embeddable":true,"href":"https:\/\/www.euegeajans.com\/index.php\/wp-json\/wp\/v2\/media\/33356"}],"wp:attachment":[{"href":"https:\/\/www.euegeajans.com\/index.php\/wp-json\/wp\/v2\/media?parent=33355"}],"wp:term":[{"taxonomy":"category","embeddable":true,"href":"https:\/\/www.euegeajans.com\/index.php\/wp-json\/wp\/v2\/categories?post=33355"},{"taxonomy":"post_tag","embeddable":true,"href":"https:\/\/www.euegeajans.com\/index.php\/wp-json\/wp\/v2\/tags?post=33355"}],"curies":[{"name":"wp","href":"https:\/\/api.w.org\/{rel}","templated":true}]}}