{"id":33338,"date":"2026-04-29T07:24:36","date_gmt":"2026-04-29T07:24:36","guid":{"rendered":"https:\/\/www.euegeajans.com\/?p=33338"},"modified":"2026-04-29T07:24:38","modified_gmt":"2026-04-29T07:24:38","slug":"ege-tarim-zirvesinde-akademi-ozel-sektorle-bulustu","status":"publish","type":"post","link":"https:\/\/www.euegeajans.com\/index.php\/2026\/04\/29\/ege-tarim-zirvesinde-akademi-ozel-sektorle-bulustu\/","title":{"rendered":"\u201cEge Tar\u0131m Zirvesi\u201dnde akademi \u00f6zel sekt\u00f6rle bulu\u015ftu"},"content":{"rendered":"<p style=\"text-align: justify;\" align=\"center\"><b>Prof. Dr. Alc\u0131, \u201cTar\u0131m, toplumsal refah\u0131n temel ta\u015flar\u0131ndan birisidir\u201d<\/b><\/p>\n<p style=\"text-align: justify;\">Ege \u00dcniversitesi Tar\u0131m Toplulu\u011fu taraf\u0131ndan hayata ge\u00e7irilen ve tar\u0131m sekt\u00f6r\u00fcn\u00fcn gelece\u011fine \u0131\u015f\u0131k tutmay\u0131 hedefleyen \u201cEge Tar\u0131m Zirvesi 2026\u201d, Ziraat Fak\u00fcltesi ev sahipli\u011finde geni\u015f kat\u0131l\u0131mla ger\u00e7ekle\u015ftirildi. Gen\u00e7lik ve Spor Bakanl\u0131\u011f\u0131n\u0131n \u201c\u00dcniversite \u00d6\u011frenci Topluluklar\u0131n\u0131 Destekleme ve \u0130\u015f Birli\u011fi Program\u0131 (\u00dcN\u0130DES)\u201d kapsam\u0131nda ulusal bazda desteklenen etkinlik, sekt\u00f6r payda\u015flar\u0131n\u0131 akademik bir platformda bulu\u015fturdu.<\/p>\n<p style=\"text-align: justify;\">Tar\u0131m\u0131n gelece\u011fine y\u00f6n verecek fikirlerin, stratejik bilgilerin ve yenilik\u00e7i vizyonlar\u0131n payla\u015f\u0131ld\u0131\u011f\u0131 zirveye; Ege \u00dcniversitesi Rekt\u00f6r\u00fc Prof. Dr. Musa Alc\u0131, Rekt\u00f6r Yard\u0131mc\u0131s\u0131 Prof. Dr. Murat Boyac\u0131,\u00a0Ege \u00dcniversitesi Ziraat Fak\u00fcltesi Dekan\u0131\u00a0Prof. Dr. \u0130smail Can Paylan\u00a0\u00e7ok say\u0131da akademisyen ve \u00f6\u011frenci kat\u0131ld\u0131.<\/p>\n<p style=\"text-align: justify;\">Etkinli\u011fin a\u00e7\u0131l\u0131\u015f\u0131nda konu\u015fan Ege \u00dcniversitesi Rekt\u00f6r\u00fc Prof. Dr. Musa Alc\u0131, \u201cBilimsel geli\u015fmelerin, teknolojik yeniliklerin ve \u00e7evre dostu uygulamalar\u0131n yayg\u0131nla\u015ft\u0131r\u0131lmas\u0131, tar\u0131m\u0131n gelece\u011fini g\u00fcvence alt\u0131na alma noktas\u0131nda b\u00fcy\u00fck \u00f6nem ta\u015f\u0131maktad\u0131r. Tar\u0131m\u0131; akademik bir alan\u0131n \u00f6tesinde, do\u011frudan arazi ve saha \u00e7al\u0131\u015fmalar\u0131yla i\u00e7 i\u00e7e, s\u00fcrd\u00fcr\u00fclebilir kalk\u0131nman\u0131n, g\u0131da g\u00fcvenli\u011finin ve toplumsal refah\u0131n temel yap\u0131 ta\u015flar\u0131ndan biri olan bir toplumsal sorumluluk alan\u0131 olarak g\u00f6r\u00fcyoruz. Ege Tar\u0131m Zirvesiyle, kamu, \u00fcniversite ve sanayi i\u015f birli\u011fini g\u00fc\u00e7lendirerek tar\u0131m sekt\u00f6r\u00fcnde geli\u015ftirilen bilgi ve teknolojilerin somut \u00e7\u0131kt\u0131larla \u00fcretime ve verimlili\u011fe yans\u0131mas\u0131n\u0131, nihayetinde toplumsal faydaya d\u00f6n\u00fc\u015fmesini hedefliyoruz. \u00c7ift\u00e7ilerimizden giri\u015fimcilerimize, akademisyenlerimizden \u00f6\u011frencilerimize kadar tar\u0131m\u0131n t\u00fcm payda\u015flar\u0131n\u0131 bir araya getiren ve sekt\u00f6r\u00fcn mevcut sorunlar\u0131n\u0131 yenilik\u00e7i ve s\u00fcrd\u00fcr\u00fclebilir yakla\u015f\u0131m ele alan Ege Tar\u0131m Toplulu\u011fumuzu tebrik ediyor; zirvenin t\u00fcm kat\u0131l\u0131mc\u0131lar i\u00e7in ba\u015far\u0131l\u0131 ve verimli ge\u00e7mesini diliyorum\u201d dedi.<\/p>\n<p style=\"text-align: justify;\"><b>\u201cElimizi ta\u015f\u0131n alt\u0131na koymaya haz\u0131r\u0131z\u201d<\/b><\/p>\n<p style=\"text-align: justify;\">Ege Tar\u0131m Zirvesi 2026 Proje Koordinat\u00f6r\u00fc ve Ege Tar\u0131m Toplulu\u011fu Y\u00f6netim Kurulu Ba\u015fkan\u0131 S\u00fcha Erkuto\u011flu ise, \u201cBug\u00fcn burada yaln\u0131zca bir zirvenin a\u00e7\u0131l\u0131\u015f\u0131n\u0131 yapm\u0131yoruz. \u00dcretici Akademisi vizyonuyla topra\u011f\u0131n as\u0131l sahipleri olan \u00fcreticilerimizi, yenilik\u00e7i ad\u0131mlar\u0131yla sekt\u00f6re y\u00f6n veren \u00f6zel sekt\u00f6r\u00fc ve vizyoner destekleriyle yolumuzu ayd\u0131nlatan kamu sekt\u00f6r\u00fcn\u00fc ayn\u0131 \u00e7at\u0131 alt\u0131nda bulu\u015fturuyoruz. Bu g\u00fc\u00e7l\u00fc birliktelik; tar\u0131m\u0131n sadece d\u00fcn\u00fcn ve bug\u00fcn\u00fcn de\u011fil, as\u0131l yar\u0131n\u0131n meselesi oldu\u011funu bir kez daha kan\u0131tl\u0131yor. Biz gen\u00e7ler i\u00e7in bu zirve, s\u0131radan bir etkinlikten \u00e7ok daha fazlas\u0131n\u0131 ifade ediyor. Tar\u0131m\u0131n; bilimin ve teknolojinin \u0131\u015f\u0131\u011f\u0131nda d\u00f6n\u00fc\u015f\u00fcm ge\u00e7irdi\u011fi bu kritik d\u00f6nemde bu bulu\u015fma; bizler i\u00e7in yeni bir ba\u015flang\u0131\u00e7, gelece\u011fimize dair net bir y\u00f6n tayini ve en \u00f6nemlisi \u00fclkemizin topraklar\u0131na kar\u015f\u0131 omuzlar\u0131m\u0131za y\u00fcklenen bir sorumluluk \u00e7a\u011fr\u0131s\u0131d\u0131r. \u0130klim krizinin kap\u0131m\u0131za dayand\u0131\u011f\u0131, tar\u0131msal s\u00fcrd\u00fcr\u00fclebilirli\u011fin ve ak\u0131ll\u0131 teknolojilerin hayati bir \u00f6nem ta\u015f\u0131d\u0131\u011f\u0131 bu \u00e7a\u011fda, biz gen\u00e7 ziraat\u00e7\u0131lar ve tar\u0131m g\u00f6n\u00fcll\u00fcleri olarak elimizi ta\u015f\u0131n alt\u0131na koymaya haz\u0131r\u0131z. Zirvemizin tar\u0131m sekt\u00f6r\u00fcm\u00fcz, \u00fclkemiz ve gen\u00e7lerimiz i\u00e7in ufuk a\u00e7\u0131c\u0131 olmas\u0131n\u0131 diliyorum\u201d dedi.<\/p>\n<p style=\"text-align: justify;\"><b>\u201cKurakl\u0131kla M\u00fccadele: Tar\u0131mda Su Y\u00f6netimi Stratejileri\u201d anlat\u0131ld\u0131<\/b><\/p>\n<p style=\"text-align: justify;\">E\u00dc Ziraat Fak\u00fcltesi Tar\u0131msal Yap\u0131lar ve Sulama B\u00f6l\u00fcm\u00fc Ba\u015fkan\u0131<i>\u00a0<\/i>Prof. Dr. \u015eerafettin A\u015f\u0131k\u2019\u0131n moderat\u00f6rl\u00fc\u011f\u00fcn\u00fc \u00fcstlendi\u011fi zirvenin ilk panelinde, \u201cKurakl\u0131kla M\u00fccadele: Tar\u0131mda Su Y\u00f6netimi Stratejileri\u201d konusu ele al\u0131nd\u0131. Oturumda; Prof. Dr. Cenk K\u00fc\u00e7\u00fckyumuk, Sel\u00e7uk G\u00fczelses ve Ayd\u0131n \u00c7ondur konuyla ilgili sunumlar\u0131n\u0131 ger\u00e7ekle\u015ftirdi.<\/p>\n<p style=\"text-align: justify;\">Yap\u0131lan ana sponsor ve platin sponsor oturumlar\u0131n\u0131n ard\u0131ndan \u201cTar\u0131m\u0131n Genetik \u015eifresi: Tohum\u201d ve \u201cTar\u0131mda Kad\u0131n\u0131n G\u00fcc\u00fcn\u00fcn \u00d6nemi\u201d ba\u015fl\u0131kl\u0131\u00a0 paneller kat\u0131l\u0131mc\u0131larla bulu\u015ftu. \u00d6\u011frenciler, etkinlik kapsam\u0131nda kurulan stantlar\u0131 ziyaret ederek sekt\u00f6r temsilcilerinden bilgiler ald\u0131.<\/p>\n<div id='gallery-1' class='gallery galleryid-33338 gallery-columns-5 gallery-size-medium'><figure class='gallery-item'>\n\t\t\t<div class='gallery-icon landscape'>\n\t\t\t\t<a href='https:\/\/www.euegeajans.com\/wp-content\/uploads\/2026\/04\/6-16.jpg'><img loading=\"lazy\" decoding=\"async\" width=\"300\" height=\"169\" src=\"https:\/\/www.euegeajans.com\/wp-content\/uploads\/2026\/04\/6-16.jpg\" class=\"attachment-medium size-medium\" alt=\"\" \/><\/a>\n\t\t\t<\/div><\/figure><figure class='gallery-item'>\n\t\t\t<div class='gallery-icon landscape'>\n\t\t\t\t<a href='https:\/\/www.euegeajans.com\/wp-content\/uploads\/2026\/04\/7-10.jpg'><img loading=\"lazy\" decoding=\"async\" width=\"300\" height=\"169\" src=\"https:\/\/www.euegeajans.com\/wp-content\/uploads\/2026\/04\/7-10.jpg\" class=\"attachment-medium size-medium\" alt=\"\" \/><\/a>\n\t\t\t<\/div><\/figure><figure class='gallery-item'>\n\t\t\t<div class='gallery-icon landscape'>\n\t\t\t\t<a href='https:\/\/www.euegeajans.com\/wp-content\/uploads\/2026\/04\/5-28.jpg'><img loading=\"lazy\" decoding=\"async\" width=\"300\" height=\"169\" src=\"https:\/\/www.euegeajans.com\/wp-content\/uploads\/2026\/04\/5-28.jpg\" class=\"attachment-medium size-medium\" alt=\"\" \/><\/a>\n\t\t\t<\/div><\/figure><figure class='gallery-item'>\n\t\t\t<div class='gallery-icon landscape'>\n\t\t\t\t<a href='https:\/\/www.euegeajans.com\/wp-content\/uploads\/2026\/04\/4-35.jpg'><img loading=\"lazy\" decoding=\"async\" width=\"300\" height=\"169\" src=\"https:\/\/www.euegeajans.com\/wp-content\/uploads\/2026\/04\/4-35.jpg\" class=\"attachment-medium size-medium\" alt=\"\" \/><\/a>\n\t\t\t<\/div><\/figure><figure class='gallery-item'>\n\t\t\t<div class='gallery-icon landscape'>\n\t\t\t\t<a href='https:\/\/www.euegeajans.com\/wp-content\/uploads\/2026\/04\/3-39.jpg'><img loading=\"lazy\" decoding=\"async\" width=\"300\" height=\"169\" src=\"https:\/\/www.euegeajans.com\/wp-content\/uploads\/2026\/04\/3-39.jpg\" class=\"attachment-medium size-medium\" alt=\"\" \/><\/a>\n\t\t\t<\/div><\/figure>\n\t\t<\/div>\n\n","protected":false},"excerpt":{"rendered":"<p>Prof. Dr. Alc\u0131, \u201cTar\u0131m, toplumsal refah\u0131n temel ta\u015flar\u0131ndan birisidir\u201d Ege \u00dcniversitesi Tar\u0131m Toplulu\u011fu taraf\u0131ndan hayata&#8230;<\/p>\n","protected":false},"author":2,"featured_media":33339,"comment_status":"open","ping_status":"open","sticky":false,"template":"","format":"standard","meta":{"footnotes":""},"categories":[69,99,1,70],"tags":[],"class_list":["post-33338","post","type-post","status-publish","format-standard","has-post-thumbnail","hentry","category-bilim","category-egitim","category-gncl","category-kampus"],"featured_image_urls":{"full":["https:\/\/www.euegeajans.com\/wp-content\/uploads\/2026\/04\/2-43.jpg",1920,1080,false],"thumbnail":["https:\/\/www.euegeajans.com\/wp-content\/uploads\/2026\/04\/2-43.jpg",150,84,false],"medium":["https:\/\/www.euegeajans.com\/wp-content\/uploads\/2026\/04\/2-43.jpg",300,169,false],"medium_large":["https:\/\/www.euegeajans.com\/wp-content\/uploads\/2026\/04\/2-43.jpg",640,360,false],"large":["https:\/\/www.euegeajans.com\/wp-content\/uploads\/2026\/04\/2-43.jpg",640,360,false],"1536x1536":["https:\/\/www.euegeajans.com\/wp-content\/uploads\/2026\/04\/2-43.jpg",1536,864,false],"2048x2048":["https:\/\/www.euegeajans.com\/wp-content\/uploads\/2026\/04\/2-43.jpg",1920,1080,false],"newsphere-slider-full":["https:\/\/www.euegeajans.com\/wp-content\/uploads\/2026\/04\/2-43.jpg",1280,720,false],"newsphere-featured":["https:\/\/www.euegeajans.com\/wp-content\/uploads\/2026\/04\/2-43.jpg",1024,576,false],"newsphere-medium":["https:\/\/www.euegeajans.com\/wp-content\/uploads\/2026\/04\/2-43.jpg",676,380,false]},"author_info":{"display_name":"Editor","author_link":"https:\/\/www.euegeajans.com\/index.php\/author\/editor\/"},"category_info":"<a href=\"https:\/\/www.euegeajans.com\/index.php\/category\/bilim\/\" rel=\"category tag\">Bilim<\/a> <a href=\"https:\/\/www.euegeajans.com\/index.php\/category\/egitim\/\" rel=\"category tag\">E\u011fitim<\/a> <a href=\"https:\/\/www.euegeajans.com\/index.php\/category\/gncl\/\" rel=\"category tag\">G\u00fcncel<\/a> <a href=\"https:\/\/www.euegeajans.com\/index.php\/category\/kampus\/\" rel=\"category tag\">Kamp\u00fcs<\/a>","tag_info":"Kamp\u00fcs","comment_count":"0","_links":{"self":[{"href":"https:\/\/www.euegeajans.com\/index.php\/wp-json\/wp\/v2\/posts\/33338","targetHints":{"allow":["GET"]}}],"collection":[{"href":"https:\/\/www.euegeajans.com\/index.php\/wp-json\/wp\/v2\/posts"}],"about":[{"href":"https:\/\/www.euegeajans.com\/index.php\/wp-json\/wp\/v2\/types\/post"}],"author":[{"embeddable":true,"href":"https:\/\/www.euegeajans.com\/index.php\/wp-json\/wp\/v2\/users\/2"}],"replies":[{"embeddable":true,"href":"https:\/\/www.euegeajans.com\/index.php\/wp-json\/wp\/v2\/comments?post=33338"}],"version-history":[{"count":1,"href":"https:\/\/www.euegeajans.com\/index.php\/wp-json\/wp\/v2\/posts\/33338\/revisions"}],"predecessor-version":[{"id":33345,"href":"https:\/\/www.euegeajans.com\/index.php\/wp-json\/wp\/v2\/posts\/33338\/revisions\/33345"}],"wp:featuredmedia":[{"embeddable":true,"href":"https:\/\/www.euegeajans.com\/index.php\/wp-json\/wp\/v2\/media\/33339"}],"wp:attachment":[{"href":"https:\/\/www.euegeajans.com\/index.php\/wp-json\/wp\/v2\/media?parent=33338"}],"wp:term":[{"taxonomy":"category","embeddable":true,"href":"https:\/\/www.euegeajans.com\/index.php\/wp-json\/wp\/v2\/categories?post=33338"},{"taxonomy":"post_tag","embeddable":true,"href":"https:\/\/www.euegeajans.com\/index.php\/wp-json\/wp\/v2\/tags?post=33338"}],"curies":[{"name":"wp","href":"https:\/\/api.w.org\/{rel}","templated":true}]}}