{"id":33324,"date":"2026-04-28T03:28:00","date_gmt":"2026-04-28T03:28:00","guid":{"rendered":"https:\/\/www.euegeajans.com\/?p=33324"},"modified":"2026-04-28T09:31:44","modified_gmt":"2026-04-28T09:31:44","slug":"genc-iletisimciler-renkli-kalpler-atolyesi-ile-cocuklarin-dunyasina-dokundu","status":"publish","type":"post","link":"https:\/\/www.euegeajans.com\/index.php\/2026\/04\/28\/genc-iletisimciler-renkli-kalpler-atolyesi-ile-cocuklarin-dunyasina-dokundu\/","title":{"rendered":"Gen\u00e7 ileti\u015fimciler \u201cRenkli Kalpler At\u00f6lyesi\u201d ile \u00e7ocuklar\u0131n d\u00fcnyas\u0131na dokundu"},"content":{"rendered":"<p style=\"text-align: justify;\">E\u00dc \u0130leti\u015fim Fak\u00fcltesi \u00f6\u011frencileri taraf\u0131ndan hayata ge\u00e7irilen 8 haftal\u0131k at\u00f6lye program\u0131 kapsam\u0131nda, Kar\u015f\u0131yaka \u00c7ocuk Evleri Sitesi\u2019ndeki minikler bilim, sanat ve sporla bulu\u015ftu.<\/p>\n<p style=\"text-align: justify;\">Ege \u00dcniversitesi (E\u00dc) \u0130leti\u015fim Fak\u00fcltesi Halkla \u0130li\u015fkiler ve Tan\u0131t\u0131m B\u00f6l\u00fcm\u00fc 2. s\u0131n\u0131f \u00f6\u011frencileri \u00f6nemli bir sosyal sorumluluk projesine daha imza att\u0131. Toplumsal duyarl\u0131l\u0131k ve sosyal sorumluluk \u00e7al\u0131\u015fmalar\u0131 kapsam\u0131nda haz\u0131rlanan\u00a0 \u201cRenkli Kalpler At\u00f6lyesi\u201d adl\u0131 proje \u0130leti\u015fim Fak\u00fcltesi Halkla \u0130li\u015fkiler ve Tan\u0131t\u0131m B\u00f6l\u00fcm\u00fc \u00f6\u011fretim \u00fcyesi Do\u00e7. Dr. Hidaye Aydan Bilgilier dan\u0131\u015fmanl\u0131\u011f\u0131nda hayata ge\u00e7irildi.<\/p>\n<p style=\"text-align: justify;\">Proje kapsam\u0131nda \u00f6\u011frenciler, \u0130zmir Valili\u011fi Kar\u015f\u0131yaka \u00c7ocuk Evleri Sitesi M\u00fcd\u00fcrl\u00fc\u011f\u00fc b\u00fcnyesinde koruma alt\u0131nda bulunan 5-12 ya\u015f aral\u0131\u011f\u0131ndaki \u00e7ocuklarla 8 hafta boyunca bir araya geldi. Proje ile bilim, sanat, oyun ve spor temelli etkinliklerle \u00e7ocuklar\u0131n \u00e7ok y\u00f6nl\u00fc geli\u015fimlerine katk\u0131 sa\u011fland\u0131.<\/p>\n<p style=\"text-align: justify;\">Proje hakk\u0131nda bilgi veren Do\u00e7. Dr. Hidaye Aydan Bilgilier, \u201cAt\u00f6lyenin ilk haftas\u0131nda ger\u00e7ekle\u015ftirilen tan\u0131\u015fma oyunlar\u0131yla \u00e7ocuklar ve \u00f6\u011frenciler aras\u0131nda g\u00fc\u00e7l\u00fc bir g\u00fcven ba\u011f\u0131 olu\u015fturuldu. Takip eden haftalarda ise slime yap\u0131m\u0131, geri d\u00f6n\u00fc\u015f\u00fcm at\u00f6lyesi, g\u00f6kku\u015fa\u011f\u0131 t\u00fcp\u00fc deneyi ve tabu oyunu gibi yarat\u0131c\u0131l\u0131\u011f\u0131 tetikleyen aktiviteler d\u00fczenlendi. Paleontoloji at\u00f6lyesinde fosillerle tan\u0131\u015fan \u00e7ocuklar, \u2018Minik Tatl\u0131c\u0131lar \u0130\u015f Ba\u015f\u0131nda\u2019 etkinli\u011fiyle de mutfak becerilerini geli\u015ftirerek uygulamal\u0131 \u00f6\u011frenme deneyimi ya\u015fad\u0131. Sekiz haftal\u0131k maraton, m\u00fczik e\u015fli\u011finde oynanan \u2018Renkli Heykeller Oyunu\u2019 ile ne\u015feli bir \u015fekilde noktaland\u0131\u201d dedi.<\/p>\n<p style=\"text-align: justify;\"><b>\u201c\u00c7ocuklar hem e\u011flendi hem \u00f6\u011frendi\u201d<\/b><\/p>\n<p style=\"text-align: justify;\">Do\u00e7. Dr. Hidaye Aydan Bilgilier \u201cProje s\u00fcresince yapt\u0131\u011f\u0131m\u0131z g\u00f6zlemlerde, \u00e7ocuklar\u0131n ileti\u015fim kurma, i\u015f birli\u011fi yapma, \u00f6zg\u00fcven kazanma ve kendilerini ifade etme becerilerinde g\u00f6zle g\u00f6r\u00fcl\u00fcr bir ilerleme oldu\u011funu fark ettik. At\u00f6lye \u00e7al\u0131\u015fmalar\u0131n\u0131n finalini ise 23 Nisan Ulusal Egemenlik ve \u00c7ocuk Bayram\u0131 kutlamalar\u0131yla ta\u00e7land\u0131rd\u0131k. Bayram co\u015fkusunu \u00f6\u011frencilerle birlikte ya\u015fayan \u00e7ocuklar, bez \u00e7antalar boyayarak hem el becerilerini sergiledi hem de bu anlaml\u0131 s\u00fcreci unutulmaz bir hat\u0131rayla tamamlad\u0131lar. Ege \u00dcniversitesi \u00f6\u011frencileri, bu projeyle mesleki deneyim kazanman\u0131n yan\u0131 s\u0131ra toplumsal dayan\u0131\u015fman\u0131n ve \u00e7ocuklar\u0131n geli\u015fimine katk\u0131 sunman\u0131n \u00f6nemini bir kez daha ortaya koydular. Proje ekibimizce \u00e7ocuklarla kurdu\u011fumuz bu ba\u011f, bize unutulmaz bir tecr\u00fcbe kazand\u0131rd\u0131. Bunun gibi toplumsal katk\u0131 odakl\u0131 \u00e7al\u0131\u015fmalar\u0131m\u0131z\u0131n devam\u0131 olacak\u201d dedi<\/p>\n<p style=\"text-align: justify;\">Do\u00e7. Dr. Hidaye Aydan Bilgilier dan\u0131\u015fmanl\u0131\u011f\u0131nda y\u00fcr\u00fct\u00fclen projede; Ya\u011fmur Ba\u011f\u0131rgan, Elif \u00c7ak\u0131r, Oyun-Erdene Narangerel, Bensu Arkant, Damla H\u00fcr ve Sude \u00c7\u0131tak g\u00f6rev ald\u0131.<\/p>\n<div id='gallery-1' class='gallery galleryid-33324 gallery-columns-3 gallery-size-medium'><figure class='gallery-item'>\n\t\t\t<div class='gallery-icon landscape'>\n\t\t\t\t<a href='https:\/\/www.euegeajans.com\/wp-content\/uploads\/2026\/04\/3-37.jpg'><img loading=\"lazy\" decoding=\"async\" width=\"300\" height=\"169\" src=\"https:\/\/www.euegeajans.com\/wp-content\/uploads\/2026\/04\/3-37.jpg\" class=\"attachment-medium size-medium\" alt=\"\" \/><\/a>\n\t\t\t<\/div><\/figure><figure class='gallery-item'>\n\t\t\t<div class='gallery-icon landscape'>\n\t\t\t\t<a href='https:\/\/www.euegeajans.com\/wp-content\/uploads\/2026\/04\/4-33.jpg'><img loading=\"lazy\" decoding=\"async\" width=\"300\" height=\"169\" src=\"https:\/\/www.euegeajans.com\/wp-content\/uploads\/2026\/04\/4-33.jpg\" class=\"attachment-medium size-medium\" alt=\"\" \/><\/a>\n\t\t\t<\/div><\/figure><figure class='gallery-item'>\n\t\t\t<div class='gallery-icon landscape'>\n\t\t\t\t<a href='https:\/\/www.euegeajans.com\/wp-content\/uploads\/2026\/04\/5-26.jpg'><img loading=\"lazy\" decoding=\"async\" width=\"300\" height=\"169\" src=\"https:\/\/www.euegeajans.com\/wp-content\/uploads\/2026\/04\/5-26.jpg\" class=\"attachment-medium size-medium\" alt=\"\" \/><\/a>\n\t\t\t<\/div><\/figure>\n\t\t<\/div>\n\n","protected":false},"excerpt":{"rendered":"<p>E\u00dc \u0130leti\u015fim Fak\u00fcltesi \u00f6\u011frencileri taraf\u0131ndan hayata ge\u00e7irilen 8 haftal\u0131k at\u00f6lye program\u0131 kapsam\u0131nda, Kar\u015f\u0131yaka \u00c7ocuk Evleri&#8230;<\/p>\n","protected":false},"author":2,"featured_media":33325,"comment_status":"open","ping_status":"open","sticky":false,"template":"","format":"standard","meta":{"footnotes":""},"categories":[99,1,304,70,540],"tags":[],"class_list":["post-33324","post","type-post","status-publish","format-standard","has-post-thumbnail","hentry","category-egitim","category-gncl","category-iletisim","category-kampus","category-kultur-sanat"],"featured_image_urls":{"full":["https:\/\/www.euegeajans.com\/wp-content\/uploads\/2026\/04\/2-41.jpg",1920,1080,false],"thumbnail":["https:\/\/www.euegeajans.com\/wp-content\/uploads\/2026\/04\/2-41.jpg",150,84,false],"medium":["https:\/\/www.euegeajans.com\/wp-content\/uploads\/2026\/04\/2-41.jpg",300,169,false],"medium_large":["https:\/\/www.euegeajans.com\/wp-content\/uploads\/2026\/04\/2-41.jpg",640,360,false],"large":["https:\/\/www.euegeajans.com\/wp-content\/uploads\/2026\/04\/2-41.jpg",640,360,false],"1536x1536":["https:\/\/www.euegeajans.com\/wp-content\/uploads\/2026\/04\/2-41.jpg",1536,864,false],"2048x2048":["https:\/\/www.euegeajans.com\/wp-content\/uploads\/2026\/04\/2-41.jpg",1920,1080,false],"newsphere-slider-full":["https:\/\/www.euegeajans.com\/wp-content\/uploads\/2026\/04\/2-41.jpg",1280,720,false],"newsphere-featured":["https:\/\/www.euegeajans.com\/wp-content\/uploads\/2026\/04\/2-41.jpg",1024,576,false],"newsphere-medium":["https:\/\/www.euegeajans.com\/wp-content\/uploads\/2026\/04\/2-41.jpg",676,380,false]},"author_info":{"display_name":"Editor","author_link":"https:\/\/www.euegeajans.com\/index.php\/author\/editor\/"},"category_info":"<a href=\"https:\/\/www.euegeajans.com\/index.php\/category\/egitim\/\" rel=\"category tag\">E\u011fitim<\/a> <a href=\"https:\/\/www.euegeajans.com\/index.php\/category\/gncl\/\" rel=\"category tag\">G\u00fcncel<\/a> <a href=\"https:\/\/www.euegeajans.com\/index.php\/category\/iletisim\/\" rel=\"category tag\">\u0130leti\u015fim<\/a> <a href=\"https:\/\/www.euegeajans.com\/index.php\/category\/kampus\/\" rel=\"category tag\">Kamp\u00fcs<\/a> <a href=\"https:\/\/www.euegeajans.com\/index.php\/category\/kultur-sanat\/\" rel=\"category tag\">K\u00fclt\u00fcr - Sanat<\/a>","tag_info":"K\u00fclt\u00fcr - Sanat","comment_count":"0","_links":{"self":[{"href":"https:\/\/www.euegeajans.com\/index.php\/wp-json\/wp\/v2\/posts\/33324","targetHints":{"allow":["GET"]}}],"collection":[{"href":"https:\/\/www.euegeajans.com\/index.php\/wp-json\/wp\/v2\/posts"}],"about":[{"href":"https:\/\/www.euegeajans.com\/index.php\/wp-json\/wp\/v2\/types\/post"}],"author":[{"embeddable":true,"href":"https:\/\/www.euegeajans.com\/index.php\/wp-json\/wp\/v2\/users\/2"}],"replies":[{"embeddable":true,"href":"https:\/\/www.euegeajans.com\/index.php\/wp-json\/wp\/v2\/comments?post=33324"}],"version-history":[{"count":1,"href":"https:\/\/www.euegeajans.com\/index.php\/wp-json\/wp\/v2\/posts\/33324\/revisions"}],"predecessor-version":[{"id":33329,"href":"https:\/\/www.euegeajans.com\/index.php\/wp-json\/wp\/v2\/posts\/33324\/revisions\/33329"}],"wp:featuredmedia":[{"embeddable":true,"href":"https:\/\/www.euegeajans.com\/index.php\/wp-json\/wp\/v2\/media\/33325"}],"wp:attachment":[{"href":"https:\/\/www.euegeajans.com\/index.php\/wp-json\/wp\/v2\/media?parent=33324"}],"wp:term":[{"taxonomy":"category","embeddable":true,"href":"https:\/\/www.euegeajans.com\/index.php\/wp-json\/wp\/v2\/categories?post=33324"},{"taxonomy":"post_tag","embeddable":true,"href":"https:\/\/www.euegeajans.com\/index.php\/wp-json\/wp\/v2\/tags?post=33324"}],"curies":[{"name":"wp","href":"https:\/\/api.w.org\/{rel}","templated":true}]}}