{"id":33315,"date":"2026-04-28T04:22:00","date_gmt":"2026-04-28T04:22:00","guid":{"rendered":"https:\/\/www.euegeajans.com\/?p=33315"},"modified":"2026-04-28T09:24:32","modified_gmt":"2026-04-28T09:24:32","slug":"anadolunun-kadinlari-cocuklarla-bulustu","status":"publish","type":"post","link":"https:\/\/www.euegeajans.com\/index.php\/2026\/04\/28\/anadolunun-kadinlari-cocuklarla-bulustu\/","title":{"rendered":"\u201cAnadolu\u2019nun Kad\u0131nlar\u0131\u201d \u00e7ocuklarla bulu\u015ftu"},"content":{"rendered":"<p style=\"text-align: justify;\"><strong>E\u00dc Etnografya M\u00fczesinde Zaman Yolculu\u011fu<\/strong><\/p>\n<p style=\"text-align: justify;\" align=\"right\">Gencay Sessiz \u0130hsan \u00c7icihan<\/p>\n<p style=\"text-align: justify;\">Ege \u00dcniversitesi Etnografya M\u00fczesi, k\u00fclt\u00fcrel miras\u0131 gen\u00e7 nesillere aktarmay\u0131 hedefleyen ve \u00e7ocuklar\u0131 tarihin derinliklerinde bir yolculu\u011fa \u00e7\u0131karan \u201cAnadolu\u2019nun Kad\u0131nlar\u0131: Disiplinler Aras\u0131 K\u00fclt\u00fcr At\u00f6lyeleri\u201d projesine ev sahipli\u011fi yapt\u0131. Necmettin Erbakan Fen ve Teknoloji Anadolu \u0130mam Hatip Ortaokulu i\u015f birli\u011fiyle hayata ge\u00e7irilen projede ortaokul \u00f6\u011frencileri; nesnelerin \u00f6tesindeki insan hikayelerini ke\u015ffederek k\u00fclt\u00fcrel aidiyet ba\u011flar\u0131n\u0131 g\u00fc\u00e7lendirdi.<\/p>\n<p style=\"text-align: justify;\">Ege \u00dcniversitesi Sosyal Sorumluluk Projeleri Koordinat\u00f6rl\u00fc\u011f\u00fc b\u00fcnyesinde y\u00fcr\u00fct\u00fclen projenin koordinat\u00f6rl\u00fc\u011f\u00fcn\u00fc E\u00dc Etnografya M\u00fczesi M\u00fcd\u00fcr\u00fc Do\u00e7. Dr. Dilek Maktal Canko, at\u00f6lye koordinat\u00f6rl\u00fc\u011f\u00fcn\u00fc Melisa Karata\u015f \u00fcstlenirken, okul koordinasyonunu ise Dr. Elmas Burcu Karata\u015f y\u00fcr\u00fctt\u00fc.<\/p>\n<p style=\"text-align: justify;\">Proje kapsam\u0131nda G\u00fclderen S\u0131la Karademir ve Melih Orkun Orhan taraf\u0131ndan \u00f6\u011frencilerin ya\u015f seviyesine uygun olarak hikayele\u015ftirilen m\u00fcze b\u00f6l\u00fcmleri, \u00e7ocuklarda b\u00fcy\u00fck merak uyand\u0131rd\u0131. Ge\u00e7mi\u015fle g\u00fcn\u00fcm\u00fcz aras\u0131ndaki teknolojik fark\u0131 sorgulayan \u00e7ocuklar, zaman i\u00e7erisinde de\u011fi\u015fiklik g\u00f6steren\u00a0 k\u0131yafetlere kar\u015f\u0131 \u015fa\u015fk\u0131nl\u0131klar\u0131n\u0131 gizleyemedi. 100 y\u0131ll\u0131k \u00e7eyiz mektuplar\u0131ndan el eme\u011fi g\u00f6z nuru Zeybek feslerine kadar pek \u00e7ok eseri inceleyen \u00f6\u011frenciler, keyifli anlar ya\u015fad\u0131.<\/p>\n<p style=\"text-align: justify;\"><b>Kolaj at\u00f6lyesinde \u00e7al\u0131\u015ft\u0131lar<\/b><\/p>\n<p style=\"text-align: justify;\">M\u00fcze gezisinin ard\u0131ndan ger\u00e7ekle\u015ftirilen kolaj at\u00f6lyesinde \u00f6\u011frenciler, \u00f6\u011frendikleri bilgileri somut \u00e7\u0131kt\u0131lara d\u00f6n\u00fc\u015ft\u00fcrd\u00fc. At\u00f6lye koordinat\u00f6r\u00fc Melisa Karata\u015f taraf\u0131ndan m\u00fcze envanterindeki ger\u00e7ek eserlere \u00f6zg\u00fc olarak tasarlanan g\u00f6rsellerle \u00e7al\u0131\u015fan \u00e7ocuklar, geleneksel motifleri kendi yarat\u0131c\u0131l\u0131klar\u0131yla yeniden yorumlad\u0131.<\/p>\n<p style=\"text-align: justify;\">D\u00f6rt ay s\u00fcrmesi planlanan projenin sonunda, kat\u0131l\u0131mc\u0131 \u00f6\u011frencilerin haz\u0131rlad\u0131\u011f\u0131 t\u00fcm kolaj, \u00e7izim ve drama \u00e7\u0131kt\u0131lar\u0131 kapsaml\u0131 bir sergi ile ta\u00e7land\u0131r\u0131lacak. Ege \u00dcniversitesi Etnografya M\u00fczesinde ziyarete a\u00e7\u0131lacak olan sergi, Anadolu\u2019nun k\u00fclt\u00fcrel miras\u0131n\u0131 \u00e7ocuklar\u0131n g\u00f6z\u00fcnden kat\u0131l\u0131mc\u0131lara aktaracak.<\/p>\n<div id='gallery-1' class='gallery galleryid-33315 gallery-columns-3 gallery-size-medium'><figure class='gallery-item'>\n\t\t\t<div class='gallery-icon landscape'>\n\t\t\t\t<a href='https:\/\/www.euegeajans.com\/wp-content\/uploads\/2026\/04\/7-8.jpg'><img loading=\"lazy\" decoding=\"async\" width=\"300\" height=\"169\" src=\"https:\/\/www.euegeajans.com\/wp-content\/uploads\/2026\/04\/7-8.jpg\" class=\"attachment-medium size-medium\" alt=\"\" \/><\/a>\n\t\t\t<\/div><\/figure><figure class='gallery-item'>\n\t\t\t<div class='gallery-icon landscape'>\n\t\t\t\t<a href='https:\/\/www.euegeajans.com\/wp-content\/uploads\/2026\/04\/3-36.jpg'><img loading=\"lazy\" decoding=\"async\" width=\"300\" height=\"169\" src=\"https:\/\/www.euegeajans.com\/wp-content\/uploads\/2026\/04\/3-36.jpg\" class=\"attachment-medium size-medium\" alt=\"\" \/><\/a>\n\t\t\t<\/div><\/figure><figure class='gallery-item'>\n\t\t\t<div class='gallery-icon landscape'>\n\t\t\t\t<a href='https:\/\/www.euegeajans.com\/wp-content\/uploads\/2026\/04\/4-32.jpg'><img loading=\"lazy\" decoding=\"async\" width=\"300\" height=\"169\" src=\"https:\/\/www.euegeajans.com\/wp-content\/uploads\/2026\/04\/4-32.jpg\" class=\"attachment-medium size-medium\" alt=\"\" \/><\/a>\n\t\t\t<\/div><\/figure><figure class='gallery-item'>\n\t\t\t<div class='gallery-icon landscape'>\n\t\t\t\t<a href='https:\/\/www.euegeajans.com\/wp-content\/uploads\/2026\/04\/5-25.jpg'><img loading=\"lazy\" decoding=\"async\" width=\"300\" height=\"169\" src=\"https:\/\/www.euegeajans.com\/wp-content\/uploads\/2026\/04\/5-25.jpg\" class=\"attachment-medium size-medium\" alt=\"\" \/><\/a>\n\t\t\t<\/div><\/figure><figure class='gallery-item'>\n\t\t\t<div class='gallery-icon landscape'>\n\t\t\t\t<a href='https:\/\/www.euegeajans.com\/wp-content\/uploads\/2026\/04\/6-14.jpg'><img loading=\"lazy\" decoding=\"async\" width=\"300\" height=\"169\" src=\"https:\/\/www.euegeajans.com\/wp-content\/uploads\/2026\/04\/6-14.jpg\" class=\"attachment-medium size-medium\" alt=\"\" \/><\/a>\n\t\t\t<\/div><\/figure><figure class='gallery-item'>\n\t\t\t<div class='gallery-icon landscape'>\n\t\t\t\t<a href='https:\/\/www.euegeajans.com\/wp-content\/uploads\/2026\/04\/8-5.jpg'><img loading=\"lazy\" decoding=\"async\" width=\"300\" height=\"169\" src=\"https:\/\/www.euegeajans.com\/wp-content\/uploads\/2026\/04\/8-5.jpg\" class=\"attachment-medium size-medium\" alt=\"\" \/><\/a>\n\t\t\t<\/div><\/figure>\n\t\t<\/div>\n\n","protected":false},"excerpt":{"rendered":"<p>E\u00dc Etnografya M\u00fczesinde Zaman Yolculu\u011fu Gencay Sessiz \u0130hsan \u00c7icihan Ege \u00dcniversitesi Etnografya M\u00fczesi, k\u00fclt\u00fcrel miras\u0131&#8230;<\/p>\n","protected":false},"author":2,"featured_media":33316,"comment_status":"open","ping_status":"open","sticky":false,"template":"","format":"standard","meta":{"footnotes":""},"categories":[99,1,70,540],"tags":[],"class_list":["post-33315","post","type-post","status-publish","format-standard","has-post-thumbnail","hentry","category-egitim","category-gncl","category-kampus","category-kultur-sanat"],"featured_image_urls":{"full":["https:\/\/www.euegeajans.com\/wp-content\/uploads\/2026\/04\/2-40.jpg",1920,1080,false],"thumbnail":["https:\/\/www.euegeajans.com\/wp-content\/uploads\/2026\/04\/2-40.jpg",150,84,false],"medium":["https:\/\/www.euegeajans.com\/wp-content\/uploads\/2026\/04\/2-40.jpg",300,169,false],"medium_large":["https:\/\/www.euegeajans.com\/wp-content\/uploads\/2026\/04\/2-40.jpg",640,360,false],"large":["https:\/\/www.euegeajans.com\/wp-content\/uploads\/2026\/04\/2-40.jpg",640,360,false],"1536x1536":["https:\/\/www.euegeajans.com\/wp-content\/uploads\/2026\/04\/2-40.jpg",1536,864,false],"2048x2048":["https:\/\/www.euegeajans.com\/wp-content\/uploads\/2026\/04\/2-40.jpg",1920,1080,false],"newsphere-slider-full":["https:\/\/www.euegeajans.com\/wp-content\/uploads\/2026\/04\/2-40.jpg",1280,720,false],"newsphere-featured":["https:\/\/www.euegeajans.com\/wp-content\/uploads\/2026\/04\/2-40.jpg",1024,576,false],"newsphere-medium":["https:\/\/www.euegeajans.com\/wp-content\/uploads\/2026\/04\/2-40.jpg",676,380,false]},"author_info":{"display_name":"Editor","author_link":"https:\/\/www.euegeajans.com\/index.php\/author\/editor\/"},"category_info":"<a href=\"https:\/\/www.euegeajans.com\/index.php\/category\/egitim\/\" rel=\"category tag\">E\u011fitim<\/a> <a href=\"https:\/\/www.euegeajans.com\/index.php\/category\/gncl\/\" rel=\"category tag\">G\u00fcncel<\/a> <a href=\"https:\/\/www.euegeajans.com\/index.php\/category\/kampus\/\" rel=\"category tag\">Kamp\u00fcs<\/a> <a href=\"https:\/\/www.euegeajans.com\/index.php\/category\/kultur-sanat\/\" rel=\"category tag\">K\u00fclt\u00fcr - Sanat<\/a>","tag_info":"K\u00fclt\u00fcr - Sanat","comment_count":"0","_links":{"self":[{"href":"https:\/\/www.euegeajans.com\/index.php\/wp-json\/wp\/v2\/posts\/33315","targetHints":{"allow":["GET"]}}],"collection":[{"href":"https:\/\/www.euegeajans.com\/index.php\/wp-json\/wp\/v2\/posts"}],"about":[{"href":"https:\/\/www.euegeajans.com\/index.php\/wp-json\/wp\/v2\/types\/post"}],"author":[{"embeddable":true,"href":"https:\/\/www.euegeajans.com\/index.php\/wp-json\/wp\/v2\/users\/2"}],"replies":[{"embeddable":true,"href":"https:\/\/www.euegeajans.com\/index.php\/wp-json\/wp\/v2\/comments?post=33315"}],"version-history":[{"count":1,"href":"https:\/\/www.euegeajans.com\/index.php\/wp-json\/wp\/v2\/posts\/33315\/revisions"}],"predecessor-version":[{"id":33323,"href":"https:\/\/www.euegeajans.com\/index.php\/wp-json\/wp\/v2\/posts\/33315\/revisions\/33323"}],"wp:featuredmedia":[{"embeddable":true,"href":"https:\/\/www.euegeajans.com\/index.php\/wp-json\/wp\/v2\/media\/33316"}],"wp:attachment":[{"href":"https:\/\/www.euegeajans.com\/index.php\/wp-json\/wp\/v2\/media?parent=33315"}],"wp:term":[{"taxonomy":"category","embeddable":true,"href":"https:\/\/www.euegeajans.com\/index.php\/wp-json\/wp\/v2\/categories?post=33315"},{"taxonomy":"post_tag","embeddable":true,"href":"https:\/\/www.euegeajans.com\/index.php\/wp-json\/wp\/v2\/tags?post=33315"}],"curies":[{"name":"wp","href":"https:\/\/api.w.org\/{rel}","templated":true}]}}