{"id":33301,"date":"2026-04-28T08:46:42","date_gmt":"2026-04-28T08:46:42","guid":{"rendered":"https:\/\/www.euegeajans.com\/?p=33301"},"modified":"2026-04-28T08:49:16","modified_gmt":"2026-04-28T08:49:16","slug":"uluslararasi-turan-film-festivali-ucuncu-yilinda-da-coskuyla-gerceklestirilecek","status":"publish","type":"post","link":"https:\/\/www.euegeajans.com\/index.php\/2026\/04\/28\/uluslararasi-turan-film-festivali-ucuncu-yilinda-da-coskuyla-gerceklestirilecek\/","title":{"rendered":"Uluslararas\u0131 Turan Film Festivali \u00fc\u00e7\u00fcnc\u00fc y\u0131l\u0131nda da co\u015fkuyla ger\u00e7ekle\u015ftirilecek"},"content":{"rendered":"<p style=\"text-align: justify;\"><strong><span lang=\"EN-US\">T\u00fcrk d\u00fcnyas\u0131n\u0131n kalbi beyaz perdede atacak<\/span><\/strong><\/p>\n<p style=\"text-align: justify;\"><span lang=\"EN-US\">90\u00a0 \u00fclkeden \u00a02105 film ba\u015fvurusunun yap\u0131ld\u0131\u011f\u0131, multidisipliner bir sanat platformu \u00a0olan festival program\u0131nda; sinema ve k\u00fclt\u00fcr d\u00fcnyas\u0131n\u0131n usta isimlerini bir araya getirecek s\u00f6yle\u015filer, paneller, 2 foto\u011fraf sergisi, 1 resim sergisi, 1 konser sahneye ta\u015f\u0131nacak.<\/span><b><span lang=\"EN-US\">\u00a0<\/span><\/b><\/p>\n<p style=\"text-align: justify;\"><b><span lang=\"EN-US\">Rekt\u00f6r Prof. Dr. Musa Alc\u0131, \u201cBu sene festival program\u0131 kapsam\u0131nda yer alan \u00f6zel se\u00e7kilerden birini \u2018Uluslararas\u0131 Gazze Film Se\u00e7kisi\u2019 olarak belirledik. Bu se\u00e7kiyle, d\u00fcnyan\u0131n g\u00f6z\u00fc \u00f6n\u00fcnde ya\u015fanan insanl\u0131k dram\u0131na dikkat \u00e7ekmeyi ve Filistin halk\u0131n\u0131n sesini sineman\u0131n evrensel diliyle duyurmay\u0131 ama\u00e7l\u0131yoruz.\u201d dedi.<\/span><\/b><b><span lang=\"EN-US\">\u00a0<\/span><\/b><\/p>\n<p style=\"text-align: justify;\"><span lang=\"EN-US\">T\u00fcrk k\u00fclt\u00fcr\u00fcn\u00fcn kadim miras\u0131n\u0131, zenginli\u011fini ve derinli\u011fini sineman\u0131n evrensel g\u00fcc\u00fcyle d\u00fcnya sahnelerine ta\u015f\u0131yan 3. Uluslararas\u0131 Turan Film Festivali, kap\u0131lar\u0131n\u0131 a\u00e7maya haz\u0131rlan\u0131yor. Ege \u00dcniversitesi taraf\u0131ndan d\u00fczenlenen, K\u00fclt\u00fcr ve Turizm Bakanl\u0131\u011f\u0131 Sinema Genel M\u00fcd\u00fcrl\u00fc\u011f\u00fcn\u00fcn destekleri ve Uluslararas\u0131 T\u00fcrk K\u00fclt\u00fcr\u00fc Te\u015fkilat\u0131 T\u00dcRKSOY\u2019un katk\u0131lar\u0131yla hayata ge\u00e7irilen festival, bu y\u0131l 3-8 May\u0131s tarihleri aras\u0131nda sinemaseverleri heyecanl\u0131 bir yolculu\u011fa \u00e7\u0131karacak. Festival komitesine bu y\u0131l 90 farkl\u0131 \u00fclkeden tam 2 bin 105 film ba\u015fvurusu yap\u0131ld\u0131.<\/span><\/p>\n<p style=\"text-align: justify;\"><span lang=\"EN-US\">Turan Film Festivalinin yaln\u0131zca T\u00fcrk co\u011frafyas\u0131n\u0131n de\u011fil, d\u00fcnya sinema end\u00fcstrisinin de en prestijli duraklar\u0131ndan biri haline geldi\u011fini s\u00f6yleyen Ege \u00dcniversitesi Rekt\u00f6r\u00fc Prof. Dr. Musa Alc\u0131, \u201cBu festival, T\u00fcrk d\u00fcnyas\u0131n\u0131n k\u00fclt\u00fcrel diplomasideki y\u00fckselen g\u00fcc\u00fcn\u00fcn en net g\u00f6stergesidir. Festivale bu kadar fazla say\u0131da ba\u015fvuru olmas\u0131, T\u00fcrk k\u00fclt\u00fcr\u00fcne ve binlerce y\u0131ll\u0131k anlat\u0131lar\u0131m\u0131za duyulan k\u00fcresel ilginin bir kan\u0131t\u0131 niteli\u011findedir. T\u00fcrk d\u00fcnyas\u0131n\u0131n, k\u00fcresel sanat arenas\u0131nda bir ba\u015frol oldu\u011funun ni\u015fanesidir. Ayr\u0131ca bu sene festival program\u0131 kapsam\u0131nda yer alan \u00f6zel se\u00e7kilerden birini \u2018Uluslararas\u0131 Gazze Film Se\u00e7kisi\u2019 olarak belirledik. Bu se\u00e7kiyle, d\u00fcnyan\u0131n g\u00f6z\u00fc \u00f6n\u00fcnde ya\u015fanan insanl\u0131k dram\u0131na dikkat \u00e7ekmeyi ve Filistin halk\u0131n\u0131n sesini sineman\u0131n evrensel diliyle duyurmay\u0131 ama\u00e7l\u0131yoruz. Ayn\u0131 zamanda, beyaz perdenin yaln\u0131zca bir sanat dal\u0131 de\u011fil, insanl\u0131\u011f\u0131n vicdan\u0131n\u0131n belle\u011fi ve ger\u00e7e\u011fe tan\u0131kl\u0131k eden g\u00fc\u00e7l\u00fc bir ifade alan\u0131 oldu\u011funu vurgulamay\u0131 hedefliyoruz. \u00dcniversitemiz ev sahipli\u011finde d\u00fczenledi\u011fimiz bu uluslararas\u0131 k\u00fclt\u00fcr sanat \u015f\u00f6lenine ba\u015fta \u00f6\u011frencilerimiz olmak \u00fczere t\u00fcm sinemaseverleri bekliyoruz\u201d dedi.<\/span><span lang=\"EN-US\">\u00a0<\/span><\/p>\n<p style=\"text-align: justify;\"><b><span lang=\"EN-US\">6 G\u00fcn s\u00fcrecek \u201cSanat \u015e\u00f6leni\u201d<\/span><\/b><\/p>\n<p style=\"text-align: justify;\"><span lang=\"EN-US\">Beyazperdenin \u00f6tesine ge\u00e7erek multidisipliner bir sanat platformu olan festival program\u0131nda; sinema ve k\u00fclt\u00fcr d\u00fcnyas\u0131n\u0131n usta isimlerini bir araya getirecek s\u00f6yle\u015filer, paneller, 2 foto\u011fraf sergisi, 1 resim sergisi, 1 konser sahneye ta\u015f\u0131nacak. Ayr\u0131ca, binlerce eser aras\u0131ndan b\u00fcy\u00fck bir titizlikle se\u00e7ilen 10 se\u00e7ki g\u00f6sterimi ger\u00e7ekle\u015ftirilecek.<\/span><span lang=\"EN-US\">\u00a0<\/span><\/p>\n<p style=\"text-align: justify;\"><b><span lang=\"EN-US\">Sava\u015f\u0131n G\u00f6lgesinden Beyazperdeye: Gazze Film Se\u00e7kisi<\/span><\/b><\/p>\n<p style=\"text-align: justify;\"><span lang=\"EN-US\">Festival program\u0131 kapsam\u0131nda yer alan \u00f6zel se\u00e7kilerden biri ise d\u00fcnyan\u0131n g\u00f6z\u00fc \u00f6n\u00fcnde ya\u015fanan insanl\u0131k dram\u0131na sessiz kalmamak ad\u0131na Gazze&#8217;ye ayr\u0131ld\u0131. Sava\u015f\u0131n ve zulm\u00fcn y\u0131k\u0131c\u0131 g\u00f6lgesinde ya\u015fam m\u00fccadelesi veren Filistin halk\u0131n\u0131n sesi olmak amac\u0131yla, 4 May\u0131s 2026 tarihinde Ege \u00dcniversitesi \u0130leti\u015fim Fak\u00fcltesi Konferans Salonu\u2019nda &#8220;Uluslararas\u0131 Gazze Film Se\u00e7kisi&#8221; izleyiciyle bulu\u015facak. Saat 11.00&#8217;de ba\u015flayacak olan bu anlaml\u0131 etkinlikte; sava\u015f\u0131n ac\u0131mas\u0131z ger\u00e7ekli\u011fini, y\u0131k\u0131nt\u0131lar aras\u0131ndaki masum \u00e7ocuklar\u0131n umudunu ve bir halk\u0131n direni\u015fini anlatan Sea Of Hope, Gaza&#8217;s Rain, Gales From Gaza ve Baytora gibi \u00e7arp\u0131c\u0131 yap\u0131mlar beyazperdeye yans\u0131yacak. Sineman\u0131n yaln\u0131zca k\u00fclt\u00fcrel bir k\u00f6pr\u00fc de\u011fil, ayn\u0131 zamanda mazlumlar i\u00e7in k\u00fcresel bir vicdan \u00e7a\u011fr\u0131s\u0131 oldu\u011funun vurgulanaca\u011f\u0131 bu se\u00e7ki, sava\u015f\u0131n ortas\u0131ndaki insanl\u0131k dram\u0131n\u0131 sanat\u0131n evrensel diliyle uluslararas\u0131 kamuoyuna ta\u015f\u0131yacak.<\/span><\/p>\n<p style=\"text-align: justify;\"><span lang=\"EN-US\">Turan Film Festivalinin detayl\u0131 program\u0131na, etkinlik mekanlar\u0131na ve seans bilgilerine festivalin resmi web sitesi ve sosyal medya hesaplar\u0131 \u00fczerinden ula\u015f\u0131labilecek.<\/span><\/p>\n","protected":false},"excerpt":{"rendered":"<p>T\u00fcrk d\u00fcnyas\u0131n\u0131n kalbi beyaz perdede atacak 90\u00a0 \u00fclkeden \u00a02105 film ba\u015fvurusunun yap\u0131ld\u0131\u011f\u0131, multidisipliner bir sanat&#8230;<\/p>\n","protected":false},"author":2,"featured_media":33304,"comment_status":"open","ping_status":"open","sticky":false,"template":"","format":"standard","meta":{"footnotes":""},"categories":[99,1,70,540],"tags":[],"class_list":["post-33301","post","type-post","status-publish","format-standard","has-post-thumbnail","hentry","category-egitim","category-gncl","category-kampus","category-kultur-sanat"],"featured_image_urls":{"full":["https:\/\/www.euegeajans.com\/wp-content\/uploads\/2026\/04\/Adsiz-Instagram-Gonderisi-45.jpg",1080,1350,false],"thumbnail":["https:\/\/www.euegeajans.com\/wp-content\/uploads\/2026\/04\/Adsiz-Instagram-Gonderisi-45.jpg",120,150,false],"medium":["https:\/\/www.euegeajans.com\/wp-content\/uploads\/2026\/04\/Adsiz-Instagram-Gonderisi-45.jpg",240,300,false],"medium_large":["https:\/\/www.euegeajans.com\/wp-content\/uploads\/2026\/04\/Adsiz-Instagram-Gonderisi-45.jpg",640,800,false],"large":["https:\/\/www.euegeajans.com\/wp-content\/uploads\/2026\/04\/Adsiz-Instagram-Gonderisi-45.jpg",640,800,false],"1536x1536":["https:\/\/www.euegeajans.com\/wp-content\/uploads\/2026\/04\/Adsiz-Instagram-Gonderisi-45.jpg",1080,1350,false],"2048x2048":["https:\/\/www.euegeajans.com\/wp-content\/uploads\/2026\/04\/Adsiz-Instagram-Gonderisi-45.jpg",1080,1350,false],"newsphere-slider-full":["https:\/\/www.euegeajans.com\/wp-content\/uploads\/2026\/04\/Adsiz-Instagram-Gonderisi-45.jpg",576,720,false],"newsphere-featured":["https:\/\/www.euegeajans.com\/wp-content\/uploads\/2026\/04\/Adsiz-Instagram-Gonderisi-45.jpg",1024,1280,false],"newsphere-medium":["https:\/\/www.euegeajans.com\/wp-content\/uploads\/2026\/04\/Adsiz-Instagram-Gonderisi-45.jpg",304,380,false]},"author_info":{"display_name":"Editor","author_link":"https:\/\/www.euegeajans.com\/index.php\/author\/editor\/"},"category_info":"<a href=\"https:\/\/www.euegeajans.com\/index.php\/category\/egitim\/\" rel=\"category tag\">E\u011fitim<\/a> <a href=\"https:\/\/www.euegeajans.com\/index.php\/category\/gncl\/\" rel=\"category tag\">G\u00fcncel<\/a> <a href=\"https:\/\/www.euegeajans.com\/index.php\/category\/kampus\/\" rel=\"category tag\">Kamp\u00fcs<\/a> <a href=\"https:\/\/www.euegeajans.com\/index.php\/category\/kultur-sanat\/\" rel=\"category tag\">K\u00fclt\u00fcr - Sanat<\/a>","tag_info":"K\u00fclt\u00fcr - Sanat","comment_count":"0","_links":{"self":[{"href":"https:\/\/www.euegeajans.com\/index.php\/wp-json\/wp\/v2\/posts\/33301","targetHints":{"allow":["GET"]}}],"collection":[{"href":"https:\/\/www.euegeajans.com\/index.php\/wp-json\/wp\/v2\/posts"}],"about":[{"href":"https:\/\/www.euegeajans.com\/index.php\/wp-json\/wp\/v2\/types\/post"}],"author":[{"embeddable":true,"href":"https:\/\/www.euegeajans.com\/index.php\/wp-json\/wp\/v2\/users\/2"}],"replies":[{"embeddable":true,"href":"https:\/\/www.euegeajans.com\/index.php\/wp-json\/wp\/v2\/comments?post=33301"}],"version-history":[{"count":1,"href":"https:\/\/www.euegeajans.com\/index.php\/wp-json\/wp\/v2\/posts\/33301\/revisions"}],"predecessor-version":[{"id":33303,"href":"https:\/\/www.euegeajans.com\/index.php\/wp-json\/wp\/v2\/posts\/33301\/revisions\/33303"}],"wp:featuredmedia":[{"embeddable":true,"href":"https:\/\/www.euegeajans.com\/index.php\/wp-json\/wp\/v2\/media\/33304"}],"wp:attachment":[{"href":"https:\/\/www.euegeajans.com\/index.php\/wp-json\/wp\/v2\/media?parent=33301"}],"wp:term":[{"taxonomy":"category","embeddable":true,"href":"https:\/\/www.euegeajans.com\/index.php\/wp-json\/wp\/v2\/categories?post=33301"},{"taxonomy":"post_tag","embeddable":true,"href":"https:\/\/www.euegeajans.com\/index.php\/wp-json\/wp\/v2\/tags?post=33301"}],"curies":[{"name":"wp","href":"https:\/\/api.w.org\/{rel}","templated":true}]}}