{"id":33298,"date":"2026-04-27T08:49:20","date_gmt":"2026-04-27T08:49:20","guid":{"rendered":"https:\/\/www.euegeajans.com\/?p=33298"},"modified":"2026-04-27T08:49:56","modified_gmt":"2026-04-27T08:49:56","slug":"yapay-zeka-ve-otonom-sistemler-ile-tarimsal-donusum-etkinligi","status":"publish","type":"post","link":"https:\/\/www.euegeajans.com\/index.php\/2026\/04\/27\/yapay-zeka-ve-otonom-sistemler-ile-tarimsal-donusum-etkinligi\/","title":{"rendered":"\u201cYapay Zek\u00e2 ve Otonom Sistemler ile Tar\u0131msal D\u00f6n\u00fc\u015f\u00fcm\u201d etkinli\u011fi"},"content":{"rendered":"<p style=\"text-align: justify;\" align=\"center\"><b>E\u00dc\u2019de \u201cTar\u0131mda yapay zeka d\u00f6n\u00fc\u015f\u00fcm\u00fc\u201d konu\u015fulacak<\/b><\/p>\n<p style=\"text-align: justify;\">Tar\u0131m Teknolojileri \u00dcretim ve M\u00fchendislik Ekosistemi (T\u00dcME) koordinasyonunda, Ege \u00dcniversitesi ev sahipli\u011finde \u201cYapay Zek\u00e2 ve Otonom Sistemler ile Tar\u0131msal D\u00f6n\u00fc\u015f\u00fcm\u201d ba\u015fl\u0131kl\u0131 etkinlik ger\u00e7ekle\u015ftirilecek. Etkinlikte, tar\u0131mda dijitalle\u015fmenin ve yenilik\u00e7i teknolojilerin gelece\u011fi, alan\u0131nda uzman isimlerin kat\u0131l\u0131m\u0131yla ele al\u0131nacak.<\/p>\n<p style=\"text-align: justify;\">Yapay zek\u00e2 destekli \u00fcretim, otonom sistemler ve s\u00fcrd\u00fcr\u00fclebilir tar\u0131m uygulamalar\u0131na ili\u015fkin \u00f6nemli de\u011ferlendirmelerin payla\u015f\u0131laca\u011f\u0131 etkinlik, 29 Nisan \u00c7ar\u015famba g\u00fcn\u00fc saat 14.30\u2019da Ege \u00dcniversitesi Fen Fak\u00fcltesi Konferans Salonunda yap\u0131lacak. E\u00dc Rekt\u00f6r\u00fc Prof. Dr. Musa Alc\u0131, T\u00dcME Y\u00f6netim Kurulu Ba\u015fkan\u0131 Abdulkadir Karag\u00f6z ve TEKNOFEST Tar\u0131m Giri\u015fimcisi Ferid\u00fcttin A\u00e7\u0131c\u0131\u2019n\u0131n konu\u015fmac\u0131 olarak kat\u0131laca\u011f\u0131 etkinlikte tar\u0131mda dijitalle\u015fmenin gelece\u011fi masaya yat\u0131r\u0131lacak. Kat\u0131l\u0131mc\u0131lar, s\u00fcrd\u00fcr\u00fclebilir tar\u0131m uygulamalar\u0131n\u0131n teknoloji ile nas\u0131l entegre edilebilece\u011fi konusunda uzman isimlerden bilgi alma f\u0131rsat\u0131 bulacaklar.<\/p>\n","protected":false},"excerpt":{"rendered":"<p>E\u00dc\u2019de \u201cTar\u0131mda yapay zeka d\u00f6n\u00fc\u015f\u00fcm\u00fc\u201d konu\u015fulacak Tar\u0131m Teknolojileri \u00dcretim ve M\u00fchendislik Ekosistemi (T\u00dcME) koordinasyonunda, Ege&#8230;<\/p>\n","protected":false},"author":2,"featured_media":33299,"comment_status":"open","ping_status":"open","sticky":false,"template":"","format":"standard","meta":{"footnotes":""},"categories":[69,99,1,70],"tags":[],"class_list":["post-33298","post","type-post","status-publish","format-standard","has-post-thumbnail","hentry","category-bilim","category-egitim","category-gncl","category-kampus"],"featured_image_urls":{"full":["https:\/\/www.euegeajans.com\/wp-content\/uploads\/2026\/04\/EUde-Tarimda-yapay-zeka-donusumu-konusulacak-.jpeg",508,677,false],"thumbnail":["https:\/\/www.euegeajans.com\/wp-content\/uploads\/2026\/04\/EUde-Tarimda-yapay-zeka-donusumu-konusulacak-.jpeg",113,150,false],"medium":["https:\/\/www.euegeajans.com\/wp-content\/uploads\/2026\/04\/EUde-Tarimda-yapay-zeka-donusumu-konusulacak-.jpeg",225,300,false],"medium_large":["https:\/\/www.euegeajans.com\/wp-content\/uploads\/2026\/04\/EUde-Tarimda-yapay-zeka-donusumu-konusulacak-.jpeg",508,677,false],"large":["https:\/\/www.euegeajans.com\/wp-content\/uploads\/2026\/04\/EUde-Tarimda-yapay-zeka-donusumu-konusulacak-.jpeg",508,677,false],"1536x1536":["https:\/\/www.euegeajans.com\/wp-content\/uploads\/2026\/04\/EUde-Tarimda-yapay-zeka-donusumu-konusulacak-.jpeg",508,677,false],"2048x2048":["https:\/\/www.euegeajans.com\/wp-content\/uploads\/2026\/04\/EUde-Tarimda-yapay-zeka-donusumu-konusulacak-.jpeg",508,677,false],"newsphere-slider-full":["https:\/\/www.euegeajans.com\/wp-content\/uploads\/2026\/04\/EUde-Tarimda-yapay-zeka-donusumu-konusulacak-.jpeg",508,677,false],"newsphere-featured":["https:\/\/www.euegeajans.com\/wp-content\/uploads\/2026\/04\/EUde-Tarimda-yapay-zeka-donusumu-konusulacak-.jpeg",508,677,false],"newsphere-medium":["https:\/\/www.euegeajans.com\/wp-content\/uploads\/2026\/04\/EUde-Tarimda-yapay-zeka-donusumu-konusulacak-.jpeg",285,380,false]},"author_info":{"display_name":"Editor","author_link":"https:\/\/www.euegeajans.com\/index.php\/author\/editor\/"},"category_info":"<a href=\"https:\/\/www.euegeajans.com\/index.php\/category\/bilim\/\" rel=\"category tag\">Bilim<\/a> <a href=\"https:\/\/www.euegeajans.com\/index.php\/category\/egitim\/\" rel=\"category tag\">E\u011fitim<\/a> <a href=\"https:\/\/www.euegeajans.com\/index.php\/category\/gncl\/\" rel=\"category tag\">G\u00fcncel<\/a> <a href=\"https:\/\/www.euegeajans.com\/index.php\/category\/kampus\/\" rel=\"category tag\">Kamp\u00fcs<\/a>","tag_info":"Kamp\u00fcs","comment_count":"0","_links":{"self":[{"href":"https:\/\/www.euegeajans.com\/index.php\/wp-json\/wp\/v2\/posts\/33298","targetHints":{"allow":["GET"]}}],"collection":[{"href":"https:\/\/www.euegeajans.com\/index.php\/wp-json\/wp\/v2\/posts"}],"about":[{"href":"https:\/\/www.euegeajans.com\/index.php\/wp-json\/wp\/v2\/types\/post"}],"author":[{"embeddable":true,"href":"https:\/\/www.euegeajans.com\/index.php\/wp-json\/wp\/v2\/users\/2"}],"replies":[{"embeddable":true,"href":"https:\/\/www.euegeajans.com\/index.php\/wp-json\/wp\/v2\/comments?post=33298"}],"version-history":[{"count":1,"href":"https:\/\/www.euegeajans.com\/index.php\/wp-json\/wp\/v2\/posts\/33298\/revisions"}],"predecessor-version":[{"id":33300,"href":"https:\/\/www.euegeajans.com\/index.php\/wp-json\/wp\/v2\/posts\/33298\/revisions\/33300"}],"wp:featuredmedia":[{"embeddable":true,"href":"https:\/\/www.euegeajans.com\/index.php\/wp-json\/wp\/v2\/media\/33299"}],"wp:attachment":[{"href":"https:\/\/www.euegeajans.com\/index.php\/wp-json\/wp\/v2\/media?parent=33298"}],"wp:term":[{"taxonomy":"category","embeddable":true,"href":"https:\/\/www.euegeajans.com\/index.php\/wp-json\/wp\/v2\/categories?post=33298"},{"taxonomy":"post_tag","embeddable":true,"href":"https:\/\/www.euegeajans.com\/index.php\/wp-json\/wp\/v2\/tags?post=33298"}],"curies":[{"name":"wp","href":"https:\/\/api.w.org\/{rel}","templated":true}]}}