{"id":33292,"date":"2026-04-27T01:26:00","date_gmt":"2026-04-27T01:26:00","guid":{"rendered":"https:\/\/www.euegeajans.com\/?p=33292"},"modified":"2026-04-27T08:33:51","modified_gmt":"2026-04-27T08:33:51","slug":"ogr-gor-yuksel-medeniyetimizin-sesini-gonullere-tasidik","status":"publish","type":"post","link":"https:\/\/www.euegeajans.com\/index.php\/2026\/04\/27\/ogr-gor-yuksel-medeniyetimizin-sesini-gonullere-tasidik\/","title":{"rendered":"\u00d6\u011fr. G\u00f6r. Y\u00fcksel, \u201cMedeniyetimizin sesini g\u00f6n\u00fcllere ta\u015f\u0131d\u0131k\u201d"},"content":{"rendered":"<p style=\"text-align: justify;\">\u00a0Ege \u00dcniversitesi Devlet T\u00fcrk Musikisi Konservatuvar\u0131 \u00d6\u011fr. G\u00f6r. Halil \u0130brahim Y\u00fcksel ve \u00d6\u011fr. G\u00f6r. Ka\u015fif Demir\u00f6z koordinat\u00f6rl\u00fc\u011f\u00fcnde haz\u0131rlanan &#8220;Kadim Gelene\u011fimizin Musikiye Dair Yolculu\u011fu&#8221; etkinli\u011fi, musikinin as\u0131rl\u0131k haf\u0131zas\u0131n\u0131 sanatseverlerle bulu\u015fturdu.<\/p>\n<p style=\"text-align: justify;\">Narl\u0131dere Ya\u015fl\u0131 Bak\u0131m ve Rehabilitasyon Merkezi Efes Salonunun ev sahipli\u011finde ger\u00e7ekle\u015fen programda; T\u00fcrk m\u00fbs\u0131k\u00ee sanat\u0131 tarihi, farkl\u0131 meslek gruplar\u0131ndan emekli olan ve ya\u015famlar\u0131n\u0131 merkezde s\u00fcrd\u00fcren k\u0131demli sakinlere aktar\u0131ld\u0131. M\u00fczi\u011fin tarihi derinli\u011fini estetik bir anlat\u0131mla birle\u015ftiren etkinlik, dinleyicilere k\u00fclt\u00fcrel bir yolculuk ya\u015fatt\u0131.<\/p>\n<p style=\"text-align: justify;\">G\u00fcn\u00fcn anlam ve \u00f6nemine dair konu\u015fan \u00d6\u011fr. G\u00f6r. Halil \u0130brahim Y\u00fcksel, \u201cKadim Gelene\u011fimizin M\u00fbs\u0131k\u00eeye D\u00e2ir Yolculu\u011fu ba\u015fl\u0131\u011f\u0131 alt\u0131nda hayata ge\u00e7irdi\u011fimiz sunum ve dinleti projemizin bug\u00fcnk\u00fc dura\u011f\u0131, \u0130zmir Narl\u0131dere Ya\u015fl\u0131 Bak\u0131m ve Rehabilitasyon Merkezi oldu. Medeniyetimizin en g\u00fc\u00e7l\u00fc yap\u0131 ta\u015flar\u0131ndan biri olan T\u00fcrk M\u00fbs\u0131k\u00ee Sanat\u0131 Tarihi\u2019ni merkezimize ald\u0131\u011f\u0131m\u0131z bu \u00f6zel g\u00fcnde; farkl\u0131 meslek gruplar\u0131ndan emekli olmu\u015f k\u0131ymetli b\u00fcy\u00fcklerimizin ve \u0130zmirli sanatseverlerin yo\u011fun ilgisi bizleri ziyadesiyle mutlu etti. Tarihimize ve k\u00fclt\u00fcr\u00fcm\u00fcze dair haz\u0131rlad\u0131\u011f\u0131m\u0131z bu yolculu\u011fu farkl\u0131 platformlarda da s\u00fcrd\u00fcrmeyi arzu ediyoruz. Bu s\u00fcre\u00e7te k\u0131ymetli katk\u0131lar\u0131yla yan\u0131m\u0131zda olan E\u00dc Devlet T\u00fcrk M\u00fbs\u0131k\u00eesi Konservatuvar\u0131 \u00d6\u011fr. G\u00f6r. Neyzen Ka\u015fif Demir\u00f6z\u2019e, Tonmayster \u00d6\u011fr. G\u00f6r. Hakk\u0131 Balamir\u2019e ve g\u00f6rsel sunumumuzu titizlikle haz\u0131rlayan y\u00fcksek lisans \u00f6\u011frencimiz Nisa \u0130rem Co\u015fkuner\u2019e te\u015fekk\u00fcr ederim\u201d dedi.<\/p>\n<p><img loading=\"lazy\" decoding=\"async\" class=\"alignleft size-full wp-image-33296\" src=\"http:\/\/www.euegeajans.com\/wp-content\/uploads\/2026\/04\/3-35.jpg\" alt=\"\" width=\"1080\" height=\"1080\" \/><\/p>\n","protected":false},"excerpt":{"rendered":"<p>\u00a0Ege \u00dcniversitesi Devlet T\u00fcrk Musikisi Konservatuvar\u0131 \u00d6\u011fr. G\u00f6r. Halil \u0130brahim Y\u00fcksel ve \u00d6\u011fr. G\u00f6r. Ka\u015fif&#8230;<\/p>\n","protected":false},"author":2,"featured_media":33294,"comment_status":"open","ping_status":"open","sticky":false,"template":"","format":"standard","meta":{"footnotes":""},"categories":[99,1,70,540],"tags":[],"class_list":["post-33292","post","type-post","status-publish","format-standard","has-post-thumbnail","hentry","category-egitim","category-gncl","category-kampus","category-kultur-sanat"],"featured_image_urls":{"full":["https:\/\/www.euegeajans.com\/wp-content\/uploads\/2026\/04\/2-39.jpg",1080,1080,false],"thumbnail":["https:\/\/www.euegeajans.com\/wp-content\/uploads\/2026\/04\/2-39.jpg",150,150,false],"medium":["https:\/\/www.euegeajans.com\/wp-content\/uploads\/2026\/04\/2-39.jpg",300,300,false],"medium_large":["https:\/\/www.euegeajans.com\/wp-content\/uploads\/2026\/04\/2-39.jpg",640,640,false],"large":["https:\/\/www.euegeajans.com\/wp-content\/uploads\/2026\/04\/2-39.jpg",640,640,false],"1536x1536":["https:\/\/www.euegeajans.com\/wp-content\/uploads\/2026\/04\/2-39.jpg",1080,1080,false],"2048x2048":["https:\/\/www.euegeajans.com\/wp-content\/uploads\/2026\/04\/2-39.jpg",1080,1080,false],"newsphere-slider-full":["https:\/\/www.euegeajans.com\/wp-content\/uploads\/2026\/04\/2-39.jpg",720,720,false],"newsphere-featured":["https:\/\/www.euegeajans.com\/wp-content\/uploads\/2026\/04\/2-39.jpg",1024,1024,false],"newsphere-medium":["https:\/\/www.euegeajans.com\/wp-content\/uploads\/2026\/04\/2-39.jpg",380,380,false]},"author_info":{"display_name":"Editor","author_link":"https:\/\/www.euegeajans.com\/index.php\/author\/editor\/"},"category_info":"<a href=\"https:\/\/www.euegeajans.com\/index.php\/category\/egitim\/\" rel=\"category tag\">E\u011fitim<\/a> <a href=\"https:\/\/www.euegeajans.com\/index.php\/category\/gncl\/\" rel=\"category tag\">G\u00fcncel<\/a> <a href=\"https:\/\/www.euegeajans.com\/index.php\/category\/kampus\/\" rel=\"category tag\">Kamp\u00fcs<\/a> <a href=\"https:\/\/www.euegeajans.com\/index.php\/category\/kultur-sanat\/\" rel=\"category tag\">K\u00fclt\u00fcr - Sanat<\/a>","tag_info":"K\u00fclt\u00fcr - Sanat","comment_count":"0","_links":{"self":[{"href":"https:\/\/www.euegeajans.com\/index.php\/wp-json\/wp\/v2\/posts\/33292","targetHints":{"allow":["GET"]}}],"collection":[{"href":"https:\/\/www.euegeajans.com\/index.php\/wp-json\/wp\/v2\/posts"}],"about":[{"href":"https:\/\/www.euegeajans.com\/index.php\/wp-json\/wp\/v2\/types\/post"}],"author":[{"embeddable":true,"href":"https:\/\/www.euegeajans.com\/index.php\/wp-json\/wp\/v2\/users\/2"}],"replies":[{"embeddable":true,"href":"https:\/\/www.euegeajans.com\/index.php\/wp-json\/wp\/v2\/comments?post=33292"}],"version-history":[{"count":2,"href":"https:\/\/www.euegeajans.com\/index.php\/wp-json\/wp\/v2\/posts\/33292\/revisions"}],"predecessor-version":[{"id":33297,"href":"https:\/\/www.euegeajans.com\/index.php\/wp-json\/wp\/v2\/posts\/33292\/revisions\/33297"}],"wp:featuredmedia":[{"embeddable":true,"href":"https:\/\/www.euegeajans.com\/index.php\/wp-json\/wp\/v2\/media\/33294"}],"wp:attachment":[{"href":"https:\/\/www.euegeajans.com\/index.php\/wp-json\/wp\/v2\/media?parent=33292"}],"wp:term":[{"taxonomy":"category","embeddable":true,"href":"https:\/\/www.euegeajans.com\/index.php\/wp-json\/wp\/v2\/categories?post=33292"},{"taxonomy":"post_tag","embeddable":true,"href":"https:\/\/www.euegeajans.com\/index.php\/wp-json\/wp\/v2\/tags?post=33292"}],"curies":[{"name":"wp","href":"https:\/\/api.w.org\/{rel}","templated":true}]}}