{"id":33286,"date":"2026-04-27T02:17:00","date_gmt":"2026-04-27T02:17:00","guid":{"rendered":"https:\/\/www.euegeajans.com\/?p=33286"},"modified":"2026-04-27T08:20:08","modified_gmt":"2026-04-27T08:20:08","slug":"sanat-ve-tasarimin-gelecegi-ege-universitesinde-tartisildi","status":"publish","type":"post","link":"https:\/\/www.euegeajans.com\/index.php\/2026\/04\/27\/sanat-ve-tasarimin-gelecegi-ege-universitesinde-tartisildi\/","title":{"rendered":"Sanat ve tasar\u0131m\u0131n gelece\u011fi Ege \u00dcniversitesinde tart\u0131\u015f\u0131ld\u0131"},"content":{"rendered":"<p style=\"text-align: justify;\"><strong>\u00a0F\u0131r\u00e7adan Koda\u2026<\/strong><\/p>\n<p style=\"text-align: justify;\">Ege \u00dcniversitesinde, D\u00fcnya Sanat G\u00fcn\u00fc kapsam\u0131nda d\u00fczenlenen \u201cI\u015f\u0131\u011f\u0131n Yeni Kodlar\u0131\u201d etkinli\u011finde, yapay zekan\u0131n sanat ve tasar\u0131m alan\u0131ndaki etkileri akademisyenler taraf\u0131ndan \u00e7ok y\u00f6nl\u00fc olarak ele al\u0131nd\u0131.<\/p>\n<p style=\"text-align: justify;\" align=\"right\">Haber: Gencay Sessiz<\/p>\n<p style=\"text-align: justify;\" align=\"right\">Foto\u011fraf: Seher Bozyel<\/p>\n<p style=\"text-align: justify;\">Ege \u00dcniversitesi Bilim \u0130leti\u015fimi Koordinat\u00f6rl\u00fc\u011f\u00fc ile G\u00fczel Sanatlar, Tasar\u0131m ve Mimarl\u0131k Fak\u00fcltesi (E\u00dc GSTMF) G\u00f6rsel \u0130leti\u015fim Tasar\u0131m\u0131 B\u00f6l\u00fcm\u00fc i\u015f birli\u011finde ger\u00e7ekle\u015ftirilen etkinlikte; yapay zekan\u0131n g\u00f6rsel ileti\u015fim, foto\u011fraf, sinema ve tasar\u0131m \u00fczerindeki d\u00f6n\u00fc\u015ft\u00fcr\u00fcc\u00fc etkisi; etik, \u00f6zg\u00fcnl\u00fck ve telif haklar\u0131 \u00e7er\u00e7evesinde tart\u0131\u015f\u0131ld\u0131.<\/p>\n<p style=\"text-align: justify;\">Etkinli\u011fin a\u00e7\u0131l\u0131\u015f\u0131nda konu\u015fan GSTMF Dekan Yard\u0131mc\u0131s\u0131 ve G\u00f6rsel \u0130leti\u015fim Tasar\u0131m\u0131 B\u00f6l\u00fcm Ba\u015fkan\u0131 Prof. Dr. Cem G\u00fczelo\u011flu, sanat\u0131n tarihsel geli\u015fimine dikkat \u00e7ekerek yapay zekay\u0131 \u201cyeni bir enstr\u00fcman\u201d olarak tan\u0131mlad\u0131. Prof. Dr. G\u00fczelo\u011flu, yapay zekan\u0131n bir tehdit olarak de\u011fil, yarat\u0131c\u0131 s\u00fcreci g\u00fc\u00e7lendiren bir ara\u00e7 olarak g\u00f6r\u00fclmesi gerekti\u011fini vurgulad\u0131.<\/p>\n<p style=\"text-align: justify;\"><b>\u201cYapay zekayla entegre olun\u201d<\/b><\/p>\n<p style=\"text-align: justify;\">\u00d6\u011fr. G\u00f6r. Dr. Yeliz Tuna, \u201cG\u00f6z\u00fcn Tan\u0131kl\u0131\u011f\u0131 Algoritmaya Kar\u015f\u0131: Foto\u011fraf\u0131n Ger\u00e7eklik S\u0131nav\u0131\u201d ba\u015fl\u0131kl\u0131 sunumunda, yapay zekan\u0131n foto\u011fraf \u00fczerindeki etkisini de\u011ferlendirdi. Tuna, ge\u00e7mi\u015fte foto\u011fraf makinesinin icad\u0131yla resim sanat\u0131n\u0131n sona erece\u011finin d\u00fc\u015f\u00fcn\u00fcld\u00fc\u011f\u00fcn\u00fc hat\u0131rlatarak, bug\u00fcn de benzer bir tart\u0131\u015fman\u0131n ya\u015fand\u0131\u011f\u0131n\u0131 ifade etti. Yapay zeka ile \u00fcretilen g\u00f6rsellerin \u201cfoto\u011fraf\u201d de\u011fil, \u201cpromptography\u201d olarak adland\u0131r\u0131lmas\u0131 gerekti\u011fini belirtti.<\/p>\n<p style=\"text-align: justify;\"><b>\u201c\u0130nsan hikayesi vazge\u00e7ilmez\u201d<\/b><\/p>\n<p style=\"text-align: justify;\">Dr. \u00d6\u011fr. \u00dcyesi Onur Ak\u015fit ise dijital film yap\u0131m\u0131 \u00fczerine yapt\u0131\u011f\u0131 konu\u015fmada, tamamen yapay zekayla \u00fcretilen i\u00e7eriklerin izleyicide \u201cruhsuzluk\u201d hissi olu\u015fturdu\u011funu s\u00f6yledi. Ak\u015fit, sanat ve sinemada izleyiciyi etkileyen temel unsurun insan hikayesi oldu\u011funu vurgulad\u0131.<\/p>\n<p style=\"text-align: justify;\"><b>Yapay zekan\u0131n entegre oldu\u011fu temel e\u011fitim vurgusu<\/b><\/p>\n<p style=\"text-align: justify;\">Do\u00e7. Dr. Eda Er ve Do\u00e7. Dr. Damla \u0130\u015fbilen, yapay zekan\u0131n e\u011fitimdeki rol\u00fcn\u00fc de\u011ferlendirerek, temel tasar\u0131m bilgisinin \u00f6nemine dikkat \u00e7ekti. Akademisyenler; renk, kompozisyon ve tipografi bilgisi olmayan bireylerin yapay zekay\u0131 etkin ve do\u011fru kullanamayaca\u011f\u0131n\u0131 ifade etti.<\/p>\n<p style=\"text-align: justify;\">\u00a0Y\u00fcksek lisans \u00f6\u011frencisi Cenk Kiri\u015f\u00e7i ile Prof. Dr. Cem G\u00fczelo\u011flu\u2019nun ortak sunumunda ise \u201ckullan\u0131c\u0131\u201d ve \u201csanat\u00e7\u0131\u201d kavramlar\u0131 aras\u0131ndaki s\u0131n\u0131rlar\u0131n giderek belirsizle\u015fti\u011fi ve telif haklar\u0131 sorunlar\u0131n\u0131n artt\u0131\u011f\u0131 vurguland\u0131. Etkinli\u011fin sonunda \u00d6\u011fr. G\u00f6r. Dr. M. Eren Sulamac\u0131, yapay zekaya etik ve estetik de\u011ferler kazand\u0131rmay\u0131 hedefleyen \u201cajan sistemleri\u201d ve \u201cruh dok\u00fcman\u0131\u201d kavramlar\u0131n\u0131 anlatt\u0131. Program, Dr. \u00d6\u011fr. \u00dcyesi El\u00e7in As\u2019\u0131n ger\u00e7ekle\u015ftirdi\u011fi sanal ger\u00e7eklik at\u00f6lyesi ile sona erdi.<\/p>\n<div id='gallery-1' class='gallery galleryid-33286 gallery-columns-3 gallery-size-medium'><figure class='gallery-item'>\n\t\t\t<div class='gallery-icon landscape'>\n\t\t\t\t<a href='https:\/\/www.euegeajans.com\/wp-content\/uploads\/2026\/04\/3-34.jpg'><img loading=\"lazy\" decoding=\"async\" width=\"300\" height=\"169\" src=\"https:\/\/www.euegeajans.com\/wp-content\/uploads\/2026\/04\/3-34.jpg\" class=\"attachment-medium size-medium\" alt=\"\" \/><\/a>\n\t\t\t<\/div><\/figure><figure class='gallery-item'>\n\t\t\t<div class='gallery-icon landscape'>\n\t\t\t\t<a href='https:\/\/www.euegeajans.com\/wp-content\/uploads\/2026\/04\/4-31.jpg'><img loading=\"lazy\" decoding=\"async\" width=\"300\" height=\"169\" src=\"https:\/\/www.euegeajans.com\/wp-content\/uploads\/2026\/04\/4-31.jpg\" class=\"attachment-medium size-medium\" alt=\"\" \/><\/a>\n\t\t\t<\/div><\/figure><figure class='gallery-item'>\n\t\t\t<div class='gallery-icon landscape'>\n\t\t\t\t<a href='https:\/\/www.euegeajans.com\/wp-content\/uploads\/2026\/04\/5-24.jpg'><img loading=\"lazy\" decoding=\"async\" width=\"300\" height=\"169\" src=\"https:\/\/www.euegeajans.com\/wp-content\/uploads\/2026\/04\/5-24.jpg\" class=\"attachment-medium size-medium\" alt=\"\" \/><\/a>\n\t\t\t<\/div><\/figure>\n\t\t<\/div>\n\n","protected":false},"excerpt":{"rendered":"<p>\u00a0F\u0131r\u00e7adan Koda\u2026 Ege \u00dcniversitesinde, D\u00fcnya Sanat G\u00fcn\u00fc kapsam\u0131nda d\u00fczenlenen \u201cI\u015f\u0131\u011f\u0131n Yeni Kodlar\u0131\u201d etkinli\u011finde, yapay zekan\u0131n&#8230;<\/p>\n","protected":false},"author":2,"featured_media":33287,"comment_status":"open","ping_status":"open","sticky":false,"template":"","format":"standard","meta":{"footnotes":""},"categories":[99,1,70,540],"tags":[],"class_list":["post-33286","post","type-post","status-publish","format-standard","has-post-thumbnail","hentry","category-egitim","category-gncl","category-kampus","category-kultur-sanat"],"featured_image_urls":{"full":["https:\/\/www.euegeajans.com\/wp-content\/uploads\/2026\/04\/2-38.jpg",1920,1080,false],"thumbnail":["https:\/\/www.euegeajans.com\/wp-content\/uploads\/2026\/04\/2-38.jpg",150,84,false],"medium":["https:\/\/www.euegeajans.com\/wp-content\/uploads\/2026\/04\/2-38.jpg",300,169,false],"medium_large":["https:\/\/www.euegeajans.com\/wp-content\/uploads\/2026\/04\/2-38.jpg",640,360,false],"large":["https:\/\/www.euegeajans.com\/wp-content\/uploads\/2026\/04\/2-38.jpg",640,360,false],"1536x1536":["https:\/\/www.euegeajans.com\/wp-content\/uploads\/2026\/04\/2-38.jpg",1536,864,false],"2048x2048":["https:\/\/www.euegeajans.com\/wp-content\/uploads\/2026\/04\/2-38.jpg",1920,1080,false],"newsphere-slider-full":["https:\/\/www.euegeajans.com\/wp-content\/uploads\/2026\/04\/2-38.jpg",1280,720,false],"newsphere-featured":["https:\/\/www.euegeajans.com\/wp-content\/uploads\/2026\/04\/2-38.jpg",1024,576,false],"newsphere-medium":["https:\/\/www.euegeajans.com\/wp-content\/uploads\/2026\/04\/2-38.jpg",676,380,false]},"author_info":{"display_name":"Editor","author_link":"https:\/\/www.euegeajans.com\/index.php\/author\/editor\/"},"category_info":"<a href=\"https:\/\/www.euegeajans.com\/index.php\/category\/egitim\/\" rel=\"category tag\">E\u011fitim<\/a> <a href=\"https:\/\/www.euegeajans.com\/index.php\/category\/gncl\/\" rel=\"category tag\">G\u00fcncel<\/a> <a href=\"https:\/\/www.euegeajans.com\/index.php\/category\/kampus\/\" rel=\"category tag\">Kamp\u00fcs<\/a> <a href=\"https:\/\/www.euegeajans.com\/index.php\/category\/kultur-sanat\/\" rel=\"category tag\">K\u00fclt\u00fcr - Sanat<\/a>","tag_info":"K\u00fclt\u00fcr - Sanat","comment_count":"0","_links":{"self":[{"href":"https:\/\/www.euegeajans.com\/index.php\/wp-json\/wp\/v2\/posts\/33286","targetHints":{"allow":["GET"]}}],"collection":[{"href":"https:\/\/www.euegeajans.com\/index.php\/wp-json\/wp\/v2\/posts"}],"about":[{"href":"https:\/\/www.euegeajans.com\/index.php\/wp-json\/wp\/v2\/types\/post"}],"author":[{"embeddable":true,"href":"https:\/\/www.euegeajans.com\/index.php\/wp-json\/wp\/v2\/users\/2"}],"replies":[{"embeddable":true,"href":"https:\/\/www.euegeajans.com\/index.php\/wp-json\/wp\/v2\/comments?post=33286"}],"version-history":[{"count":1,"href":"https:\/\/www.euegeajans.com\/index.php\/wp-json\/wp\/v2\/posts\/33286\/revisions"}],"predecessor-version":[{"id":33291,"href":"https:\/\/www.euegeajans.com\/index.php\/wp-json\/wp\/v2\/posts\/33286\/revisions\/33291"}],"wp:featuredmedia":[{"embeddable":true,"href":"https:\/\/www.euegeajans.com\/index.php\/wp-json\/wp\/v2\/media\/33287"}],"wp:attachment":[{"href":"https:\/\/www.euegeajans.com\/index.php\/wp-json\/wp\/v2\/media?parent=33286"}],"wp:term":[{"taxonomy":"category","embeddable":true,"href":"https:\/\/www.euegeajans.com\/index.php\/wp-json\/wp\/v2\/categories?post=33286"},{"taxonomy":"post_tag","embeddable":true,"href":"https:\/\/www.euegeajans.com\/index.php\/wp-json\/wp\/v2\/tags?post=33286"}],"curies":[{"name":"wp","href":"https:\/\/api.w.org\/{rel}","templated":true}]}}