{"id":33280,"date":"2026-04-27T03:07:00","date_gmt":"2026-04-27T03:07:00","guid":{"rendered":"https:\/\/www.euegeajans.com\/?p=33280"},"modified":"2026-04-27T08:10:57","modified_gmt":"2026-04-27T08:10:57","slug":"egede-selahattin-pinar-ve-afife-jale-eserleri-yankilandi","status":"publish","type":"post","link":"https:\/\/www.euegeajans.com\/index.php\/2026\/04\/27\/egede-selahattin-pinar-ve-afife-jale-eserleri-yankilandi\/","title":{"rendered":"Ege\u2019de Selahattin P\u0131nar ve Afife Jale eserleri yank\u0131land\u0131"},"content":{"rendered":"<p style=\"text-align: justify;\" align=\"right\">Ecem G\u00fc\u00e7l\u00fc- Yasin D\u00f6nmez<\/p>\n<p style=\"text-align: justify;\">Ege \u00dcniversitesi Devlet T\u00fcrk Musikisi Konservatuvar\u0131, T\u00fcrk m\u00fczi\u011finin unutulmaz isimlerini ve bu topraklar\u0131n derin sanatsal ba\u011flar\u0131n\u0131 konu alan \u00f6zel bir konsere ev sahipli\u011fi yapt\u0131. &#8220;Selahattin P\u0131nar\u2019dan Afife\u2019ye&#8221; ba\u015fl\u0131\u011f\u0131yla d\u00fczenlenen etkinlikte gen\u00e7 yetenek Osman Eren Y\u0131lmaz, Neoklasik T\u00fcrk Musikisi\u2019nin se\u00e7kin eserlerini sanatseverlerle bulu\u015fturdu.<\/p>\n<p style=\"text-align: justify;\">Koordinat\u00f6rl\u00fc\u011f\u00fcn\u00fc \u00d6\u011fr. G\u00f6r. Tolga Meri\u00e7\u2019in \u00fcstlendi\u011fi programda, Selahattin P\u0131nar\u2019\u0131n \u00f6l\u00fcms\u00fcz eserleri seslendirildi. Konservatuvar Etkinlik Salonu\u2019nda ger\u00e7ekle\u015ftirilen programa; Ege \u00dcniversitesi Devlet T\u00fcrk Musikisi Konservatuvar\u0131 M\u00fcd\u00fcr\u00fc Prof. Dr. Ali Maruf Alaskan\u2019\u0131n yan\u0131 s\u0131ra \u00e7ok say\u0131da akademisyen, \u00f6\u011frenci ve sanatsever kat\u0131ld\u0131.<\/p>\n<p style=\"text-align: justify;\">Etkinlikte konu\u015fan Prof. Dr. Ali Maruf Alaskan, \u201cSelahattin P\u0131nar, musikimizin en \u00f6nemli kilometre ta\u015flar\u0131ndan biridir. Onun eserlerini icra etmek tabiri caizse \u2018demir leblebi\u2019dir, b\u00fcy\u00fck bir yetenek ve disiplin gerektirir. Bug\u00fcn burada gen\u00e7 arkada\u015f\u0131m\u0131z\u0131n bu zorlu\u011fun \u00fcstesinden ba\u015far\u0131yla geldi\u011fini g\u00f6rd\u00fck. Bu salon bizim laboratuvar\u0131m\u0131zd\u0131r; \u00f6\u011frencilerimiz burada sahne stajlar\u0131n\u0131 yaparak, teorik bilgilerini prati\u011fe d\u00f6k\u00fcyor ve profesyonelli\u011fe ilk ad\u0131mlar\u0131n\u0131 at\u0131yorlar. Bug\u00fcn burada hem akademik bir ba\u015far\u0131n\u0131n hem de toplumsal bir katk\u0131n\u0131n en g\u00fczel \u00f6rne\u011fini ya\u015fad\u0131k\u201d dedi.<\/p>\n<p style=\"text-align: justify;\"><b>&#8220;Nota Bilmezken &#8216;Demir Leblebi&#8217; Eserlere&#8230;&#8221;<\/b><\/p>\n<p style=\"text-align: justify;\">Konservatuvar e\u011fitiminin kendisine katt\u0131\u011f\u0131 d\u00f6n\u00fc\u015f\u00fcm\u00fc ve hissetti\u011fi duygular\u0131n\u0131 payla\u015fan solist Osman Eren Y\u0131lmaz, \u201cBuraya gelmeden \u00f6nce nota okumay\u0131 dahi bilmiyordum. Hocalar\u0131m\u0131z\u0131n k\u0131ymetli eme\u011fi ve yo\u011fun bir \u00e7al\u0131\u015fma s\u00fcreciyle bug\u00fcn bu &#8216;demir leblebi&#8217; eserleri seslendirecek seviyeye geldim. Bu sahne benim i\u00e7in ilk deneyim olmas\u0131n\u0131n yan\u0131 s\u0131ra b\u00fcy\u00fck bir onur kayna\u011f\u0131. \u00dczerimde eme\u011fi olan t\u00fcm hocalar\u0131ma te\u015fekk\u00fcrlerimi sunuyorum\u201d diye konu\u015ftu.<\/p>\n<p style=\"text-align: justify;\">Dinleti s\u0131ras\u0131nda payla\u015f\u0131lan anekdotlar, icra edilen eserlerin tarihsel arka plan\u0131n\u0131 g\u00fcn y\u00fcz\u00fcne \u00e7\u0131kard\u0131. \u00d6zellikle &#8220;Anlad\u0131m Sevmeyeceksin Beni&#8221; eserinin Dolmabah\u00e7e Saray\u0131\u2019nda Atat\u00fcrk\u2019\u00fcn huzurunda ilk kez okunmas\u0131 ve \u00c7ankaya K\u00f6\u015fk\u00fc\u2019nde &#8220;Gel Gitme Kad\u0131n&#8221; \u015fark\u0131s\u0131 seslendirilirken Atat\u00fcrk\u2019\u00fcn g\u00f6zya\u015flar\u0131n\u0131 tutamamas\u0131 gibi tarihi detaylar kat\u0131l\u0131mc\u0131lara aktar\u0131ld\u0131.<\/p>\n<p style=\"text-align: justify;\">Selahattin P\u0131nar\u2019\u0131n ya\u015fam\u0131ndaki son eserlerden biri olan &#8220;Hat\u0131ralar&#8221; adl\u0131 \u015fark\u0131 ise Afife Jale\u2019nin an\u0131s\u0131na seslendirildi. Solist Osman Eren Y\u0131lmaz\u2019a viyolonselde Semih G\u00fcm\u00fc\u015fel, klasik kemen\u00e7ede Talha Ku\u015f\u00e7uo\u011flu, udda Yusuf Efe Paz ve kanunda Muzaffer Aras e\u015flik etti.<\/p>\n<p style=\"text-align: justify;\">T\u00fcrk musikisinin tarihsel miras\u0131 ile akademik e\u011fitim s\u00fcrecini bir araya getiren etkinlik, Prof. Dr. Ali Maruf Alaskan&#8217;\u0131n performans sergileyen sanat\u00e7\u0131lara \u201cTe\u015fekk\u00fcr Belgesi\u201d takdim etmesiyle sona erdi.<\/p>\n<div id='gallery-1' class='gallery galleryid-33280 gallery-columns-3 gallery-size-medium'><figure class='gallery-item'>\n\t\t\t<div class='gallery-icon landscape'>\n\t\t\t\t<a href='https:\/\/www.euegeajans.com\/wp-content\/uploads\/2026\/04\/5-23.jpg'><img loading=\"lazy\" decoding=\"async\" width=\"300\" height=\"169\" src=\"https:\/\/www.euegeajans.com\/wp-content\/uploads\/2026\/04\/5-23.jpg\" class=\"attachment-medium size-medium\" alt=\"\" \/><\/a>\n\t\t\t<\/div><\/figure><figure class='gallery-item'>\n\t\t\t<div class='gallery-icon landscape'>\n\t\t\t\t<a href='https:\/\/www.euegeajans.com\/wp-content\/uploads\/2026\/04\/4-30.jpg'><img loading=\"lazy\" decoding=\"async\" width=\"300\" height=\"169\" src=\"https:\/\/www.euegeajans.com\/wp-content\/uploads\/2026\/04\/4-30.jpg\" class=\"attachment-medium size-medium\" alt=\"\" \/><\/a>\n\t\t\t<\/div><\/figure><figure class='gallery-item'>\n\t\t\t<div class='gallery-icon landscape'>\n\t\t\t\t<a href='https:\/\/www.euegeajans.com\/wp-content\/uploads\/2026\/04\/3-33.jpg'><img loading=\"lazy\" decoding=\"async\" width=\"300\" height=\"169\" src=\"https:\/\/www.euegeajans.com\/wp-content\/uploads\/2026\/04\/3-33.jpg\" class=\"attachment-medium size-medium\" alt=\"\" \/><\/a>\n\t\t\t<\/div><\/figure>\n\t\t<\/div>\n\n","protected":false},"excerpt":{"rendered":"<p>Ecem G\u00fc\u00e7l\u00fc- Yasin D\u00f6nmez Ege \u00dcniversitesi Devlet T\u00fcrk Musikisi Konservatuvar\u0131, T\u00fcrk m\u00fczi\u011finin unutulmaz isimlerini ve&#8230;<\/p>\n","protected":false},"author":2,"featured_media":33281,"comment_status":"open","ping_status":"open","sticky":false,"template":"","format":"standard","meta":{"footnotes":""},"categories":[99,1,70,540],"tags":[],"class_list":["post-33280","post","type-post","status-publish","format-standard","has-post-thumbnail","hentry","category-egitim","category-gncl","category-kampus","category-kultur-sanat"],"featured_image_urls":{"full":["https:\/\/www.euegeajans.com\/wp-content\/uploads\/2026\/04\/2-37.jpg",1920,1080,false],"thumbnail":["https:\/\/www.euegeajans.com\/wp-content\/uploads\/2026\/04\/2-37.jpg",150,84,false],"medium":["https:\/\/www.euegeajans.com\/wp-content\/uploads\/2026\/04\/2-37.jpg",300,169,false],"medium_large":["https:\/\/www.euegeajans.com\/wp-content\/uploads\/2026\/04\/2-37.jpg",640,360,false],"large":["https:\/\/www.euegeajans.com\/wp-content\/uploads\/2026\/04\/2-37.jpg",640,360,false],"1536x1536":["https:\/\/www.euegeajans.com\/wp-content\/uploads\/2026\/04\/2-37.jpg",1536,864,false],"2048x2048":["https:\/\/www.euegeajans.com\/wp-content\/uploads\/2026\/04\/2-37.jpg",1920,1080,false],"newsphere-slider-full":["https:\/\/www.euegeajans.com\/wp-content\/uploads\/2026\/04\/2-37.jpg",1280,720,false],"newsphere-featured":["https:\/\/www.euegeajans.com\/wp-content\/uploads\/2026\/04\/2-37.jpg",1024,576,false],"newsphere-medium":["https:\/\/www.euegeajans.com\/wp-content\/uploads\/2026\/04\/2-37.jpg",676,380,false]},"author_info":{"display_name":"Editor","author_link":"https:\/\/www.euegeajans.com\/index.php\/author\/editor\/"},"category_info":"<a href=\"https:\/\/www.euegeajans.com\/index.php\/category\/egitim\/\" rel=\"category tag\">E\u011fitim<\/a> <a href=\"https:\/\/www.euegeajans.com\/index.php\/category\/gncl\/\" rel=\"category tag\">G\u00fcncel<\/a> <a href=\"https:\/\/www.euegeajans.com\/index.php\/category\/kampus\/\" rel=\"category tag\">Kamp\u00fcs<\/a> <a href=\"https:\/\/www.euegeajans.com\/index.php\/category\/kultur-sanat\/\" rel=\"category tag\">K\u00fclt\u00fcr - Sanat<\/a>","tag_info":"K\u00fclt\u00fcr - Sanat","comment_count":"0","_links":{"self":[{"href":"https:\/\/www.euegeajans.com\/index.php\/wp-json\/wp\/v2\/posts\/33280","targetHints":{"allow":["GET"]}}],"collection":[{"href":"https:\/\/www.euegeajans.com\/index.php\/wp-json\/wp\/v2\/posts"}],"about":[{"href":"https:\/\/www.euegeajans.com\/index.php\/wp-json\/wp\/v2\/types\/post"}],"author":[{"embeddable":true,"href":"https:\/\/www.euegeajans.com\/index.php\/wp-json\/wp\/v2\/users\/2"}],"replies":[{"embeddable":true,"href":"https:\/\/www.euegeajans.com\/index.php\/wp-json\/wp\/v2\/comments?post=33280"}],"version-history":[{"count":1,"href":"https:\/\/www.euegeajans.com\/index.php\/wp-json\/wp\/v2\/posts\/33280\/revisions"}],"predecessor-version":[{"id":33285,"href":"https:\/\/www.euegeajans.com\/index.php\/wp-json\/wp\/v2\/posts\/33280\/revisions\/33285"}],"wp:featuredmedia":[{"embeddable":true,"href":"https:\/\/www.euegeajans.com\/index.php\/wp-json\/wp\/v2\/media\/33281"}],"wp:attachment":[{"href":"https:\/\/www.euegeajans.com\/index.php\/wp-json\/wp\/v2\/media?parent=33280"}],"wp:term":[{"taxonomy":"category","embeddable":true,"href":"https:\/\/www.euegeajans.com\/index.php\/wp-json\/wp\/v2\/categories?post=33280"},{"taxonomy":"post_tag","embeddable":true,"href":"https:\/\/www.euegeajans.com\/index.php\/wp-json\/wp\/v2\/tags?post=33280"}],"curies":[{"name":"wp","href":"https:\/\/api.w.org\/{rel}","templated":true}]}}