{"id":32654,"date":"2026-03-18T03:38:00","date_gmt":"2026-03-18T03:38:00","guid":{"rendered":"https:\/\/www.euegeajans.com\/?p=32654"},"modified":"2026-03-18T07:40:35","modified_gmt":"2026-03-18T07:40:35","slug":"ege-universitesinde-muze-soylesileri-devam-ediyor","status":"publish","type":"post","link":"https:\/\/www.euegeajans.com\/index.php\/2026\/03\/18\/ege-universitesinde-muze-soylesileri-devam-ediyor\/","title":{"rendered":"Ege \u00dcniversitesinde \u2018M\u00fcze S\u00f6yle\u015fileri\u2019 devam ediyor"},"content":{"rendered":"<p style=\"text-align: justify;\" align=\"right\"><span lang=\"tr\">\u200b\u200b\u200b\u200b\u200b\u200b<b>\u00a0<\/b>S\u0131la \u00c7elik- Nisa Ketenci- Zeren \u0130kisivri<\/span><\/p>\n<p style=\"text-align: justify;\"><span lang=\"tr\">Ege \u00dcniversitesi (E\u00dc) Etnografya M\u00fczesi, \u00fcniversitenin k\u00fclt\u00fcrel mirasa verdi\u011fi \u00f6nemi yans\u0131tan bir etkinli\u011fe daha ev sahipli\u011fi yapt\u0131. M\u00fcze b\u00fcnyesinde d\u00fczenlenen etkinlikler kapsam\u0131nda, \u201cT\u00fcrkiye\u2019den Almanya\u2019ya 50 Y\u0131ll\u0131k Koleksiyon Sevdas\u0131\u201d ba\u015fl\u0131kl\u0131 s\u00f6yle\u015fi ger\u00e7ekle\u015ftirildi. Moderat\u00f6rl\u00fc\u011f\u00fcn\u00fc E\u00dc Edebiyat Fak\u00fcltesi Arkeoloji B\u00f6l\u00fcm\u00fc \u00d6\u011fretim \u00dcyesi Prof. Dr. Haluk Sa\u011flamtimur\u2019un \u00fcstlendi\u011fi programa; Etnografya M\u00fczesi M\u00fcd\u00fcr\u00fc Do\u00e7. Dr. Dilek Maktal Canko, akademisyenler ve \u00e7ok say\u0131da \u00f6\u011frenci kat\u0131ld\u0131. Etkinli\u011fin konu\u011fu olan Ege \u00dcniversitesi G\u00fczel Sanatlar B\u00f6l\u00fcm\u00fc emekli \u00f6\u011fretim g\u00f6revlisi, K\u00e2\u011f\u0131t ve Kitap Sanatlar\u0131 M\u00fczesi ile 50. Y\u0131l K\u00f6\u015fk\u00fc Sanat Galerisi\u2019nin kurucusu Nedim S\u00f6nmez, yar\u0131m as\u0131rl\u0131k koleksiyonculuk ser\u00fcvenini ve biriktirdi\u011fi k\u00fclt\u00fcrel deneyimleri kat\u0131l\u0131mc\u0131lara aktard\u0131.<b><\/b><\/span><\/p>\n<p style=\"text-align: justify;\"><span lang=\"tr\">S\u00f6yle\u015finin a\u00e7\u0131l\u0131\u015f konu\u015fmas\u0131n\u0131 ger\u00e7ekle\u015ftiren E\u00dc Etnografya M\u00fczesi M\u00fcd\u00fcr\u00fc Do\u00e7. Dr. Dilek Maktal Canko, Nedim S\u00f6nmez\u2019in \u00fcniversiteye olan katk\u0131lar\u0131n\u0131n fiziksel mekanlar\u0131n \u00e7ok \u00f6tesine ge\u00e7ti\u011fini belirtti. S\u00f6nmez\u2019in bir ekol yaratt\u0131\u011f\u0131n\u0131 ifade eden Do\u00e7. Dr. Maktal Canko, &#8220;Nedim S\u00f6nmez\u2019in \u00fcniversitemize katk\u0131lar\u0131 sadece kurdu\u011fu m\u00fczelerle s\u0131n\u0131rl\u0131 kalmad\u0131; o, usta-\u00e7\u0131rak ili\u015fkisiyle yeni uzmanlar da yeti\u015ftirdi. 2006 y\u0131l\u0131nda \u00fcniversitemize kazand\u0131rd\u0131\u011f\u0131 50. Y\u0131l K\u00f6\u015fk\u00fc Sanat Galerisi, o d\u00f6nem benim de \u00f6\u011frencisi oldu\u011fum Sanat Tarihi b\u00f6l\u00fcm\u00fc i\u00e7in harika bir sanat merkeziydi. M\u00fczecilik ve galericili\u011fe dair en temel ve en sa\u011flam bilgileri ondan \u00f6\u011frendim. S\u00f6nmez&#8217;in dost biriktirmenin yan\u0131 s\u0131ra \u00f6\u011frenci yeti\u015ftirmek gibi \u00e7ok \u00f6nemli bir misyonu da vard\u0131; nitekim bug\u00fcn benim \u00f6\u011frencilerim de burada \u00e7al\u0131\u015f\u0131yor&#8221; dedi.<\/span><\/p>\n<p style=\"text-align: justify;\"><b>\u201cLise y\u0131llar\u0131ndan ba\u015flayan bilin\u00e7li bir birikim\u201d<\/b><\/p>\n<p style=\"text-align: justify;\"><span lang=\"tr\">Koleksiyonculu\u011fa ba\u015flama hikayesini anlatan Nedim S\u00f6nmez, bu tutkunun hen\u00fcz lise y\u0131llar\u0131nda filizlendi\u011fini belirtti. S\u00f6nmez, &#8220;Lise birinci s\u0131n\u0131ftayken Anadolu\u2019daki el i\u015fi \u00fcr\u00fcnlerini ara\u015ft\u0131rmaya ba\u015flad\u0131m. K\u00f6ylerde ya\u015fayan insanlarla g\u00f6r\u00fc\u015fmeler ger\u00e7ekle\u015ftirdim. El i\u015flerinin isimlerine, yap\u0131l\u0131\u015f \u015fekillerine, ka\u00e7 y\u0131llar\u0131nda yap\u0131lm\u0131\u015f oldu\u011funa, kullan\u0131lan boyalar\u0131n neler oldu\u011funa ve hangi ama\u00e7la kullan\u0131ld\u0131\u011f\u0131na dair sorular haz\u0131rlam\u0131\u015ft\u0131m. Bunlar\u0131 hen\u00fcz bir lise \u00f6\u011frencisiyken yapt\u0131m. Ba\u015flang\u0131\u00e7ta aile yadig\u00e2r\u0131 olan e\u015fyalar\u0131m daha sonra sistemli bir koleksiyona d\u00f6n\u00fc\u015ft\u00fc. Nenemden kalan 90\u2013100 par\u00e7a eser, daha sonra 260 par\u00e7aya ula\u015ft\u0131. Benimki ger\u00e7ekten bilin\u00e7li bir toplamayd\u0131 ve o zaman ger\u00e7ek bir koleksiyona d\u00f6n\u00fc\u015ft\u00fc&#8221; diye konu\u015ftu.<\/span><\/p>\n<p style=\"text-align: justify;\"><b>\u201c\u0130stanbul d\u00fcnyan\u0131n renkli k\u00e2\u011f\u0131t merkeziydi\u201d<\/b><\/p>\n<p style=\"text-align: justify;\"><span lang=\"tr\">Ebru sanat\u0131 ve renkli k\u00e2\u011f\u0131t tarihi \u00fczerine ger\u00e7ekle\u015ftirdi\u011fi ara\u015ft\u0131rmalara da de\u011finen S\u00f6nmez, 16. y\u00fczy\u0131l\u0131n son \u00e7eyre\u011finde \u0130stanbul\u2019un bu alanda bir d\u00fcnya merkezi oldu\u011funu s\u00f6yledi. S\u00f6nmez, \u201c1550-1650 y\u0131llar\u0131 aras\u0131ndaki d\u00f6nemde yakla\u015f\u0131k 2 bin 500\u2019den fazla alb\u00fcm oldu\u011funu ortaya \u00e7\u0131karm\u0131\u015ft\u0131m. \u0130stanbul&#8217;da 1567\u2019den 1600 y\u0131l\u0131na kadar olan s\u00fcrede, yakla\u015f\u0131k 4 bin renkli k\u00e2\u011f\u0131d\u0131n \u0130stanbul\u2019dan Avrupa\u2019ya gitti\u011fini tespit ettim. Bu, kimsenin bilmedi\u011fi bir bilgi. 30 Y\u0131l Sava\u015flar\u0131 sonras\u0131 Avrupa\u2019da ucuz malzeme aray\u0131\u015f\u0131yla mukavva ve renkli k\u00e2\u011f\u0131t kullan\u0131m\u0131 b\u00fcy\u00fck bir geli\u015fme g\u00f6sterdi. Ebru, kola k\u00e2\u011f\u0131d\u0131 ve \u015fablonlu p\u00fcsk\u00fcrtme k\u00e2\u011f\u0131tlar\u0131 gibi tekniklerle inan\u0131lmaz bir zenginlik olu\u015ftu\u201d dedi.<\/span><\/p>\n<p style=\"text-align: justify;\"><b>\u201cEn b\u00fcy\u00fck koleksiyon dostluklard\u0131r<\/b><b><span lang=\"tr\">\u201d<\/span><\/b><b><\/b><\/p>\n<p style=\"text-align: justify;\"><span lang=\"tr\">\u00d6\u011fr. G\u00f6r.<\/span><span lang=\"tr\">\u00a0<\/span>Nedim S\u00f6nmez, s\u00f6yle\u015finin sonunda hayat\u0131n en de\u011ferli birikiminin insan ili\u015fkileri oldu\u011funu hat\u0131rlatt\u0131. Kat\u0131l\u0131mc\u0131lar\u0131n sorular\u0131n\u0131 yan\u0131tlayan S\u00f6nmez, \u201cHayatta en \u00f6nemli olan \u015feyin ne oldu\u011funu \u00f6\u011frendim. En b\u00fcy\u00fck koleksiyon tan\u0131d\u0131\u011f\u0131n\u0131z, tan\u0131\u015ft\u0131\u011f\u0131n\u0131z insanlar ve dostluklard\u0131r. O, benim i\u00e7in her \u015feyden daha de\u011ferlidir\u201d diye konu\u015ftu.<\/p>\n<div id='gallery-1' class='gallery galleryid-32654 gallery-columns-2 gallery-size-medium'><figure class='gallery-item'>\n\t\t\t<div class='gallery-icon landscape'>\n\t\t\t\t<a href='https:\/\/www.euegeajans.com\/wp-content\/uploads\/2026\/03\/3-30.jpg'><img loading=\"lazy\" decoding=\"async\" width=\"300\" height=\"300\" src=\"https:\/\/www.euegeajans.com\/wp-content\/uploads\/2026\/03\/3-30.jpg\" class=\"attachment-medium size-medium\" alt=\"\" \/><\/a>\n\t\t\t<\/div><\/figure><figure class='gallery-item'>\n\t\t\t<div class='gallery-icon landscape'>\n\t\t\t\t<a href='https:\/\/www.euegeajans.com\/wp-content\/uploads\/2026\/03\/4-28.jpg'><img loading=\"lazy\" decoding=\"async\" width=\"300\" height=\"300\" src=\"https:\/\/www.euegeajans.com\/wp-content\/uploads\/2026\/03\/4-28.jpg\" class=\"attachment-medium size-medium\" alt=\"\" \/><\/a>\n\t\t\t<\/div><\/figure>\n\t\t<\/div>\n\n","protected":false},"excerpt":{"rendered":"<p>\u200b\u200b\u200b\u200b\u200b\u200b\u00a0S\u0131la \u00c7elik- Nisa Ketenci- Zeren \u0130kisivri Ege \u00dcniversitesi (E\u00dc) Etnografya M\u00fczesi, \u00fcniversitenin k\u00fclt\u00fcrel mirasa verdi\u011fi&#8230;<\/p>\n","protected":false},"author":2,"featured_media":32655,"comment_status":"open","ping_status":"open","sticky":false,"template":"","format":"standard","meta":{"footnotes":""},"categories":[99,1,70,540],"tags":[],"class_list":["post-32654","post","type-post","status-publish","format-standard","has-post-thumbnail","hentry","category-egitim","category-gncl","category-kampus","category-kultur-sanat"],"featured_image_urls":{"full":["https:\/\/www.euegeajans.com\/wp-content\/uploads\/2026\/03\/2-30.jpg",1080,1080,false],"thumbnail":["https:\/\/www.euegeajans.com\/wp-content\/uploads\/2026\/03\/2-30.jpg",150,150,false],"medium":["https:\/\/www.euegeajans.com\/wp-content\/uploads\/2026\/03\/2-30.jpg",300,300,false],"medium_large":["https:\/\/www.euegeajans.com\/wp-content\/uploads\/2026\/03\/2-30.jpg",640,640,false],"large":["https:\/\/www.euegeajans.com\/wp-content\/uploads\/2026\/03\/2-30.jpg",640,640,false],"1536x1536":["https:\/\/www.euegeajans.com\/wp-content\/uploads\/2026\/03\/2-30.jpg",1080,1080,false],"2048x2048":["https:\/\/www.euegeajans.com\/wp-content\/uploads\/2026\/03\/2-30.jpg",1080,1080,false],"newsphere-slider-full":["https:\/\/www.euegeajans.com\/wp-content\/uploads\/2026\/03\/2-30.jpg",720,720,false],"newsphere-featured":["https:\/\/www.euegeajans.com\/wp-content\/uploads\/2026\/03\/2-30.jpg",1024,1024,false],"newsphere-medium":["https:\/\/www.euegeajans.com\/wp-content\/uploads\/2026\/03\/2-30.jpg",380,380,false]},"author_info":{"display_name":"Editor","author_link":"https:\/\/www.euegeajans.com\/index.php\/author\/editor\/"},"category_info":"<a href=\"https:\/\/www.euegeajans.com\/index.php\/category\/egitim\/\" rel=\"category tag\">E\u011fitim<\/a> <a href=\"https:\/\/www.euegeajans.com\/index.php\/category\/gncl\/\" rel=\"category tag\">G\u00fcncel<\/a> <a href=\"https:\/\/www.euegeajans.com\/index.php\/category\/kampus\/\" rel=\"category tag\">Kamp\u00fcs<\/a> <a href=\"https:\/\/www.euegeajans.com\/index.php\/category\/kultur-sanat\/\" rel=\"category tag\">K\u00fclt\u00fcr - Sanat<\/a>","tag_info":"K\u00fclt\u00fcr - Sanat","comment_count":"0","_links":{"self":[{"href":"https:\/\/www.euegeajans.com\/index.php\/wp-json\/wp\/v2\/posts\/32654","targetHints":{"allow":["GET"]}}],"collection":[{"href":"https:\/\/www.euegeajans.com\/index.php\/wp-json\/wp\/v2\/posts"}],"about":[{"href":"https:\/\/www.euegeajans.com\/index.php\/wp-json\/wp\/v2\/types\/post"}],"author":[{"embeddable":true,"href":"https:\/\/www.euegeajans.com\/index.php\/wp-json\/wp\/v2\/users\/2"}],"replies":[{"embeddable":true,"href":"https:\/\/www.euegeajans.com\/index.php\/wp-json\/wp\/v2\/comments?post=32654"}],"version-history":[{"count":1,"href":"https:\/\/www.euegeajans.com\/index.php\/wp-json\/wp\/v2\/posts\/32654\/revisions"}],"predecessor-version":[{"id":32658,"href":"https:\/\/www.euegeajans.com\/index.php\/wp-json\/wp\/v2\/posts\/32654\/revisions\/32658"}],"wp:featuredmedia":[{"embeddable":true,"href":"https:\/\/www.euegeajans.com\/index.php\/wp-json\/wp\/v2\/media\/32655"}],"wp:attachment":[{"href":"https:\/\/www.euegeajans.com\/index.php\/wp-json\/wp\/v2\/media?parent=32654"}],"wp:term":[{"taxonomy":"category","embeddable":true,"href":"https:\/\/www.euegeajans.com\/index.php\/wp-json\/wp\/v2\/categories?post=32654"},{"taxonomy":"post_tag","embeddable":true,"href":"https:\/\/www.euegeajans.com\/index.php\/wp-json\/wp\/v2\/tags?post=32654"}],"curies":[{"name":"wp","href":"https:\/\/api.w.org\/{rel}","templated":true}]}}