{"id":32640,"date":"2026-03-18T06:54:43","date_gmt":"2026-03-18T06:54:43","guid":{"rendered":"https:\/\/www.euegeajans.com\/?p=32640"},"modified":"2026-03-18T06:54:44","modified_gmt":"2026-03-18T06:54:44","slug":"euden-18-mart-canakkale-zaferi-ve-sehitleri-anma-gunu-etkinlikleri","status":"publish","type":"post","link":"https:\/\/www.euegeajans.com\/index.php\/2026\/03\/18\/euden-18-mart-canakkale-zaferi-ve-sehitleri-anma-gunu-etkinlikleri\/","title":{"rendered":"E\u00dc\u2019den \u201c18 Mart \u00c7anakkale Zaferi ve \u015eehitleri Anma G\u00fcn\u00fc\u201d etkinlikleri"},"content":{"rendered":"<p style=\"text-align: justify;\" align=\"center\"><b>Prof. Dr. Elmac\u0131, \u201c\u00c7anakkale, Milli M\u00fccadele\u2019nin \u00f6ns\u00f6z\u00fcd\u00fcr\u201d<\/b><\/p>\n<p style=\"text-align: justify;\">Ege \u00dcniversitesi T\u00fcrk D\u00fcnyas\u0131 Ara\u015ft\u0131rmalar\u0131 Enstit\u00fcs\u00fc\u00a0\u00a0(TDAE) taraf\u0131ndan, 18 Mart \u00c7anakkale Zaferi ve \u015eehitleri Anma G\u00fcn\u00fc etkinlikleri kapsam\u0131nda \u201cMilli M\u00fccadelenin \u00d6ns\u00f6z\u00fc: \u00c7anakkale Muharebeleri\u201d ba\u015fl\u0131kl\u0131 konferans ger\u00e7ekle\u015ftirildi. Konferansa konu\u015fmac\u0131 olarak kat\u0131lan Dokuz Eyl\u00fcl \u00dcniversitesi Atat\u00fcrk \u0130lkeleri ve \u0130nk\u0131lap Tarihi Enstit\u00fcs\u00fc \u00f6\u011fretim \u00fcyesi Prof. Dr. Mehmet Emin Elmac\u0131, \u00c7anakkale Muharebelerinin T\u00fcrk milletinin ba\u011f\u0131ms\u0131zl\u0131k m\u00fccadelesindeki kritik rol\u00fcn\u00fc tarihsel perspektifle anlatt\u0131.<\/p>\n<p style=\"text-align: justify;\">Ege \u00dcniversitesi K\u00fclt\u00fcr Sanat Evinde d\u00fczenlenen etkinli\u011fe; Ege \u00dcniversitesi Rekt\u00f6r\u00fc Prof. Dr. Musa Alc\u0131, TDAE M\u00fcd\u00fcr\u00fc Prof. Dr. At\u0131f Akg\u00fcn, Fen Bilimleri Enstit\u00fcs\u00fc M\u00fcd\u00fcr\u00fc Prof. Dr. Bayram \u015eahin, Ege \u00dcniversitesi T\u00fcrk D\u00fcnyas\u0131 Ara\u015ft\u0131rmalar\u0131 Enstit\u00fcs\u00fc \u00f6\u011fretim \u00fcyeleri, T\u00fcrk D\u00fcnyas\u0131 Akademik Ara\u015ft\u0131rmalar Toplulu\u011fu Ba\u015fkan\u0131 Muharrem Turgut, akademisyenler ve \u00e7ok say\u0131da \u00f6\u011frenci kat\u0131ld\u0131.<\/p>\n<p style=\"text-align: justify;\">Sayg\u0131 duru\u015fu ve ard\u0131ndan istiklal mar\u015f\u0131 ile ba\u015flayan\u00a0etkinli\u011fin a\u00e7\u0131l\u0131\u015f\u0131nda konu\u015fan Rekt\u00f6r Prof. Dr. Musa Alc\u0131, \u201cMilletimizin tarihindeki en b\u00fcy\u00fck kahramanl\u0131k destanlar\u0131ndan biri olan \u00c7anakkale Zaferi\u2019ni anmak ve aziz \u015fehitlerimizin hat\u0131ras\u0131n\u0131 y\u00e2d etmek \u00fczere bir araya gelmi\u015f bulunuyoruz. \u00c7anakkale Zaferi, milletimizin ba\u011f\u0131ms\u0131zl\u0131k u\u011fruna ortaya koydu\u011fu iradenin, inanc\u0131n ve fedak\u00e2rl\u0131\u011f\u0131n sembol\u00fcd\u00fcr. 18 Mart 1915\u2019te kazan\u0131lan zafer, milletimizin birlik ve beraberlik i\u00e7inde neleri ba\u015farabilece\u011finin en g\u00fc\u00e7l\u00fc g\u00f6stergelerinden biridir. Bug\u00fcn bizlere d\u00fc\u015fen en \u00f6nemli g\u00f6rev; \u015fehitlerimizin aziz hat\u0131ras\u0131n\u0131 ya\u015fatmak, onlar\u0131n bizlere emanet etti\u011fi vatan\u0131 ilimle, bilgiyle ve ortak de\u011ferlerimizle daha ileriye ta\u015f\u0131makt\u0131r. \u00dcniversiteler olarak yaln\u0131zca bilgi \u00fcretmekle kalm\u0131yor; tarih bilincini ve mill\u00ee de\u011ferlerimizi yeni nesillere aktarma sorumlulu\u011funu da ta\u015f\u0131yoruz. K\u00f6klerimizden gelen toplumumuzu d\u00fc\u015f\u00fcnme ve birlik i\u00e7inde hareket etme anlay\u0131\u015f\u0131yla, toplumsal olaylar kar\u015f\u0131s\u0131nda sorumluluk bilinciyle hareket etmeyi ve bu bilinci gelecek nesillere aktarmay\u0131 \u00f6nemli bir g\u00f6rev olarak g\u00f6r\u00fcyoruz\u201d dedi.<\/p>\n<p style=\"text-align: justify;\"><b>\u201cGen\u00e7lerle ortak dili yakalamam\u0131z gerekiyor\u201d<\/b><\/p>\n<p style=\"text-align: justify;\">D\u00fcnyada ya\u015fanan geli\u015fmelere paralel olarak gen\u00e7lere \u00f6nemli g\u00f6revler d\u00fc\u015ft\u00fc\u011f\u00fcn\u00fc ifade eden Prof. Dr. Alc\u0131, \u201cYak\u0131n co\u011frafyam\u0131zda, bize s\u0131n\u0131r kom\u015fular\u0131m\u0131z boyunca \u00e7epe\u00e7evre bir sava\u015f i\u00e7indeyiz. Yakla\u015f\u0131k 1000 y\u0131ld\u0131r bu topraklarday\u0131z ve bu m\u00fccadele devam ediyor. Bug\u00fcn sava\u015flar yap\u0131l\u0131yor fakat bu sava\u015flar, alg\u0131yla yap\u0131l\u0131yor. Sava\u015f yap\u0131lmadan \u00fclkeler ele ge\u00e7iriliyor. Bu noktada gen\u00e7lerimizle ortak bir dil yakalamam\u0131z \u00e7ok \u00f6nemli. Gen\u00e7lerin donan\u0131ml\u0131 \u015fekilde \u00fcniversitelerden mezun olmalar\u0131, sonras\u0131nda da \u00fclkemize hizmet etmeleri, faydal\u0131 i\u015fler yapmalar\u0131 en b\u00fcy\u00fck beklentimiz. \u00dcniversite olarak \u00fc\u00e7 konuya vurgu yap\u0131yoruz. E\u011fitim, ara\u015ft\u0131rma ve yap\u0131lan i\u015flerin toplum yarar\u0131na d\u00f6n\u00fc\u015fmesi. Bu ba\u011flamda hocalar\u0131m\u0131za, \u00f6\u011frencilerimize \u00e7ok i\u015f d\u00fc\u015f\u00fcyor. Bu vesile ile bizlere mukaddes bir vatan emanet etmek u\u011fruna \u00c7anakkale\u2019de canlar\u0131n\u0131 feda eden aziz \u015fehitlerimizi rahmet ve minnetle y\u00e2d ediyor; ba\u015fta Gazi Mustafa Kemal Atat\u00fcrk olmak \u00fczere vatan u\u011fruna canlar\u0131n\u0131 ortaya koyan t\u00fcm \u015fehitlerimizi ve kahraman gazilerimizi sayg\u0131 ve \u015f\u00fckranla an\u0131yorum. Etkinli\u011fimizin d\u00fczenlenmesinde eme\u011fi ge\u00e7en T\u00fcrk D\u00fcnyas\u0131 Ara\u015ft\u0131rmalar\u0131 Enstit\u00fcs\u00fcne te\u015fekk\u00fcr ediyorum\u201d dedi.<\/p>\n<p style=\"text-align: justify;\"><b>\u201c\u00c7anakkale \u00f6nemli bir haf\u0131za merkezidir\u201d<\/b><\/p>\n<p style=\"text-align: justify;\">TDAE M\u00fcd\u00fcr\u00fc Prof. Dr. At\u0131f Akg\u00fcn, \u201c18 Mart \u00c7anakkale Zaferi, T\u00fcrk tarihi kadar T\u00fcrk d\u00fcnyas\u0131 tarihi a\u00e7\u0131s\u0131ndan da son derece k\u0131ymetli ve de\u011ferlidir. Bu tarihsel de\u011ferin yan\u0131 s\u0131ra, mek\u00e2n olarak \u00c7anakkale\u2019yi \u00f6nemli bir haf\u0131za merkezi olarak g\u00f6r\u00fcyoruz. Bu mek\u00e2nda ya\u015fanan hadiseleri haf\u0131zam\u0131zda taze tutmak ve toplumsal \u015fuurumuzu diri tutmak ad\u0131na, her 18 Mart&#8217;ta anma etkinlikleri d\u00fczenlemeye \u00f6zen g\u00f6steriyoruz. \u0130ki g\u00fcn boyunca yap\u0131lacak etkinliklerimizde ve d\u00fczenlenecek \u2018\u00c7anakkale\u2019 temal\u0131 Hat, Tezhip ve Ebru sergimizde sizleri aram\u0131zda g\u00f6rmekten mutluluk duyaca\u011f\u0131z\u201d diye konu\u015ftu.<\/p>\n<p style=\"text-align: justify;\">T\u00fcrk D\u00fcnyas\u0131 Akademik Ara\u015ft\u0131rmalar Toplulu\u011fu Ba\u015fkan\u0131 Muharrem Turgut ise, \u201c\u00c7anakkale bize g\u00f6stermi\u015ftir ki T\u00fcrk d\u00fcnyas\u0131n\u0131n bekas\u0131 duygusal sloganlarda de\u011fil; bilimde, sanatta ve stratejik derinlikte sakl\u0131d\u0131r. Balkanlardan Anadolu&#8217;ya, K\u0131r\u0131m&#8217;dan T\u00fcrkistan&#8217;a kadar uzanan b\u00fcy\u00fck ruh d\u00fcn \u00c7anakkale&#8217;de fiziksel bir siper olu\u015fturmu\u015ftu. Bug\u00fcn ise bizler bu siperi akademide, teknolojide ve ortak kimlik bilincinde in\u015fa etmek zorunday\u0131z\u201d dedi.<\/p>\n<p style=\"text-align: justify;\"><b>\u201cZafer, Milli M\u00fccadele ruhunun temelini olu\u015fturdu\u201d<\/b><\/p>\n<p style=\"text-align: justify;\">Konferansta, \u00c7anakkale Muharebelerinin tarihsel, siyasi ve toplumsal \u00f6nemini anlatan Prof. Dr. Mehmet Emin Elmac\u0131, \u201c1916 y\u0131l\u0131ndan itibaren Anadolu insan\u0131n\u0131n ak\u0131n ak\u0131n \u00c7anakkale Muharebeleri sahas\u0131na gelerek \u015fehitlerini anmas\u0131, asl\u0131nda milletimizin haf\u0131zas\u0131nda \u00e7ok \u00f6nemli bir d\u00f6n\u00fcm noktas\u0131na i\u015faret eder. Bu s\u00fcre\u00e7te Mustafa Kemal Atat\u00fcrk\u2019\u00fcn yakla\u015f\u0131m\u0131 da son derece dikkat \u00e7ekicidir. Kendisi yaln\u0131zca T\u00fcrk milletinin de\u011fil, sava\u015f\u0131n di\u011fer taraf\u0131nda yer alan Anzaklar\u0131n da emperyalizme kar\u015f\u0131 bir bilin\u00e7 kazanmas\u0131n\u0131 arzu etmi\u015ftir. \u00c7anakkale\u2019yi do\u011fru anlamak i\u00e7in \u2018\u015eark Meselesi\u2019ni iyi kavramak gerekir. \u00c7\u00fcnk\u00fc bu mesele, T\u00fcrklerin Anadolu\u2019dan tamamen \u00e7\u0131kar\u0131lmas\u0131n\u0131 hedefleyen uzun vadeli bir plan\u0131n ad\u0131d\u0131r. E\u011fer \u00c7anakkale\u2019de ba\u015far\u0131 sa\u011flanamasayd\u0131, ard\u0131ndan gelen Kurtulu\u015f Sava\u015f\u0131 da m\u00fcmk\u00fcn olmayacakt\u0131. Bu y\u00f6n\u00fcyle \u00c7anakkale, Milli M\u00fccadele\u2019nin adeta \u00f6n s\u00f6z\u00fcd\u00fcr. O amans\u0131z cephede \u00e7arp\u0131\u015fan aziz \u015fehitlerimiz, asl\u0131nda milletimizin k\u00fcllerinden yeniden do\u011fmas\u0131n\u0131 sa\u011flayan bu muazzam \u00f6zg\u00fcvenin as\u0131l mimarlar\u0131d\u0131r. Tarihin tozlu raflar\u0131ndan \u00e7\u0131kard\u0131\u011f\u0131m\u0131z belgeler a\u00e7\u0131k\u00e7a g\u00f6steriyor ki; Atat\u00fcrk&#8217;\u00fcn askeri dehas\u0131 ve liderli\u011fi, Kurtulu\u015f Sava\u015f\u0131&#8217;na giden yoldaki o b\u00fcy\u00fck inanc\u0131 daha \u00c7anakkale siperlerindeyken in\u015fa etmi\u015f ve tarih yazm\u0131\u015ft\u0131r. \u00d6zellikle Anzak \u00e7\u0131karmas\u0131n\u0131 durdurmadaki ba\u015far\u0131s\u0131, d\u00f6nemin yabanc\u0131 bas\u0131n\u0131nda dahi \u00f6vg\u00fcyle yer alm\u0131\u015ft\u0131r. Denizde kazan\u0131lan 18 Mart \u00c7anakkale Deniz Zaferi\u2019nin ard\u0131ndan karada g\u00f6sterilen bu direni\u015f, milletimizin ba\u011f\u0131ms\u0131zl\u0131k umudunu g\u00fc\u00e7lendirmi\u015f ve Milli M\u00fccadele ruhunun temelini olu\u015fturmu\u015ftur\u201d diye konu\u015ftu.<\/p>\n<p style=\"text-align: justify;\"><b>\u201cHat-Tezhip-Ebru Sergisi\u201d<\/b><\/p>\n<p style=\"text-align: justify;\">Konferans\u0131n ard\u0131ndan Rekt\u00f6r Prof. Dr. Musa Alc\u0131 ve kat\u0131l\u0131mc\u0131lar TDAE Konferans Salonunda be\u011feniye sunulan \u201c\u00c7anakkale Zaferi\u2019nin an\u0131s\u0131na Hat-Tezhip-Ebru Sergisi\u201dni gezdi. \u00c7anakkale Zaferi temal\u0131 eserlerin yer ald\u0131\u011f\u0131 serginin k\u00fcrat\u00f6rl\u00fc\u011f\u00fcn\u00fc Dokuz Eyl\u00fcl \u00dcniversitesi G\u00fczel Sanatlar Fak\u00fcltesi Geleneksel T\u00fcrk Sanatlar\u0131 B\u00f6l\u00fcm\u00fc \u00f6\u011fretim \u00fcyesi Prof. Dr. G\u00fcl G\u00fcney Zincir ve \u00d6\u011fr. G\u00f6r. \u00d6zkan Birim yapt\u0131.<\/p>\n<p style=\"text-align: justify;\"><b>\u201cBalkanlardan \u00c7anakkale\u2019ye Ko\u015fan Ruh\u201d<\/b><\/p>\n<p style=\"text-align: justify;\">Ege \u00dcniversitesi T\u00fcrk D\u00fcnyas\u0131 Ara\u015ft\u0131rmalar\u0131 Enstit\u00fcs\u00fc \u00a0(TDAE) taraf\u0131ndan, 18 Mart \u00c7anakkale Zaferi ve \u015eehitleri Anma G\u00fcn\u00fc etkinlikleri kapsam\u0131nda d\u00fczenlenen kariyer s\u00f6yle\u015fisi ise Prof. Dr. Ertu\u011frul Karaku\u015f taraf\u0131ndan \u00e7evrimi\u00e7i ger\u00e7ekle\u015ftirildi. Sava\u015f d\u00f6neminde Balkanlardan \u00c7anakkale\u2019ye istiklal m\u00fccadelesi i\u00e7in gelerek cepheye kat\u0131lan Balkan T\u00fcrkleri ve M\u00fcsl\u00fcmanlar\u0131n\u0131n sahadan derlenen an\u0131 hik\u00e2yelerini kitapla\u015ft\u0131ran Karaku\u015f, Balkanlardan Anadolu\u2019ya ko\u015fan ruhu, tarih \u015fuuru ve ibretlik hik\u00e2yelerle dinleyicilerin bilgisine sundu.<b><\/b><\/p>\n<div id='gallery-1' class='gallery galleryid-32640 gallery-columns-4 gallery-size-medium'><figure class='gallery-item'>\n\t\t\t<div class='gallery-icon landscape'>\n\t\t\t\t<a href='https:\/\/www.euegeajans.com\/wp-content\/uploads\/2026\/03\/3-28.jpg'><img loading=\"lazy\" decoding=\"async\" width=\"300\" height=\"300\" src=\"https:\/\/www.euegeajans.com\/wp-content\/uploads\/2026\/03\/3-28.jpg\" class=\"attachment-medium size-medium\" alt=\"\" \/><\/a>\n\t\t\t<\/div><\/figure><figure class='gallery-item'>\n\t\t\t<div class='gallery-icon landscape'>\n\t\t\t\t<a href='https:\/\/www.euegeajans.com\/wp-content\/uploads\/2026\/03\/7-12.jpg'><img loading=\"lazy\" decoding=\"async\" width=\"300\" height=\"300\" src=\"https:\/\/www.euegeajans.com\/wp-content\/uploads\/2026\/03\/7-12.jpg\" class=\"attachment-medium size-medium\" alt=\"\" \/><\/a>\n\t\t\t<\/div><\/figure><figure class='gallery-item'>\n\t\t\t<div class='gallery-icon landscape'>\n\t\t\t\t<a href='https:\/\/www.euegeajans.com\/wp-content\/uploads\/2026\/03\/9-4.jpg'><img loading=\"lazy\" decoding=\"async\" width=\"300\" height=\"300\" src=\"https:\/\/www.euegeajans.com\/wp-content\/uploads\/2026\/03\/9-4.jpg\" class=\"attachment-medium size-medium\" alt=\"\" \/><\/a>\n\t\t\t<\/div><\/figure><figure class='gallery-item'>\n\t\t\t<div class='gallery-icon landscape'>\n\t\t\t\t<a href='https:\/\/www.euegeajans.com\/wp-content\/uploads\/2026\/03\/8-4.jpg'><img loading=\"lazy\" decoding=\"async\" width=\"300\" height=\"300\" src=\"https:\/\/www.euegeajans.com\/wp-content\/uploads\/2026\/03\/8-4.jpg\" class=\"attachment-medium size-medium\" alt=\"\" \/><\/a>\n\t\t\t<\/div><\/figure>\n\t\t<\/div>\n\n<p style=\"text-align: justify;\">\n","protected":false},"excerpt":{"rendered":"<p>Prof. Dr. Elmac\u0131, \u201c\u00c7anakkale, Milli M\u00fccadele\u2019nin \u00f6ns\u00f6z\u00fcd\u00fcr\u201d Ege \u00dcniversitesi T\u00fcrk D\u00fcnyas\u0131 Ara\u015ft\u0131rmalar\u0131 Enstit\u00fcs\u00fc\u00a0\u00a0(TDAE) taraf\u0131ndan, 18&#8230;<\/p>\n","protected":false},"author":2,"featured_media":32641,"comment_status":"open","ping_status":"open","sticky":false,"template":"","format":"standard","meta":{"footnotes":""},"categories":[99,1,70],"tags":[],"class_list":["post-32640","post","type-post","status-publish","format-standard","has-post-thumbnail","hentry","category-egitim","category-gncl","category-kampus"],"featured_image_urls":{"full":["https:\/\/www.euegeajans.com\/wp-content\/uploads\/2026\/03\/2-28.jpg",1080,1080,false],"thumbnail":["https:\/\/www.euegeajans.com\/wp-content\/uploads\/2026\/03\/2-28.jpg",150,150,false],"medium":["https:\/\/www.euegeajans.com\/wp-content\/uploads\/2026\/03\/2-28.jpg",300,300,false],"medium_large":["https:\/\/www.euegeajans.com\/wp-content\/uploads\/2026\/03\/2-28.jpg",640,640,false],"large":["https:\/\/www.euegeajans.com\/wp-content\/uploads\/2026\/03\/2-28.jpg",640,640,false],"1536x1536":["https:\/\/www.euegeajans.com\/wp-content\/uploads\/2026\/03\/2-28.jpg",1080,1080,false],"2048x2048":["https:\/\/www.euegeajans.com\/wp-content\/uploads\/2026\/03\/2-28.jpg",1080,1080,false],"newsphere-slider-full":["https:\/\/www.euegeajans.com\/wp-content\/uploads\/2026\/03\/2-28.jpg",720,720,false],"newsphere-featured":["https:\/\/www.euegeajans.com\/wp-content\/uploads\/2026\/03\/2-28.jpg",1024,1024,false],"newsphere-medium":["https:\/\/www.euegeajans.com\/wp-content\/uploads\/2026\/03\/2-28.jpg",380,380,false]},"author_info":{"display_name":"Editor","author_link":"https:\/\/www.euegeajans.com\/index.php\/author\/editor\/"},"category_info":"<a href=\"https:\/\/www.euegeajans.com\/index.php\/category\/egitim\/\" rel=\"category tag\">E\u011fitim<\/a> <a href=\"https:\/\/www.euegeajans.com\/index.php\/category\/gncl\/\" rel=\"category tag\">G\u00fcncel<\/a> <a href=\"https:\/\/www.euegeajans.com\/index.php\/category\/kampus\/\" rel=\"category tag\">Kamp\u00fcs<\/a>","tag_info":"Kamp\u00fcs","comment_count":"0","_links":{"self":[{"href":"https:\/\/www.euegeajans.com\/index.php\/wp-json\/wp\/v2\/posts\/32640","targetHints":{"allow":["GET"]}}],"collection":[{"href":"https:\/\/www.euegeajans.com\/index.php\/wp-json\/wp\/v2\/posts"}],"about":[{"href":"https:\/\/www.euegeajans.com\/index.php\/wp-json\/wp\/v2\/types\/post"}],"author":[{"embeddable":true,"href":"https:\/\/www.euegeajans.com\/index.php\/wp-json\/wp\/v2\/users\/2"}],"replies":[{"embeddable":true,"href":"https:\/\/www.euegeajans.com\/index.php\/wp-json\/wp\/v2\/comments?post=32640"}],"version-history":[{"count":1,"href":"https:\/\/www.euegeajans.com\/index.php\/wp-json\/wp\/v2\/posts\/32640\/revisions"}],"predecessor-version":[{"id":32646,"href":"https:\/\/www.euegeajans.com\/index.php\/wp-json\/wp\/v2\/posts\/32640\/revisions\/32646"}],"wp:featuredmedia":[{"embeddable":true,"href":"https:\/\/www.euegeajans.com\/index.php\/wp-json\/wp\/v2\/media\/32641"}],"wp:attachment":[{"href":"https:\/\/www.euegeajans.com\/index.php\/wp-json\/wp\/v2\/media?parent=32640"}],"wp:term":[{"taxonomy":"category","embeddable":true,"href":"https:\/\/www.euegeajans.com\/index.php\/wp-json\/wp\/v2\/categories?post=32640"},{"taxonomy":"post_tag","embeddable":true,"href":"https:\/\/www.euegeajans.com\/index.php\/wp-json\/wp\/v2\/tags?post=32640"}],"curies":[{"name":"wp","href":"https:\/\/api.w.org\/{rel}","templated":true}]}}