{"id":32636,"date":"2026-03-17T02:29:00","date_gmt":"2026-03-17T02:29:00","guid":{"rendered":"https:\/\/www.euegeajans.com\/?p=32636"},"modified":"2026-03-17T08:31:41","modified_gmt":"2026-03-17T08:31:41","slug":"dr-ogr-uyesi-biniciden-lisansustu-ogrencilerine-altin-degerinde-tavsiyeler","status":"publish","type":"post","link":"https:\/\/www.euegeajans.com\/index.php\/2026\/03\/17\/dr-ogr-uyesi-biniciden-lisansustu-ogrencilerine-altin-degerinde-tavsiyeler\/","title":{"rendered":"Dr. \u00d6\u011fr. \u00dcyesi Binici\u2019den lisans\u00fcst\u00fc \u00f6\u011frencilerine alt\u0131n de\u011ferinde tavsiyeler"},"content":{"rendered":"<p style=\"text-align: justify;\" align=\"right\"><span lang=\"tr\">Haber: Zeren \u0130kisivri &#8211; Nisa Ketenci<\/span><\/p>\n<p style=\"text-align: justify;\"><span lang=\"tr\">Ege \u00dcniversitesi (E\u00dc) Eczac\u0131l\u0131k Fak\u00fcltesinde, \u201cBilim Kafe\u201d etkinlikleri kapsam\u0131nda &#8220;Kahve, Makale ve G\u00f6zya\u015f\u0131&#8221; ba\u015fl\u0131kl\u0131 s\u00f6yle\u015fi ger\u00e7ekle\u015ftirildi. E\u00dc Eczac\u0131l\u0131k Fak\u00fcltesi Farmas\u00f6tik Teknoloji Anabilim Dal\u0131 Dr. \u00d6\u011fr. \u00dcyesi Burcu Binici\u2019nin konu\u015fmac\u0131 olarak kat\u0131ld\u0131\u011f\u0131 etkinlikte, akademik kariyer basamaklar\u0131, bu s\u00fcre\u00e7te kar\u015f\u0131la\u015f\u0131lan psikolojik bariyerler ve dijitalle\u015fen d\u00fcnyada bilimsel ara\u015ft\u0131rma y\u00f6ntemleri payla\u015f\u0131ld\u0131.<\/span><\/p>\n<p style=\"text-align: justify;\"><span lang=\"tr\">Lisans\u00fcst\u00fc e\u011fitimin temel motivasyon kaynaklar\u0131na de\u011finen Dr. \u00d6\u011fretim \u00dcyesi Burcu Binici, akademik yolculu\u011fun ki\u015fisel ve toplumsal hedeflerle \u015fekillendi\u011fini vurgulad\u0131. Bu s\u00fcrecin farkl\u0131 nedenlerle tercih edildi\u011fini belirten Dr. \u00d6\u011fretim \u00dcyesi Binici, \u201cBaz\u0131 insanlar bu alan\u0131 \u00e7ok sevdi\u011fi i\u00e7in devam ediyor, baz\u0131lar\u0131 bilimsel olarak uzmanla\u015fmak istiyor, baz\u0131lar\u0131 da toplumsal katk\u0131 sa\u011flamak i\u00e7in bu yolu se\u00e7iyor\u201d dedi.<\/span><b><\/b><\/p>\n<p style=\"text-align: justify;\">\u00d6\u011frencilerin bu s\u00fcre\u00e7te birbirleriyle ileti\u015fim kurmas\u0131n\u0131n \u00f6nemini vurgulayan Dr. \u00d6\u011fretim \u00dcyesi Binici, \u201cDoktora \u00f6\u011frencileri bazen kendilerini yaln\u0131z hissedebiliyor. Bu nedenle dergi kul\u00fcpleri, konferanslar ve a\u011f kurma etkinlikleri \u00e7ok \u00f6nemli\u201d diye konu\u015ftu.<\/p>\n<p style=\"text-align: justify;\">Akademide ba\u015far\u0131l\u0131 bireylerin bile zaman zaman kendilerini yetersiz hissetmesine neden olan \u201cimposter sendromu\u201dna de\u011finen Dr. \u00d6\u011fretim \u00dcyesi Binici, \u201cBa\u015far\u0131l\u0131 insanlar\u0131n bile bazen \u2018\u015fans eseri oldu, bir g\u00fcn herkes benim yetersiz oldu\u011fumu anlayacak\u2019 diye d\u00fc\u015f\u00fcnd\u00fc\u011f\u00fc durumlar olabiliyor. Bunun akademide yayg\u0131n bir durum oldu\u011funu bilmek, bu hisle ba\u015fa \u00e7\u0131kmay\u0131 kolayla\u015ft\u0131r\u0131r\u201d dedi.<\/p>\n<p style=\"text-align: justify;\"><b>\u201cLiterat\u00fcr taramas\u0131 ve yapay zekan\u0131n rol\u00fc\u201d<\/b><\/p>\n<p style=\"text-align: justify;\">\u00d6\u011frencilere akademik geli\u015fimleri i\u00e7in stratejik \u00f6nerilerde bulunan Dr. Binici, d\u00fczenli makale okuma al\u0131\u015fkanl\u0131\u011f\u0131n\u0131n \u00f6nemine vurgu yapt\u0131. T\u00fcrkiye\u2019deki akademik \u00e7al\u0131\u015fmalarda literat\u00fcr taramas\u0131n\u0131n bazen ihmal edildi\u011fini belirten Dr. \u00d6\u011fr. \u00dcyesi Binici, \u201cGer\u00e7ekten \u00e7ok fazla makale okumuyoruz. Oysa alana yetkin olmak i\u00e7in d\u00fczenli literat\u00fcr taramas\u0131 yapmak gerekiyor. G\u00fcn\u00fcm\u00fcz\u00fcn teknolojik imkanlar\u0131n\u0131 akademik s\u00fcre\u00e7lere entegre edilmesi gerekiyor. Yapay zek\u00e2 art\u0131k g\u00fcn\u00fcm\u00fcz\u00fcn ka\u00e7\u0131n\u0131lmaz bir ger\u00e7e\u011fi. Bunu art\u0131k \u00f6z\u00fcmseyip ona g\u00f6re devam etmemiz gerekiyor. Yapay zek\u00e2y\u0131 bir asistan gibi d\u00fc\u015f\u00fcnmeli ve do\u011fru kullanmal\u0131y\u0131z. \u00d6\u011frencilerin ulusal ve uluslararas\u0131 yay\u0131nlar\u0131 ve bu alandaki uzman ki\u015fileri iyi bir \u015fekilde takip etmesi gerekiyor\u201d diye konu\u015ftu.<\/p>\n<p style=\"text-align: justify;\">Etkinlik, Dr. \u00d6\u011fr. \u00dcyesi Burcu Binici\u2019nin doktora s\u00fcrecine dair ki\u015fisel deneyimlerini ve yurt d\u0131\u015f\u0131ndaki akademik ya\u015famdan \u00e7arp\u0131c\u0131 \u00f6rnekleri payla\u015fmas\u0131yla sona erdi. Kat\u0131l\u0131mc\u0131 \u00f6\u011frenciler, etkinli\u011fin hem akademik yol haritalar\u0131n\u0131 belirlemede hem de motivasyonlar\u0131n\u0131 art\u0131rmada son derece verimli oldu\u011funu dile getirdi.<\/p>\n<p><img loading=\"lazy\" decoding=\"async\" class=\"alignleft size-full wp-image-32638\" src=\"http:\/\/www.euegeajans.com\/wp-content\/uploads\/2026\/03\/3-27.jpg\" alt=\"\" width=\"1080\" height=\"1080\" \/><\/p>\n","protected":false},"excerpt":{"rendered":"<p>Haber: Zeren \u0130kisivri &#8211; Nisa Ketenci Ege \u00dcniversitesi (E\u00dc) Eczac\u0131l\u0131k Fak\u00fcltesinde, \u201cBilim Kafe\u201d etkinlikleri kapsam\u0131nda&#8230;<\/p>\n","protected":false},"author":2,"featured_media":32637,"comment_status":"open","ping_status":"open","sticky":false,"template":"","format":"standard","meta":{"footnotes":""},"categories":[69,99,1,70],"tags":[],"class_list":["post-32636","post","type-post","status-publish","format-standard","has-post-thumbnail","hentry","category-bilim","category-egitim","category-gncl","category-kampus"],"featured_image_urls":{"full":["https:\/\/www.euegeajans.com\/wp-content\/uploads\/2026\/03\/2-27.jpg",1080,1080,false],"thumbnail":["https:\/\/www.euegeajans.com\/wp-content\/uploads\/2026\/03\/2-27.jpg",150,150,false],"medium":["https:\/\/www.euegeajans.com\/wp-content\/uploads\/2026\/03\/2-27.jpg",300,300,false],"medium_large":["https:\/\/www.euegeajans.com\/wp-content\/uploads\/2026\/03\/2-27.jpg",640,640,false],"large":["https:\/\/www.euegeajans.com\/wp-content\/uploads\/2026\/03\/2-27.jpg",640,640,false],"1536x1536":["https:\/\/www.euegeajans.com\/wp-content\/uploads\/2026\/03\/2-27.jpg",1080,1080,false],"2048x2048":["https:\/\/www.euegeajans.com\/wp-content\/uploads\/2026\/03\/2-27.jpg",1080,1080,false],"newsphere-slider-full":["https:\/\/www.euegeajans.com\/wp-content\/uploads\/2026\/03\/2-27.jpg",720,720,false],"newsphere-featured":["https:\/\/www.euegeajans.com\/wp-content\/uploads\/2026\/03\/2-27.jpg",1024,1024,false],"newsphere-medium":["https:\/\/www.euegeajans.com\/wp-content\/uploads\/2026\/03\/2-27.jpg",380,380,false]},"author_info":{"display_name":"Editor","author_link":"https:\/\/www.euegeajans.com\/index.php\/author\/editor\/"},"category_info":"<a href=\"https:\/\/www.euegeajans.com\/index.php\/category\/bilim\/\" rel=\"category tag\">Bilim<\/a> <a href=\"https:\/\/www.euegeajans.com\/index.php\/category\/egitim\/\" rel=\"category tag\">E\u011fitim<\/a> <a href=\"https:\/\/www.euegeajans.com\/index.php\/category\/gncl\/\" rel=\"category tag\">G\u00fcncel<\/a> <a href=\"https:\/\/www.euegeajans.com\/index.php\/category\/kampus\/\" rel=\"category tag\">Kamp\u00fcs<\/a>","tag_info":"Kamp\u00fcs","comment_count":"0","_links":{"self":[{"href":"https:\/\/www.euegeajans.com\/index.php\/wp-json\/wp\/v2\/posts\/32636","targetHints":{"allow":["GET"]}}],"collection":[{"href":"https:\/\/www.euegeajans.com\/index.php\/wp-json\/wp\/v2\/posts"}],"about":[{"href":"https:\/\/www.euegeajans.com\/index.php\/wp-json\/wp\/v2\/types\/post"}],"author":[{"embeddable":true,"href":"https:\/\/www.euegeajans.com\/index.php\/wp-json\/wp\/v2\/users\/2"}],"replies":[{"embeddable":true,"href":"https:\/\/www.euegeajans.com\/index.php\/wp-json\/wp\/v2\/comments?post=32636"}],"version-history":[{"count":1,"href":"https:\/\/www.euegeajans.com\/index.php\/wp-json\/wp\/v2\/posts\/32636\/revisions"}],"predecessor-version":[{"id":32639,"href":"https:\/\/www.euegeajans.com\/index.php\/wp-json\/wp\/v2\/posts\/32636\/revisions\/32639"}],"wp:featuredmedia":[{"embeddable":true,"href":"https:\/\/www.euegeajans.com\/index.php\/wp-json\/wp\/v2\/media\/32637"}],"wp:attachment":[{"href":"https:\/\/www.euegeajans.com\/index.php\/wp-json\/wp\/v2\/media?parent=32636"}],"wp:term":[{"taxonomy":"category","embeddable":true,"href":"https:\/\/www.euegeajans.com\/index.php\/wp-json\/wp\/v2\/categories?post=32636"},{"taxonomy":"post_tag","embeddable":true,"href":"https:\/\/www.euegeajans.com\/index.php\/wp-json\/wp\/v2\/tags?post=32636"}],"curies":[{"name":"wp","href":"https:\/\/api.w.org\/{rel}","templated":true}]}}