{"id":32620,"date":"2026-03-17T05:28:00","date_gmt":"2026-03-17T05:28:00","guid":{"rendered":"https:\/\/www.euegeajans.com\/?p=32620"},"modified":"2026-03-17T07:44:52","modified_gmt":"2026-03-17T07:44:52","slug":"ege-universitesi-iletisim-fakultesinde-sinifta-mezun-var-etkinlikleri-devam-ediyor","status":"publish","type":"post","link":"https:\/\/www.euegeajans.com\/index.php\/2026\/03\/17\/ege-universitesi-iletisim-fakultesinde-sinifta-mezun-var-etkinlikleri-devam-ediyor\/","title":{"rendered":"Ege \u00dcniversitesi \u0130leti\u015fim Fak\u00fcltesinde \u201cS\u0131n\u0131fta Mezun Var\u201d etkinlikleri devam ediyor"},"content":{"rendered":"<p style=\"text-align: justify;\" align=\"center\"><b>Spor muhabiri H\u00fcseyin Demir \u00a0gen\u00e7 ileti\u015fimcilerle bulu\u015ftu<\/b><\/p>\n<p style=\"text-align: justify;\" align=\"right\">Dicle Artak<\/p>\n<p style=\"text-align: justify;\">*Ege \u00dcniversitesi \u0130leti\u015fim Fak\u00fcltesi taraf\u0131ndan d\u00fczenlenen \u201cS\u0131n\u0131fta Mezun Var\u201d etkinlikleri kapsam\u0131nda spor muhabiri H\u00fcseyin Demir, ileti\u015fimci adaylar\u0131na mesle\u011fin inceliklerini ve kendi deneyimlerini aktard\u0131.<\/p>\n<p style=\"text-align: justify;\"><b>\u0130ZM\u0130R (Ege Ajans)-<\/b>\u00a0Ege \u00dcniversitesi \u0130leti\u015fim Fak\u00fcltesi, mezunlar\u0131 ile \u00f6\u011frencilerini bir araya getirerek tecr\u00fcbe aktar\u0131m\u0131 sa\u011flayan &#8220;S\u0131n\u0131fta Mezun Var&#8221; etkinliklerine bir yenisini daha ekledi.<\/p>\n<p style=\"text-align: justify;\">\u00a0Fak\u00fcltenin Halkla \u0130li\u015fkiler ve Tan\u0131t\u0131m B\u00f6l\u00fcm\u00fc 2018 y\u0131l\u0131 mezunu olan ve kariyerini Ege Telgraf Gazetesi\u2019nde spor muhabiri olarak s\u00fcrd\u00fcren H\u00fcseyin Demir, gen\u00e7 ileti\u015fimci adaylar\u0131yla bulu\u015ftu. 2013 y\u0131l\u0131nda ad\u0131m att\u0131\u011f\u0131 fak\u00fclte s\u0131ralar\u0131na y\u0131llar sonra konu\u015fmac\u0131 olarak d\u00f6nen Demir, \u00f6\u011frencilere sekt\u00f6r\u00fcn dinamiklerini ve profesyonel \u00e7al\u0131\u015fma hayat\u0131ndaki deneyimlerini aktard\u0131. Etkinlik, \u0130leti\u015fim Fak\u00fcltesi Halkla \u0130li\u015fkiler ve Tan\u0131t\u0131m B\u00f6l\u00fcm\u00fc \u00f6\u011fretim \u00fcyesi Do\u00e7. Dr. Selin Bitirim Okmeydan koordinasyonunda ger\u00e7ekle\u015ftirildi.<\/p>\n<p style=\"text-align: justify;\">\u00dcniversite e\u011fitiminin mesleki vizyon a\u00e7\u0131s\u0131ndan vazge\u00e7ilmez bir temel olu\u015fturdu\u011funu belirten H\u00fcseyin Demir, burada elde edilen bilgilerin pratikle ta\u00e7land\u0131r\u0131lmad\u0131\u011f\u0131 s\u00fcrece eksik kalaca\u011f\u0131n\u0131 vurgulad\u0131. Demir, &#8220;Okuldaki teorik derslerimiz elbette \u00e7ok \u00f6nemli, mesle\u011fin alfabesini burada \u00f6\u011freniyoruz. Ancak kesinlikle ama kesinlikle okulda, kamp\u00fcste bir yerlerde kendinizi geli\u015ftirmeniz gerekiyor. \u0130\u015fi sadece teoride b\u0131rakmay\u0131n&#8221; diye konu\u015ftu.<\/p>\n<p style=\"text-align: justify;\"><b>&#8220;Kamp\u00fcs\u00fc bir uygulama laboratuvar\u0131 olarak g\u00f6r\u00fcn&#8221;<\/b><\/p>\n<p style=\"text-align: justify;\">\u00d6\u011frencilerin mezuniyet \u00f6ncesinde mutlaka saha \u00e7al\u0131\u015fmalar\u0131na kat\u0131lmas\u0131 ve \u00fcniversitenin sundu\u011fu imk\u00e2nlar\u0131 sonuna kadar kullanmas\u0131 gerekti\u011fini ifade eden Demir, kamp\u00fcs\u00fcn bir laboratuvar gibi de\u011ferlendirilmesi gerekti\u011fini s\u00f6yledi. Gen\u00e7 ileti\u015fimcilere tavsiyelerde bulunan Demir, &#8220;Kamp\u00fcs\u00fc sadece dersliklerden ibaret g\u00f6rmeyin. Kamp\u00fcs\u00fcn her noktas\u0131n\u0131 bir uygulama alan\u0131 olarak de\u011ferlendirin ve mutlaka saha \u00e7al\u0131\u015fmalar\u0131na kat\u0131l\u0131n. Sahan\u0131n tozunu yutmadan ger\u00e7ek bir ileti\u015fimci olmak \u00e7ok zor. Kendinizi geli\u015ftirin, kamp\u00fcs\u00fc de\u011ferlendirin ve f\u0131rsatlar\u0131 kovalay\u0131n&#8221; dedi.<\/p>\n<p style=\"text-align: justify;\">Spor muhabirli\u011finin zorluklar\u0131, \u00e7al\u0131\u015fma ko\u015fullar\u0131 ve medya sekt\u00f6r\u00fcn\u00fcn gelece\u011fine dair gelen sorular\u0131 da i\u00e7tenlikle yan\u0131tlayan H\u00fcseyin Demir, \u00f6\u011frencilere kariyer yolculuklar\u0131nda ba\u015far\u0131lar diledi. Etkinlik, soru-cevap b\u00f6l\u00fcm\u00fcn\u00fcn ard\u0131ndan sona erdi.<\/p>\n<div id='gallery-1' class='gallery galleryid-32620 gallery-columns-2 gallery-size-medium'><figure class='gallery-item'>\n\t\t\t<div class='gallery-icon landscape'>\n\t\t\t\t<a href='https:\/\/www.euegeajans.com\/wp-content\/uploads\/2026\/03\/4-25.jpg'><img loading=\"lazy\" decoding=\"async\" width=\"300\" height=\"169\" src=\"https:\/\/www.euegeajans.com\/wp-content\/uploads\/2026\/03\/4-25.jpg\" class=\"attachment-medium size-medium\" alt=\"\" \/><\/a>\n\t\t\t<\/div><\/figure><figure class='gallery-item'>\n\t\t\t<div class='gallery-icon landscape'>\n\t\t\t\t<a href='https:\/\/www.euegeajans.com\/wp-content\/uploads\/2026\/03\/3-25.jpg'><img loading=\"lazy\" decoding=\"async\" width=\"300\" height=\"169\" src=\"https:\/\/www.euegeajans.com\/wp-content\/uploads\/2026\/03\/3-25.jpg\" class=\"attachment-medium size-medium\" alt=\"\" \/><\/a>\n\t\t\t<\/div><\/figure>\n\t\t<\/div>\n\n<p>\u00a0<\/p>\n\n\n<p><\/p>\n","protected":false},"excerpt":{"rendered":"<p>Spor muhabiri H\u00fcseyin Demir \u00a0gen\u00e7 ileti\u015fimcilerle bulu\u015ftu Dicle Artak *Ege \u00dcniversitesi \u0130leti\u015fim Fak\u00fcltesi taraf\u0131ndan d\u00fczenlenen&#8230;<\/p>\n","protected":false},"author":2,"featured_media":32625,"comment_status":"open","ping_status":"open","sticky":false,"template":"","format":"standard","meta":{"footnotes":""},"categories":[99,1,304,70],"tags":[],"class_list":["post-32620","post","type-post","status-publish","format-standard","has-post-thumbnail","hentry","category-egitim","category-gncl","category-iletisim","category-kampus"],"featured_image_urls":{"full":["https:\/\/www.euegeajans.com\/wp-content\/uploads\/2026\/03\/2-25.jpg",1920,1080,false],"thumbnail":["https:\/\/www.euegeajans.com\/wp-content\/uploads\/2026\/03\/2-25.jpg",150,84,false],"medium":["https:\/\/www.euegeajans.com\/wp-content\/uploads\/2026\/03\/2-25.jpg",300,169,false],"medium_large":["https:\/\/www.euegeajans.com\/wp-content\/uploads\/2026\/03\/2-25.jpg",640,360,false],"large":["https:\/\/www.euegeajans.com\/wp-content\/uploads\/2026\/03\/2-25.jpg",640,360,false],"1536x1536":["https:\/\/www.euegeajans.com\/wp-content\/uploads\/2026\/03\/2-25.jpg",1536,864,false],"2048x2048":["https:\/\/www.euegeajans.com\/wp-content\/uploads\/2026\/03\/2-25.jpg",1920,1080,false],"newsphere-slider-full":["https:\/\/www.euegeajans.com\/wp-content\/uploads\/2026\/03\/2-25.jpg",1280,720,false],"newsphere-featured":["https:\/\/www.euegeajans.com\/wp-content\/uploads\/2026\/03\/2-25.jpg",1024,576,false],"newsphere-medium":["https:\/\/www.euegeajans.com\/wp-content\/uploads\/2026\/03\/2-25.jpg",676,380,false]},"author_info":{"display_name":"Editor","author_link":"https:\/\/www.euegeajans.com\/index.php\/author\/editor\/"},"category_info":"<a href=\"https:\/\/www.euegeajans.com\/index.php\/category\/egitim\/\" rel=\"category tag\">E\u011fitim<\/a> <a href=\"https:\/\/www.euegeajans.com\/index.php\/category\/gncl\/\" rel=\"category tag\">G\u00fcncel<\/a> <a href=\"https:\/\/www.euegeajans.com\/index.php\/category\/iletisim\/\" rel=\"category tag\">\u0130leti\u015fim<\/a> <a href=\"https:\/\/www.euegeajans.com\/index.php\/category\/kampus\/\" rel=\"category tag\">Kamp\u00fcs<\/a>","tag_info":"Kamp\u00fcs","comment_count":"0","_links":{"self":[{"href":"https:\/\/www.euegeajans.com\/index.php\/wp-json\/wp\/v2\/posts\/32620","targetHints":{"allow":["GET"]}}],"collection":[{"href":"https:\/\/www.euegeajans.com\/index.php\/wp-json\/wp\/v2\/posts"}],"about":[{"href":"https:\/\/www.euegeajans.com\/index.php\/wp-json\/wp\/v2\/types\/post"}],"author":[{"embeddable":true,"href":"https:\/\/www.euegeajans.com\/index.php\/wp-json\/wp\/v2\/users\/2"}],"replies":[{"embeddable":true,"href":"https:\/\/www.euegeajans.com\/index.php\/wp-json\/wp\/v2\/comments?post=32620"}],"version-history":[{"count":1,"href":"https:\/\/www.euegeajans.com\/index.php\/wp-json\/wp\/v2\/posts\/32620\/revisions"}],"predecessor-version":[{"id":32629,"href":"https:\/\/www.euegeajans.com\/index.php\/wp-json\/wp\/v2\/posts\/32620\/revisions\/32629"}],"wp:featuredmedia":[{"embeddable":true,"href":"https:\/\/www.euegeajans.com\/index.php\/wp-json\/wp\/v2\/media\/32625"}],"wp:attachment":[{"href":"https:\/\/www.euegeajans.com\/index.php\/wp-json\/wp\/v2\/media?parent=32620"}],"wp:term":[{"taxonomy":"category","embeddable":true,"href":"https:\/\/www.euegeajans.com\/index.php\/wp-json\/wp\/v2\/categories?post=32620"},{"taxonomy":"post_tag","embeddable":true,"href":"https:\/\/www.euegeajans.com\/index.php\/wp-json\/wp\/v2\/tags?post=32620"}],"curies":[{"name":"wp","href":"https:\/\/api.w.org\/{rel}","templated":true}]}}