{"id":32612,"date":"2026-03-17T07:07:10","date_gmt":"2026-03-17T07:07:10","guid":{"rendered":"https:\/\/www.euegeajans.com\/?p=32612"},"modified":"2026-03-17T07:07:11","modified_gmt":"2026-03-17T07:07:11","slug":"eu-ev-sahipliginde-surdurulebilir-gelecek-icin-universitelerde-atik-yonetimi-calistayi-duzenlenecek","status":"publish","type":"post","link":"https:\/\/www.euegeajans.com\/index.php\/2026\/03\/17\/eu-ev-sahipliginde-surdurulebilir-gelecek-icin-universitelerde-atik-yonetimi-calistayi-duzenlenecek\/","title":{"rendered":"E\u00dc ev sahipli\u011finde \u201cS\u00fcrd\u00fcr\u00fclebilir Gelecek\u201d i\u00e7in \u00dcniversitelerde At\u0131k Y\u00f6netimi \u00e7al\u0131\u015ftay\u0131 d\u00fczenlenecek"},"content":{"rendered":"<p style=\"text-align: justify;\">Ege \u00dcniversitesi(E\u00dc), T\u00fcrkiye\u2019nin d\u00f6rt bir yan\u0131ndan \u00fcniversiteleri, bakanl\u0131k temsilcilerini ve sekt\u00f6r payda\u015flar\u0131n\u0131 \u201c\u00dcniversitelerde At\u0131k Y\u00f6netimi ve S\u00fcrd\u00fcr\u00fclebilir \u00c7\u00f6z\u00fcmler \u00c7al\u0131\u015ftay\u0131\u201dnda bir araya getirerek \u201cYe\u015fil Kamp\u00fcs\u201d vizyonuna \u00f6nc\u00fcl\u00fck edecek. Cumhurba\u015fkan\u0131 Recep Tayyip Erdo\u011fan\u2019\u0131n e\u015fi Emine Erdo\u011fan\u2019n\u0131n himayelerinde 2017 y\u0131l\u0131nda ba\u015flat\u0131lan ve k\u00fcresel bir marka haline gelen \u201cS\u0131f\u0131r At\u0131k\u201d hareketi kapsam\u0131nda d\u00fczenlecek olan \u00e7al\u0131\u015ftay, 2 Nisan 2026 Per\u015fembe g\u00fcn\u00fc, 10.00\u201316.00 saatleri aras\u0131nda Ege \u00dcniversitesi Prof. Dr. Yusuf Vardar M\u00d6TBE K\u00fclt\u00fcr Merkezinde ger\u00e7ekle\u015ftirilecek.<\/p>\n<p style=\"text-align: justify;\">T\u00fcrkiye\u2019nin giri\u015fimleriyle Birle\u015fmi\u015f Milletler Genel Kurulu taraf\u0131ndan 30 Mart tarihinin \u201cUluslararas\u0131 S\u0131f\u0131r At\u0131k G\u00fcn\u00fc\u201d ilan edilmesinin ard\u0131ndan stratejik bir \u00f6nem kazanan S\u0131f\u0131r At\u0131k yakla\u015f\u0131m\u0131, Ege \u00dcniversitesindeki \u00e7al\u0131\u015ftayla akademik ve b\u00fcrokratik d\u00fczeyde masaya yat\u0131r\u0131lacak. Do\u011fal kaynaklar\u0131n verimli kullan\u0131m\u0131, israf\u0131n \u00f6nlenmesi ve \u00e7evresel etkilerin minimize edilmesi amac\u0131yla d\u00fczenlenecek olan \u00e7al\u0131\u015ftay, \u00fcniversitelerin sahip oldu\u011fu n\u00fcfus yo\u011funlu\u011fu ve akademik potansiyeli harekete ge\u00e7irmeyi ama\u00e7l\u0131yor.<\/p>\n<p style=\"text-align: justify;\">\u00c7al\u0131\u015ftaya; \u00c7evre, \u015eehircilik ve \u0130klim De\u011fi\u015fikli\u011fi Bakanl\u0131\u011f\u0131 \u00c7evre Y\u00f6netimi Genel M\u00fcd\u00fcr\u00fc Fatih Turan, S\u0131f\u0131r At\u0131k Daire Ba\u015fkan\u0131 Ekrem Y\u0131ld\u0131r\u0131m, S\u0131f\u0131r At\u0131k Envanter ve E\u011fitim \u015eube M\u00fcd\u00fcr\u00fc H\u00fclya \u00c7ak\u0131r ve Medine Erek kat\u0131l\u0131m sa\u011flayarak bakanl\u0131k d\u00fczeyindeki stratejileri payla\u015facaklar. Ayr\u0131ca \u0130klim De\u011fi\u015fikli\u011fi Ba\u015fkanl\u0131\u011f\u0131 Ba\u015fkan Yard\u0131mc\u0131s\u0131 Mehrali Ecer de ba\u015fkanl\u0131\u011f\u0131 temsilen oturumlarda yer alacak. Ev sahibi kurum olarak Ege \u00dcniversitesi Rekt\u00f6r\u00fc Prof. Dr. Musa Alc\u0131 ve \u00fcniversite \u00fcst y\u00f6netiminin yan\u0131 s\u0131ra kat\u0131l\u0131m sa\u011flayacak di\u011fer \u00fcniversitelerin de yetkilileri \u00e7al\u0131\u015ftayda haz\u0131r bulunacak.<\/p>\n<p style=\"text-align: justify;\"><b>At\u0131k y\u00f6netiminde kritik kararlar al\u0131nacak<\/b><\/p>\n<p style=\"text-align: justify;\">T\u00fcrkiye \u00c7evre Ajans\u0131 Ba\u015fkan\u0131 Nurullah \u00d6zt\u00fcrk\u2019\u00fcn yan\u0131 s\u0131ra depozito iade ve S\u0131f\u0131r At\u0131k direkt\u00f6rlerinin de kat\u0131laca\u011f\u0131 \u00e7al\u0131\u015ftayda, \u00f6zellikle y\u00fcksek\u00f6\u011fretim kurumlar\u0131 i\u00e7in kritik \u00f6neme sahip olan; \u201cSu Y\u00f6netimi\u201d, \u201cAt\u0131k Y\u00f6netimi\u201d, \u201cDepozito \u0130ade Sistemi\u201d ve \u201cTek Kullan\u0131ml\u0131k \u00dcr\u00fcnlerin Kullan\u0131m\u0131\u201d gibi ba\u015fl\u0131klarda \u00f6nemli kararlar\u0131n al\u0131nmas\u0131 bekleniyor. S\u0131f\u0131r At\u0131k Vakf\u0131\u2019n\u0131n da destek verece\u011fi organizasyon, kamu, akademi ve \u00f6zel sekt\u00f6r aras\u0131nda g\u00fc\u00e7l\u00fc bir k\u00f6pr\u00fc kuracak.<\/p>\n<p style=\"text-align: justify;\"><b>T\u00fcrkiye\u2019nin d\u00f6rt bir yan\u0131ndan akademik kat\u0131l\u0131m<\/b><\/p>\n<p style=\"text-align: justify;\">Ege \u00dcniversitesinin ev sahipli\u011finde ger\u00e7ekle\u015ftirilecek \u00e7al\u0131\u015ftaya; \u0130zmir&#8217;deki Y\u00fcksek\u00f6\u011fretim kurumlar\u0131 ba\u015fta olmak \u00fczere, T\u00fcrkiye&#8217;nin her b\u00f6lgesinden \u00e7ok say\u0131da devlet ve vak\u0131f \u00fcniversitesi kat\u0131l\u0131m sa\u011flayacak. Her ge\u00e7en g\u00fcn yeni kat\u0131l\u0131mlarla daha da b\u00fcy\u00fcyen organizasyonda; kamu, akademi ve \u00f6zel sekt\u00f6r temsilcileri s\u00fcrd\u00fcr\u00fclebilir bir gelecek i\u00e7in ortak ak\u0131l \u00fcretecek.<\/p>\n<p style=\"text-align: justify;\">Akademik camian\u0131n yan\u0131 s\u0131ra \u00f6zel sekt\u00f6rden ambalaj \u00fcreticileri ve DSYS (Depozito Y\u00f6netim Sistemi) operat\u00f6rleri ile at\u0131k y\u00f6netimi sekt\u00f6r\u00fc temsilcileri de \u00e7al\u0131\u015ftayda haz\u0131r bulunarak, \u00fcniversitelerdeki s\u00fcrd\u00fcr\u00fclebilir \u00e7\u00f6z\u00fcmlerin end\u00fcstriyel boyuttaki kar\u015f\u0131l\u0131klar\u0131n\u0131 tart\u0131\u015facaklar. \u00c7al\u0131\u015ftay sonunda elde edilen verilerin, T\u00fcrkiye\u2019nin \u00e7evre ve iklim de\u011fi\u015fikli\u011fi ile m\u00fccadele politikalar\u0131na \u00f6nemli bir referans kayna\u011f\u0131 olu\u015fturmas\u0131 hedefleniyor.<\/p>\n<p><img loading=\"lazy\" decoding=\"async\" class=\"alignleft size-full wp-image-32618\" src=\"http:\/\/www.euegeajans.com\/wp-content\/uploads\/2026\/03\/EU-de-atik-yonetimi-calistayi-duzenlenecek.jpg\" alt=\"\" width=\"1920\" height=\"1080\" \/><\/p>\n\n\n<p><\/p>\n","protected":false},"excerpt":{"rendered":"<p>Ege \u00dcniversitesi(E\u00dc), T\u00fcrkiye\u2019nin d\u00f6rt bir yan\u0131ndan \u00fcniversiteleri, bakanl\u0131k temsilcilerini ve sekt\u00f6r payda\u015flar\u0131n\u0131 \u201c\u00dcniversitelerde At\u0131k Y\u00f6netimi&#8230;<\/p>\n","protected":false},"author":2,"featured_media":32617,"comment_status":"open","ping_status":"open","sticky":false,"template":"","format":"standard","meta":{"footnotes":""},"categories":[99,1,70],"tags":[],"class_list":["post-32612","post","type-post","status-publish","format-standard","has-post-thumbnail","hentry","category-egitim","category-gncl","category-kampus"],"featured_image_urls":{"full":["https:\/\/www.euegeajans.com\/wp-content\/uploads\/2026\/03\/Ege-Universitesi-2.jpg",2502,1571,false],"thumbnail":["https:\/\/www.euegeajans.com\/wp-content\/uploads\/2026\/03\/Ege-Universitesi-2.jpg",150,94,false],"medium":["https:\/\/www.euegeajans.com\/wp-content\/uploads\/2026\/03\/Ege-Universitesi-2.jpg",300,188,false],"medium_large":["https:\/\/www.euegeajans.com\/wp-content\/uploads\/2026\/03\/Ege-Universitesi-2.jpg",640,402,false],"large":["https:\/\/www.euegeajans.com\/wp-content\/uploads\/2026\/03\/Ege-Universitesi-2.jpg",640,402,false],"1536x1536":["https:\/\/www.euegeajans.com\/wp-content\/uploads\/2026\/03\/Ege-Universitesi-2.jpg",1536,964,false],"2048x2048":["https:\/\/www.euegeajans.com\/wp-content\/uploads\/2026\/03\/Ege-Universitesi-2.jpg",2048,1286,false],"newsphere-slider-full":["https:\/\/www.euegeajans.com\/wp-content\/uploads\/2026\/03\/Ege-Universitesi-2.jpg",1147,720,false],"newsphere-featured":["https:\/\/www.euegeajans.com\/wp-content\/uploads\/2026\/03\/Ege-Universitesi-2.jpg",1024,643,false],"newsphere-medium":["https:\/\/www.euegeajans.com\/wp-content\/uploads\/2026\/03\/Ege-Universitesi-2.jpg",605,380,false]},"author_info":{"display_name":"Editor","author_link":"https:\/\/www.euegeajans.com\/index.php\/author\/editor\/"},"category_info":"<a href=\"https:\/\/www.euegeajans.com\/index.php\/category\/egitim\/\" rel=\"category tag\">E\u011fitim<\/a> <a href=\"https:\/\/www.euegeajans.com\/index.php\/category\/gncl\/\" rel=\"category tag\">G\u00fcncel<\/a> <a href=\"https:\/\/www.euegeajans.com\/index.php\/category\/kampus\/\" rel=\"category tag\">Kamp\u00fcs<\/a>","tag_info":"Kamp\u00fcs","comment_count":"0","_links":{"self":[{"href":"https:\/\/www.euegeajans.com\/index.php\/wp-json\/wp\/v2\/posts\/32612","targetHints":{"allow":["GET"]}}],"collection":[{"href":"https:\/\/www.euegeajans.com\/index.php\/wp-json\/wp\/v2\/posts"}],"about":[{"href":"https:\/\/www.euegeajans.com\/index.php\/wp-json\/wp\/v2\/types\/post"}],"author":[{"embeddable":true,"href":"https:\/\/www.euegeajans.com\/index.php\/wp-json\/wp\/v2\/users\/2"}],"replies":[{"embeddable":true,"href":"https:\/\/www.euegeajans.com\/index.php\/wp-json\/wp\/v2\/comments?post=32612"}],"version-history":[{"count":1,"href":"https:\/\/www.euegeajans.com\/index.php\/wp-json\/wp\/v2\/posts\/32612\/revisions"}],"predecessor-version":[{"id":32619,"href":"https:\/\/www.euegeajans.com\/index.php\/wp-json\/wp\/v2\/posts\/32612\/revisions\/32619"}],"wp:featuredmedia":[{"embeddable":true,"href":"https:\/\/www.euegeajans.com\/index.php\/wp-json\/wp\/v2\/media\/32617"}],"wp:attachment":[{"href":"https:\/\/www.euegeajans.com\/index.php\/wp-json\/wp\/v2\/media?parent=32612"}],"wp:term":[{"taxonomy":"category","embeddable":true,"href":"https:\/\/www.euegeajans.com\/index.php\/wp-json\/wp\/v2\/categories?post=32612"},{"taxonomy":"post_tag","embeddable":true,"href":"https:\/\/www.euegeajans.com\/index.php\/wp-json\/wp\/v2\/tags?post=32612"}],"curies":[{"name":"wp","href":"https:\/\/api.w.org\/{rel}","templated":true}]}}