{"id":32581,"date":"2026-03-16T07:05:40","date_gmt":"2026-03-16T07:05:40","guid":{"rendered":"https:\/\/www.euegeajans.com\/?p=32581"},"modified":"2026-03-16T11:59:13","modified_gmt":"2026-03-16T11:59:13","slug":"ege-universitesi-sosyal-sorumluluk-projelerinde-yok-2025-raporuna-damga-vurdu","status":"publish","type":"post","link":"https:\/\/www.euegeajans.com\/index.php\/2026\/03\/16\/ege-universitesi-sosyal-sorumluluk-projelerinde-yok-2025-raporuna-damga-vurdu\/","title":{"rendered":"Ege \u00dcniversitesi Sosyal Sorumluluk Projelerinde Y\u00d6K 2025 Raporuna damga vurdu"},"content":{"rendered":"<p style=\"text-align: justify;\">*Y\u00fcksek\u00f6\u011fretim Kurulu (Y\u00d6K) taraf\u0131ndan yay\u0131mlanan 2025 \u00dcniversite \u0130zleme ve De\u011ferlendirme Genel Raporuna g\u00f6re Ege \u00dcniversitesi, hem kurumsal hem de \u00f6\u011frenci bazl\u0131 de\u011ferlendirmede sosyal sorumluluk projelerine damga vurdu. E\u00dc, hayata ge\u00e7irdi\u011fi 1.233 proje ile T\u00fcrkiye birincisi oldu. Egeli \u00f6\u011frenciler de ger\u00e7ekle\u015ftirdikleri 1.991 proje ile E\u00dc\u2019y\u00fc, \u201c\u00d6\u011frencileri en fazla sosyal sorumluluk projesi y\u00fcr\u00fcten \u00fcniversite\u201d yapt\u0131.<\/p>\n<p style=\"text-align: justify;\">Y\u00fcksek\u00f6\u011fretim Kurulu taraf\u0131ndan yay\u0131mlanan &#8220;2025 \u00dcniversite \u0130zleme ve De\u011ferlendirme Genel Raporu&#8221;, T\u00fcrkiye\u2019deki \u00fcniversitelerin toplumsal katk\u0131 alan\u0131ndaki performans\u0131n\u0131 g\u00f6zler \u00f6n\u00fcne serdi. Rapora g\u00f6re, 2024 y\u0131l\u0131nda T\u00fcrkiye genelinde \u00fcniversiteler ve \u00f6\u011frenciler taraf\u0131ndan toplam 15 bin 395 sosyal sorumluluk projesi hayata ge\u00e7irildi. Sosyal sorumluluk k\u00fclt\u00fcr\u00fcn\u00fcn yayg\u0131nla\u015fmas\u0131nda \u00f6nc\u00fc bir rol \u00fcstlenen Ege \u00dcniversitesi, hem \u00fcniversite taraf\u0131ndan ger\u00e7ekle\u015ftirilen projelerde hem de \u00f6\u011frenci projelerinde listenin \u00a0ba\u015f\u0131nda yer ald\u0131.<\/p>\n<p style=\"text-align: justify;\">Ege \u00dcniversitesinin yakalad\u0131\u011f\u0131 ba\u015far\u0131y\u0131 de\u011ferlendiren Rekt\u00f6r Prof. Dr. Musa Alc\u0131, \u201cEge \u00dcniversitesi olarak akademik ve bilimsel ba\u015far\u0131lar\u0131m\u0131z\u0131, toplumsal fayda ile ta\u00e7land\u0131rmay\u0131 temel misyonumuz olarak g\u00f6r\u00fcyoruz. Gerek akademisyenlerimizin gerekse \u00f6\u011frencilerimizin \u00e7evresine duyarl\u0131, toplumsal sorunlara \u00e7\u00f6z\u00fcm \u00fcreten ve g\u00f6n\u00fcll\u00fcl\u00fck esas\u0131yla hareket eden bireyler olmas\u0131 bizler i\u00e7in en b\u00fcy\u00fck gurur kayna\u011f\u0131d\u0131r. Y\u00d6K 2025 \u00dcniversite \u0130zleme ve De\u011ferlendirme Genel Raporunun sundu\u011fu bu veriler, \u00fcniversitemizde olu\u015fturdu\u011fumuz sosyal sorumluluk fark\u0131ndal\u0131\u011f\u0131n\u0131n ne kadar g\u00fc\u00e7l\u00fc oldu\u011funun kan\u0131t\u0131d\u0131r. Eme\u011fi ge\u00e7en t\u00fcm hocalar\u0131m\u0131z\u0131 ve gen\u00e7lerimizi g\u00f6n\u00fclden tebrik ediyorum\u201d dedi.<\/p>\n<p style=\"text-align: justify;\"><strong>\u201cE\u00dc 1233 sosyal sorumluluk projesi ile T\u00fcrkiye birincisi\u201d<\/strong><\/p>\n<p style=\"text-align: justify;\">Rapora g\u00f6re, sosyal sorumluluk projelerinin say\u0131s\u0131nda ge\u00e7ti\u011fimiz y\u0131la oranla \u00f6nemli bir art\u0131\u015f kaydedildi. B\u00fct\u00e7esi, hedefi ve somut \u00e7\u0131kt\u0131s\u0131 bulunan, en az iki ay s\u00fcren nitelikli projelerin de\u011ferlendirmeye al\u0131nd\u0131\u011f\u0131 s\u0131ralamada; 123 \u00fcniversite toplam 5 bin 839 projeyi ba\u015far\u0131yla tamamlad\u0131. Bu kategoride toplumsal katk\u0131 alan\u0131nda \u00fcstlendi\u011fi sorumlulukla dikkat \u00e7eken Ege \u00dcniversitesi, hayata ge\u00e7irdi\u011fi 1.233 proje ile T\u00fcrkiye birincisi oldu.<\/p>\n<p style=\"text-align: justify;\"><strong>\u201c\u00d6\u011frencilerin g\u00f6n\u00fcll\u00fcl\u00fck bilinci zirvede\u201d<\/strong><\/p>\n<p style=\"text-align: justify;\">\u00dcniversite \u00f6\u011frencilerinin toplumsal duyarl\u0131l\u0131\u011f\u0131n\u0131 \u00f6l\u00e7en ve gen\u00e7lerin aktif rol ald\u0131\u011f\u0131 projelerin s\u0131raland\u0131\u011f\u0131 listede Ege \u00dcniversitesi liderli\u011fi kimseye b\u0131rakmad\u0131. Gen\u00e7lerin toplumsal sorunlara y\u00f6nelik geli\u015ftirdi\u011fi projelerde Ege \u00dcniversitesi \u00f6\u011frencileri 1.991 proje ile a\u00e7\u0131k ara ilk s\u0131rada yer ald\u0131. Ege \u00dcniversitesi, elde etti\u011fi bu verilerle sadece e\u011fitim ve ara\u015ft\u0131rma alan\u0131nda de\u011fil, toplumla b\u00fct\u00fcnle\u015fme ve sosyal fayda \u00fcretme noktas\u0131nda da T\u00fcrkiye\u2019nin en g\u00fc\u00e7l\u00fc y\u00fcksek\u00f6\u011fretim kurumlar\u0131ndan biri oldu\u011funu bir kez daha kan\u0131tlad\u0131.<\/p>\n<div id='gallery-1' class='gallery galleryid-32581 gallery-columns-2 gallery-size-medium'><figure class='gallery-item'>\n\t\t\t<div class='gallery-icon landscape'>\n\t\t\t\t<a href='https:\/\/www.euegeajans.com\/wp-content\/uploads\/2026\/03\/3-24.jpg'><img loading=\"lazy\" decoding=\"async\" width=\"300\" height=\"169\" src=\"https:\/\/www.euegeajans.com\/wp-content\/uploads\/2026\/03\/3-24.jpg\" class=\"attachment-medium size-medium\" alt=\"\" \/><\/a>\n\t\t\t<\/div><\/figure><figure class='gallery-item'>\n\t\t\t<div class='gallery-icon landscape'>\n\t\t\t\t<a href='https:\/\/www.euegeajans.com\/wp-content\/uploads\/2026\/03\/2-24.jpg'><img loading=\"lazy\" decoding=\"async\" width=\"300\" height=\"169\" src=\"https:\/\/www.euegeajans.com\/wp-content\/uploads\/2026\/03\/2-24.jpg\" class=\"attachment-medium size-medium\" alt=\"\" \/><\/a>\n\t\t\t<\/div><\/figure>\n\t\t<\/div>\n\n","protected":false},"excerpt":{"rendered":"<p>*Y\u00fcksek\u00f6\u011fretim Kurulu (Y\u00d6K) taraf\u0131ndan yay\u0131mlanan 2025 \u00dcniversite \u0130zleme ve De\u011ferlendirme Genel Raporuna g\u00f6re Ege \u00dcniversitesi,&#8230;<\/p>\n","protected":false},"author":2,"featured_media":32584,"comment_status":"open","ping_status":"open","sticky":false,"template":"","format":"standard","meta":{"footnotes":""},"categories":[69,99,1,11],"tags":[],"class_list":["post-32581","post","type-post","status-publish","format-standard","has-post-thumbnail","hentry","category-bilim","category-egitim","category-gncl","category-haber"],"featured_image_urls":{"full":["https:\/\/www.euegeajans.com\/wp-content\/uploads\/2026\/03\/4-24.jpg",1920,1080,false],"thumbnail":["https:\/\/www.euegeajans.com\/wp-content\/uploads\/2026\/03\/4-24.jpg",150,84,false],"medium":["https:\/\/www.euegeajans.com\/wp-content\/uploads\/2026\/03\/4-24.jpg",300,169,false],"medium_large":["https:\/\/www.euegeajans.com\/wp-content\/uploads\/2026\/03\/4-24.jpg",640,360,false],"large":["https:\/\/www.euegeajans.com\/wp-content\/uploads\/2026\/03\/4-24.jpg",640,360,false],"1536x1536":["https:\/\/www.euegeajans.com\/wp-content\/uploads\/2026\/03\/4-24.jpg",1536,864,false],"2048x2048":["https:\/\/www.euegeajans.com\/wp-content\/uploads\/2026\/03\/4-24.jpg",1920,1080,false],"newsphere-slider-full":["https:\/\/www.euegeajans.com\/wp-content\/uploads\/2026\/03\/4-24.jpg",1280,720,false],"newsphere-featured":["https:\/\/www.euegeajans.com\/wp-content\/uploads\/2026\/03\/4-24.jpg",1024,576,false],"newsphere-medium":["https:\/\/www.euegeajans.com\/wp-content\/uploads\/2026\/03\/4-24.jpg",676,380,false]},"author_info":{"display_name":"Editor","author_link":"https:\/\/www.euegeajans.com\/index.php\/author\/editor\/"},"category_info":"<a href=\"https:\/\/www.euegeajans.com\/index.php\/category\/bilim\/\" rel=\"category tag\">Bilim<\/a> <a href=\"https:\/\/www.euegeajans.com\/index.php\/category\/egitim\/\" rel=\"category tag\">E\u011fitim<\/a> <a href=\"https:\/\/www.euegeajans.com\/index.php\/category\/gncl\/\" rel=\"category tag\">G\u00fcncel<\/a> <a href=\"https:\/\/www.euegeajans.com\/index.php\/category\/haber\/\" rel=\"category tag\">Haber<\/a>","tag_info":"Haber","comment_count":"0","_links":{"self":[{"href":"https:\/\/www.euegeajans.com\/index.php\/wp-json\/wp\/v2\/posts\/32581","targetHints":{"allow":["GET"]}}],"collection":[{"href":"https:\/\/www.euegeajans.com\/index.php\/wp-json\/wp\/v2\/posts"}],"about":[{"href":"https:\/\/www.euegeajans.com\/index.php\/wp-json\/wp\/v2\/types\/post"}],"author":[{"embeddable":true,"href":"https:\/\/www.euegeajans.com\/index.php\/wp-json\/wp\/v2\/users\/2"}],"replies":[{"embeddable":true,"href":"https:\/\/www.euegeajans.com\/index.php\/wp-json\/wp\/v2\/comments?post=32581"}],"version-history":[{"count":2,"href":"https:\/\/www.euegeajans.com\/index.php\/wp-json\/wp\/v2\/posts\/32581\/revisions"}],"predecessor-version":[{"id":32611,"href":"https:\/\/www.euegeajans.com\/index.php\/wp-json\/wp\/v2\/posts\/32581\/revisions\/32611"}],"wp:featuredmedia":[{"embeddable":true,"href":"https:\/\/www.euegeajans.com\/index.php\/wp-json\/wp\/v2\/media\/32584"}],"wp:attachment":[{"href":"https:\/\/www.euegeajans.com\/index.php\/wp-json\/wp\/v2\/media?parent=32581"}],"wp:term":[{"taxonomy":"category","embeddable":true,"href":"https:\/\/www.euegeajans.com\/index.php\/wp-json\/wp\/v2\/categories?post=32581"},{"taxonomy":"post_tag","embeddable":true,"href":"https:\/\/www.euegeajans.com\/index.php\/wp-json\/wp\/v2\/tags?post=32581"}],"curies":[{"name":"wp","href":"https:\/\/api.w.org\/{rel}","templated":true}]}}