{"id":32569,"date":"2026-03-13T03:56:00","date_gmt":"2026-03-13T03:56:00","guid":{"rendered":"https:\/\/www.euegeajans.com\/?p=32569"},"modified":"2026-03-13T08:59:16","modified_gmt":"2026-03-13T08:59:16","slug":"eude-tarihin-akisini-degistiren-mikroorganizmalar-soylesisi-duzenlendi","status":"publish","type":"post","link":"https:\/\/www.euegeajans.com\/index.php\/2026\/03\/13\/eude-tarihin-akisini-degistiren-mikroorganizmalar-soylesisi-duzenlendi\/","title":{"rendered":"E\u00dc\u2019de \u201cTarihin Ak\u0131\u015f\u0131n\u0131 De\u011fi\u015ftiren Mikroorganizmalar\u201d s\u00f6yle\u015fisi d\u00fczenlendi"},"content":{"rendered":"<p style=\"text-align: justify;\" align=\"right\">Eda Vatan- Seher Bozyel- Seray Sar\u0131ba\u015f<\/p>\n<p style=\"text-align: justify;\">Ege \u00dcniversitesi (E\u00dc) Etnografya M\u00fczesi, &#8220;Canl\u0131 Bilimi Perspektifinde K\u00fclt\u00fcr, Sanat ve Gastronomi S\u00f6yle\u015fileri&#8221; kapsam\u0131ndaki 4. etkinlik olan \u201cTarihin Ak\u0131\u015f\u0131n\u0131 De\u011fi\u015ftiren Mikroorganizmalar\u201d ba\u015fl\u0131kl\u0131 s\u00f6yle\u015fiye ev sahipli\u011fi yapt\u0131. \u00a0Etkinlikte, g\u00f6zle g\u00f6r\u00fclmeyen mikroorganizmalar\u0131n insanl\u0131k tarihindeki \u00e7\u0131\u011f\u0131r a\u00e7an sosyo-ekonomik etkileri ve bilim d\u00fcnyas\u0131ndaki merkezi konumlar\u0131 detayl\u0131 bir \u015fekilde ele al\u0131nd\u0131.<\/p>\n<p style=\"text-align: justify;\">Moderat\u00f6rl\u00fc\u011f\u00fcn\u00fc Fen Fak\u00fcltesi Biyoloji B\u00f6l\u00fcm\u00fc Temel ve End\u00fcstriyel Mikrobiyoloji Anabilim Dal\u0131 Ar\u015f. G\u00f6r. Dr. A. Esra Eren Ero\u011flu\u2019nun \u00fcstlendi\u011fi etkinli\u011fe, E\u00dc Fen Fak\u00fcltesi Biyoloji B\u00f6l\u00fcm\u00fc \u00f6\u011fretim \u00fcyesi Prof. Dr. \u0130hsan Ya\u015fa konu\u015fmac\u0131 olarak kat\u0131ld\u0131.<\/p>\n<p style=\"text-align: justify;\"><b>\u201c\u0130nsanl\u0131k tarihinin k\u0131r\u0131lma noktalar\u0131nda mikroorganizmalar\u0131n izi var\u201d<\/b><\/p>\n<p style=\"text-align: justify;\">Mikroorganizmalar\u0131n d\u00fcnyan\u0131n en eski canl\u0131lar\u0131 aras\u0131nda yer ald\u0131\u011f\u0131n\u0131 ifade eden Ya\u015fa, \u201cSan\u0131lan\u0131n aksine mikroorganizmalar sadece hastal\u0131klara neden olan ajanlar de\u011fildir. K\u00fclt\u00fcrden sanata, biyotabanl\u0131 teknolojik geli\u015fmelerden g\u00fcnl\u00fck ya\u015fam\u0131m\u0131za kadar pek \u00e7ok alanda \u00f6nemli bir rol oynarlar. \u0130nsanl\u0131k tarihini tam anlam\u0131yla kavrayabilmek i\u00e7in zaman zaman mikroskobik d\u00fcnyaya bakmak gerekir. \u00c7\u00fcnk\u00fc tarihsel k\u0131r\u0131lmalar\u0131n \u00f6nemli bir k\u0131sm\u0131n\u0131n arkas\u0131nda bu g\u00f6zle g\u00f6r\u00fclmeyen canl\u0131lar bulunur\u201d dedi.<\/p>\n<p style=\"text-align: justify;\">\u201c<b>Mikroorganizmalar bilimsel ke\u015fiflerde kilit rol oynam\u0131\u015ft\u0131r\u201d<\/b><\/p>\n<p style=\"text-align: justify;\">Tarih boyunca ya\u015fanan salg\u0131nlar\u0131n toplumlar\u0131n sosyal, ekonomik ve siyasi yap\u0131s\u0131n\u0131 derinden etkiledi\u011fini belirten Ya\u015fa, mikroorganizmalar\u0131n bilimsel ke\u015fiflerde de kilit rol oynad\u0131\u011f\u0131n\u0131 s\u00f6yledi. Ya\u015fa, \u201cGe\u00e7mi\u015fte ortaya \u00e7\u0131kan salg\u0131n hastal\u0131klar yaln\u0131zca sa\u011fl\u0131k alan\u0131n\u0131 de\u011fil, toplumlar\u0131n ya\u015fam bi\u00e7imini, ekonomisini ve hatta devletlerin kaderini de\u011fi\u015ftirmi\u015ftir. Bunun yan\u0131nda mikroorganizmalar \u00fczerine yap\u0131lan bilimsel \u00e7al\u0131\u015fmalar da modern bilimin geli\u015fiminde b\u00fcy\u00fck rol oynam\u0131\u015ft\u0131r. \u00d6rne\u011fin AIDS etmeni HIV\u2019in \u2018reverse transkripsiyon\u2019 mekanizmas\u0131n\u0131n ke\u015ffi, gen ifadelerinin anla\u015f\u0131lmas\u0131na katk\u0131 sa\u011flayarak \u00f6zellikle kanser ara\u015ft\u0131rmalar\u0131nda \u00f6nemli bir bilimsel kap\u0131 aralam\u0131\u015ft\u0131r. Mikroskobik d\u00fcnyada yap\u0131lan her yeni ke\u015fif, insanl\u0131\u011f\u0131n ve ekosistemin gelece\u011fini anlamam\u0131z a\u00e7\u0131s\u0131ndan b\u00fcy\u00fck \u00f6nem ta\u015f\u0131maktad\u0131r\u201d diye konu\u015ftu.<\/p>\n<p style=\"text-align: justify;\">Etkinli\u011fin sonunda, E.\u00dc. Etnografya M\u00fczesi M\u00fcd\u00fcr\u00fc Do\u00e7. Dr. Dilek Maktal Canko taraf\u0131ndan Ar. G\u00f6r. Dr. A. Esra Eren Ero\u011flu, Prof. Dr. \u0130hsan Ya\u015fa\u2019ya \u201cTe\u015fekk\u00fcr Belgesi\u201d takdim edildi.<\/p>\n<div id='gallery-1' class='gallery galleryid-32569 gallery-columns-3 gallery-size-medium'><figure class='gallery-item'>\n\t\t\t<div class='gallery-icon landscape'>\n\t\t\t\t<a href='https:\/\/www.euegeajans.com\/wp-content\/uploads\/2026\/03\/3-23.jpg'><img loading=\"lazy\" decoding=\"async\" width=\"300\" height=\"169\" src=\"https:\/\/www.euegeajans.com\/wp-content\/uploads\/2026\/03\/3-23.jpg\" class=\"attachment-medium size-medium\" alt=\"\" \/><\/a>\n\t\t\t<\/div><\/figure><figure class='gallery-item'>\n\t\t\t<div class='gallery-icon landscape'>\n\t\t\t\t<a href='https:\/\/www.euegeajans.com\/wp-content\/uploads\/2026\/03\/4-23.jpg'><img loading=\"lazy\" decoding=\"async\" width=\"300\" height=\"169\" src=\"https:\/\/www.euegeajans.com\/wp-content\/uploads\/2026\/03\/4-23.jpg\" class=\"attachment-medium size-medium\" alt=\"\" \/><\/a>\n\t\t\t<\/div><\/figure><figure class='gallery-item'>\n\t\t\t<div class='gallery-icon landscape'>\n\t\t\t\t<a href='https:\/\/www.euegeajans.com\/wp-content\/uploads\/2026\/03\/5-22.jpg'><img loading=\"lazy\" decoding=\"async\" width=\"300\" height=\"169\" src=\"https:\/\/www.euegeajans.com\/wp-content\/uploads\/2026\/03\/5-22.jpg\" class=\"attachment-medium size-medium\" alt=\"\" \/><\/a>\n\t\t\t<\/div><\/figure>\n\t\t<\/div>\n\n","protected":false},"excerpt":{"rendered":"<p>Eda Vatan- Seher Bozyel- Seray Sar\u0131ba\u015f Ege \u00dcniversitesi (E\u00dc) Etnografya M\u00fczesi, &#8220;Canl\u0131 Bilimi Perspektifinde K\u00fclt\u00fcr,&#8230;<\/p>\n","protected":false},"author":2,"featured_media":32570,"comment_status":"open","ping_status":"open","sticky":false,"template":"","format":"standard","meta":{"footnotes":""},"categories":[69,99,1,70],"tags":[],"class_list":["post-32569","post","type-post","status-publish","format-standard","has-post-thumbnail","hentry","category-bilim","category-egitim","category-gncl","category-kampus"],"featured_image_urls":{"full":["https:\/\/www.euegeajans.com\/wp-content\/uploads\/2026\/03\/2-23.jpg",1920,1080,false],"thumbnail":["https:\/\/www.euegeajans.com\/wp-content\/uploads\/2026\/03\/2-23.jpg",150,84,false],"medium":["https:\/\/www.euegeajans.com\/wp-content\/uploads\/2026\/03\/2-23.jpg",300,169,false],"medium_large":["https:\/\/www.euegeajans.com\/wp-content\/uploads\/2026\/03\/2-23.jpg",640,360,false],"large":["https:\/\/www.euegeajans.com\/wp-content\/uploads\/2026\/03\/2-23.jpg",640,360,false],"1536x1536":["https:\/\/www.euegeajans.com\/wp-content\/uploads\/2026\/03\/2-23.jpg",1536,864,false],"2048x2048":["https:\/\/www.euegeajans.com\/wp-content\/uploads\/2026\/03\/2-23.jpg",1920,1080,false],"newsphere-slider-full":["https:\/\/www.euegeajans.com\/wp-content\/uploads\/2026\/03\/2-23.jpg",1280,720,false],"newsphere-featured":["https:\/\/www.euegeajans.com\/wp-content\/uploads\/2026\/03\/2-23.jpg",1024,576,false],"newsphere-medium":["https:\/\/www.euegeajans.com\/wp-content\/uploads\/2026\/03\/2-23.jpg",676,380,false]},"author_info":{"display_name":"Editor","author_link":"https:\/\/www.euegeajans.com\/index.php\/author\/editor\/"},"category_info":"<a href=\"https:\/\/www.euegeajans.com\/index.php\/category\/bilim\/\" rel=\"category tag\">Bilim<\/a> <a href=\"https:\/\/www.euegeajans.com\/index.php\/category\/egitim\/\" rel=\"category tag\">E\u011fitim<\/a> <a href=\"https:\/\/www.euegeajans.com\/index.php\/category\/gncl\/\" rel=\"category tag\">G\u00fcncel<\/a> <a href=\"https:\/\/www.euegeajans.com\/index.php\/category\/kampus\/\" rel=\"category tag\">Kamp\u00fcs<\/a>","tag_info":"Kamp\u00fcs","comment_count":"0","_links":{"self":[{"href":"https:\/\/www.euegeajans.com\/index.php\/wp-json\/wp\/v2\/posts\/32569","targetHints":{"allow":["GET"]}}],"collection":[{"href":"https:\/\/www.euegeajans.com\/index.php\/wp-json\/wp\/v2\/posts"}],"about":[{"href":"https:\/\/www.euegeajans.com\/index.php\/wp-json\/wp\/v2\/types\/post"}],"author":[{"embeddable":true,"href":"https:\/\/www.euegeajans.com\/index.php\/wp-json\/wp\/v2\/users\/2"}],"replies":[{"embeddable":true,"href":"https:\/\/www.euegeajans.com\/index.php\/wp-json\/wp\/v2\/comments?post=32569"}],"version-history":[{"count":1,"href":"https:\/\/www.euegeajans.com\/index.php\/wp-json\/wp\/v2\/posts\/32569\/revisions"}],"predecessor-version":[{"id":32574,"href":"https:\/\/www.euegeajans.com\/index.php\/wp-json\/wp\/v2\/posts\/32569\/revisions\/32574"}],"wp:featuredmedia":[{"embeddable":true,"href":"https:\/\/www.euegeajans.com\/index.php\/wp-json\/wp\/v2\/media\/32570"}],"wp:attachment":[{"href":"https:\/\/www.euegeajans.com\/index.php\/wp-json\/wp\/v2\/media?parent=32569"}],"wp:term":[{"taxonomy":"category","embeddable":true,"href":"https:\/\/www.euegeajans.com\/index.php\/wp-json\/wp\/v2\/categories?post=32569"},{"taxonomy":"post_tag","embeddable":true,"href":"https:\/\/www.euegeajans.com\/index.php\/wp-json\/wp\/v2\/tags?post=32569"}],"curies":[{"name":"wp","href":"https:\/\/api.w.org\/{rel}","templated":true}]}}