{"id":32548,"date":"2026-03-13T05:19:00","date_gmt":"2026-03-13T05:19:00","guid":{"rendered":"https:\/\/www.euegeajans.com\/?p=32548"},"modified":"2026-03-13T07:23:07","modified_gmt":"2026-03-13T07:23:07","slug":"egeli-iletisimcilere-tubitak-projeleri-bilgilendirme-egitimi-verildi","status":"publish","type":"post","link":"https:\/\/www.euegeajans.com\/index.php\/2026\/03\/13\/egeli-iletisimcilere-tubitak-projeleri-bilgilendirme-egitimi-verildi\/","title":{"rendered":"Egeli ileti\u015fimcilere T\u00dcB\u0130TAK projeleri bilgilendirme e\u011fitimi verildi"},"content":{"rendered":"<p style=\"text-align: justify;\" align=\"right\">Foto\u011fraf: Ekrem Ya\u015far \u00d6yk\u00fc Nida Kukuk<\/p>\n<p style=\"text-align: justify;\" align=\"right\">Haber: Gizel Melisa Ko\u00e7 \u2013 F. Sude Eser<\/p>\n<p style=\"text-align: justify;\">Ege \u00dcniversitesinde, \u00f6\u011frencilerin bilimsel ara\u015ft\u0131rma k\u00fclt\u00fcr\u00fcyle daha erken d\u00f6nemde tan\u0131\u015fmalar\u0131n\u0131 sa\u011flamak ve proje \u00fcretme motivasyonlar\u0131n\u0131 art\u0131rmak amac\u0131yla \u201cT\u00dcB\u0130TAK 2209-A ve 2209-B Projeleri Fark\u0131ndal\u0131k ve Bilgilendirme E\u011fitimi\u201d ger\u00e7ekle\u015ftirildi. Ara\u015ft\u0131rma Odakl\u0131 \u00d6\u011frenci Merkez Birimi (AROM) ile \u00d6\u011frenci Koordinat\u00f6rl\u00fc\u011f\u00fc i\u015f birli\u011finde d\u00fczenlenen e\u011fitim, E\u00dc \u0130leti\u015fim Fak\u00fcltesinde yap\u0131ld\u0131.<\/p>\n<p style=\"text-align: justify;\">\u0130leti\u015fim Fak\u00fcltesi Yeni Medya ve \u0130leti\u015fim B\u00f6l\u00fcm\u00fc \u00f6\u011fretim \u00fcyesi Do\u00e7. Dr. Emel Ku\u015fku \u00d6zdemir\u2019in koordinat\u00f6rl\u00fc\u011f\u00fcnde \u201cToplum Hizmet Uygulamalar\u0131\u201d dersi kapsam\u0131nda ger\u00e7ekle\u015ftirilen s\u00f6yle\u015fiye, AROM Proje Y\u00fcr\u00fct\u00fcc\u00fcs\u00fc Irmak Y\u0131ld\u0131r\u0131m konuk oldu. S\u00f6yle\u015fide, T\u00dcB\u0130TAK 2209-A ve 2209-B \u00f6\u011frenci projelerinin \u00f6nemi, ba\u015fvuru s\u00fcre\u00e7leri ve proje haz\u0131rlama a\u015famalar\u0131na ili\u015fkin bilgiler payla\u015f\u0131ld\u0131.<\/p>\n<p style=\"text-align: justify;\">AROM Proje Y\u00fcr\u00fct\u00fcc\u00fcs\u00fc Irmak Y\u0131ld\u0131r\u0131m, \u00f6\u011frencilerin kendi ilgi alanlar\u0131 do\u011frultusunda \u00f6zg\u00fcn \u00e7al\u0131\u015fmalar ortaya koyabileceklerini s\u00f6yledi. Y\u0131ld\u0131r\u0131m, \u201cKendi b\u00f6l\u00fcm\u00fcm\u00fcz ve ilgi alanlar\u0131m\u0131z dahilinde, yarat\u0131c\u0131 fikirlerimizi bilimsel bir metodolojiyle birle\u015ftirerek \u00e7ok say\u0131da proje \u00fcretebiliriz. T\u00dcB\u0130TAK 2209-A \u00dcniversite \u00d6\u011frencileri Ara\u015ft\u0131rma Projeleri ve 2209-B Sanayiye Y\u00f6nelik Lisans Ara\u015ft\u0131rma Projeleri programlar\u0131 aras\u0131ndaki temel farklara bakt\u0131\u011f\u0131m\u0131zda, her iki program\u0131n da toplumsal ya da sanayi odakl\u0131 bir problemi \u00e7\u00f6zmeyi ama\u00e7lad\u0131\u011f\u0131n\u0131 g\u00f6r\u00fcyoruz. \u00d6zellikle S\u00fcrd\u00fcr\u00fclebilir Kalk\u0131nma Ama\u00e7lar\u0131 \u00e7er\u00e7evesinde haz\u0131rlanan projeler \u00f6ncelikli olarak de\u011ferlendiriliyor. T\u00dcB\u0130TAK sizden sadece bir \u00fcr\u00fcn ortaya koyman\u0131z\u0131 de\u011fil, bu s\u00fcreci takvime uygun, risk y\u00f6netimi yap\u0131lm\u0131\u015f ve somut verilere dayal\u0131 bir plan dahilinde y\u00fcr\u00fctmenizi bekliyor. Burada \u00f6nemli olan \u00f6zg\u00fcn bir de\u011fer yaratmak ve projenin yayg\u0131n etkisini g\u00fc\u00e7lendirmektir\u201d dedi.<\/p>\n<p style=\"text-align: justify;\"><b>\u201cBu projeler CV\u2019niz i\u00e7in g\u00fc\u00e7l\u00fc bir referanst\u0131r\u201d<\/b><\/p>\n<p style=\"text-align: justify;\">Sunumunda b\u00fct\u00e7e y\u00f6netimi, etik kurul izinleri ve ba\u015fvuru belgeleri gibi teknik s\u00fcre\u00e7lere de de\u011finen Irmak Y\u0131ld\u0131r\u0131m, proje haz\u0131rlaman\u0131n \u00f6nemli bir s\u00fcre\u00e7 y\u00f6netimi deneyimi oldu\u011funu ifade etti. Y\u0131ld\u0131r\u0131m \u201cProjelerin, CV ve kariyer basamaklar\u0131ndaki katk\u0131s\u0131 \u00e7oktur. Proje y\u00fcr\u00fctmek; planlama, zaman y\u00f6netimi ve sorumluluk alma gibi beceriler kazand\u0131r\u0131yor. Bu projeler CV\u2019nizde yer alacak en g\u00fc\u00e7l\u00fc referanslardan biridir. \u00d6zellikle y\u00fcksek lisans ve doktora s\u00fcre\u00e7lerinde ge\u00e7mi\u015fte bir T\u00dcB\u0130TAK projesinde y\u00fcr\u00fct\u00fcc\u00fc ya da ortak olarak yer almak akademik ilerlemede b\u00fcy\u00fck avantaj sa\u011fl\u0131yor. T\u00fcm \u00f6\u011frencileri yarat\u0131c\u0131l\u0131klar\u0131n\u0131 s\u0131n\u0131rland\u0131rmadan, \u00f6zg\u00fcn fikirlerini projeye d\u00f6n\u00fc\u015ft\u00fcrmeye davet ediyorum\u201d dedi.<\/p>\n<div id='gallery-1' class='gallery galleryid-32548 gallery-columns-3 gallery-size-medium'><figure class='gallery-item'>\n\t\t\t<div class='gallery-icon landscape'>\n\t\t\t\t<a href='https:\/\/www.euegeajans.com\/wp-content\/uploads\/2026\/03\/3-21.jpg'><img loading=\"lazy\" decoding=\"async\" width=\"300\" height=\"169\" src=\"https:\/\/www.euegeajans.com\/wp-content\/uploads\/2026\/03\/3-21.jpg\" class=\"attachment-medium size-medium\" alt=\"\" \/><\/a>\n\t\t\t<\/div><\/figure><figure class='gallery-item'>\n\t\t\t<div class='gallery-icon landscape'>\n\t\t\t\t<a href='https:\/\/www.euegeajans.com\/wp-content\/uploads\/2026\/03\/5-20.jpg'><img loading=\"lazy\" decoding=\"async\" width=\"300\" height=\"169\" src=\"https:\/\/www.euegeajans.com\/wp-content\/uploads\/2026\/03\/5-20.jpg\" class=\"attachment-medium size-medium\" alt=\"\" \/><\/a>\n\t\t\t<\/div><\/figure><figure class='gallery-item'>\n\t\t\t<div class='gallery-icon landscape'>\n\t\t\t\t<a href='https:\/\/www.euegeajans.com\/wp-content\/uploads\/2026\/03\/4-21.jpg'><img loading=\"lazy\" decoding=\"async\" width=\"300\" height=\"169\" src=\"https:\/\/www.euegeajans.com\/wp-content\/uploads\/2026\/03\/4-21.jpg\" class=\"attachment-medium size-medium\" alt=\"\" \/><\/a>\n\t\t\t<\/div><\/figure>\n\t\t<\/div>\n\n<p style=\"text-align: justify;\">\n<p style=\"text-align: justify;\"><span style=\"color: #888888;\">&#8212;<\/span><\/p>\n","protected":false},"excerpt":{"rendered":"<p>Foto\u011fraf: Ekrem Ya\u015far \u00d6yk\u00fc Nida Kukuk Haber: Gizel Melisa Ko\u00e7 \u2013 F. Sude Eser Ege&#8230;<\/p>\n","protected":false},"author":2,"featured_media":32549,"comment_status":"open","ping_status":"open","sticky":false,"template":"","format":"standard","meta":{"footnotes":""},"categories":[99,1,304,70],"tags":[],"class_list":["post-32548","post","type-post","status-publish","format-standard","has-post-thumbnail","hentry","category-egitim","category-gncl","category-iletisim","category-kampus"],"featured_image_urls":{"full":["https:\/\/www.euegeajans.com\/wp-content\/uploads\/2026\/03\/2-21.jpg",1920,1080,false],"thumbnail":["https:\/\/www.euegeajans.com\/wp-content\/uploads\/2026\/03\/2-21.jpg",150,84,false],"medium":["https:\/\/www.euegeajans.com\/wp-content\/uploads\/2026\/03\/2-21.jpg",300,169,false],"medium_large":["https:\/\/www.euegeajans.com\/wp-content\/uploads\/2026\/03\/2-21.jpg",640,360,false],"large":["https:\/\/www.euegeajans.com\/wp-content\/uploads\/2026\/03\/2-21.jpg",640,360,false],"1536x1536":["https:\/\/www.euegeajans.com\/wp-content\/uploads\/2026\/03\/2-21.jpg",1536,864,false],"2048x2048":["https:\/\/www.euegeajans.com\/wp-content\/uploads\/2026\/03\/2-21.jpg",1920,1080,false],"newsphere-slider-full":["https:\/\/www.euegeajans.com\/wp-content\/uploads\/2026\/03\/2-21.jpg",1280,720,false],"newsphere-featured":["https:\/\/www.euegeajans.com\/wp-content\/uploads\/2026\/03\/2-21.jpg",1024,576,false],"newsphere-medium":["https:\/\/www.euegeajans.com\/wp-content\/uploads\/2026\/03\/2-21.jpg",676,380,false]},"author_info":{"display_name":"Editor","author_link":"https:\/\/www.euegeajans.com\/index.php\/author\/editor\/"},"category_info":"<a href=\"https:\/\/www.euegeajans.com\/index.php\/category\/egitim\/\" rel=\"category tag\">E\u011fitim<\/a> <a href=\"https:\/\/www.euegeajans.com\/index.php\/category\/gncl\/\" rel=\"category tag\">G\u00fcncel<\/a> <a href=\"https:\/\/www.euegeajans.com\/index.php\/category\/iletisim\/\" rel=\"category tag\">\u0130leti\u015fim<\/a> <a href=\"https:\/\/www.euegeajans.com\/index.php\/category\/kampus\/\" rel=\"category tag\">Kamp\u00fcs<\/a>","tag_info":"Kamp\u00fcs","comment_count":"0","_links":{"self":[{"href":"https:\/\/www.euegeajans.com\/index.php\/wp-json\/wp\/v2\/posts\/32548","targetHints":{"allow":["GET"]}}],"collection":[{"href":"https:\/\/www.euegeajans.com\/index.php\/wp-json\/wp\/v2\/posts"}],"about":[{"href":"https:\/\/www.euegeajans.com\/index.php\/wp-json\/wp\/v2\/types\/post"}],"author":[{"embeddable":true,"href":"https:\/\/www.euegeajans.com\/index.php\/wp-json\/wp\/v2\/users\/2"}],"replies":[{"embeddable":true,"href":"https:\/\/www.euegeajans.com\/index.php\/wp-json\/wp\/v2\/comments?post=32548"}],"version-history":[{"count":1,"href":"https:\/\/www.euegeajans.com\/index.php\/wp-json\/wp\/v2\/posts\/32548\/revisions"}],"predecessor-version":[{"id":32553,"href":"https:\/\/www.euegeajans.com\/index.php\/wp-json\/wp\/v2\/posts\/32548\/revisions\/32553"}],"wp:featuredmedia":[{"embeddable":true,"href":"https:\/\/www.euegeajans.com\/index.php\/wp-json\/wp\/v2\/media\/32549"}],"wp:attachment":[{"href":"https:\/\/www.euegeajans.com\/index.php\/wp-json\/wp\/v2\/media?parent=32548"}],"wp:term":[{"taxonomy":"category","embeddable":true,"href":"https:\/\/www.euegeajans.com\/index.php\/wp-json\/wp\/v2\/categories?post=32548"},{"taxonomy":"post_tag","embeddable":true,"href":"https:\/\/www.euegeajans.com\/index.php\/wp-json\/wp\/v2\/tags?post=32548"}],"curies":[{"name":"wp","href":"https:\/\/api.w.org\/{rel}","templated":true}]}}