{"id":32537,"date":"2026-03-13T07:01:26","date_gmt":"2026-03-13T07:01:26","guid":{"rendered":"https:\/\/www.euegeajans.com\/?p=32537"},"modified":"2026-03-13T07:07:35","modified_gmt":"2026-03-13T07:07:35","slug":"uca-daglar-anadolunun-kulturel-mirasini-sahneye-tasidi","status":"publish","type":"post","link":"https:\/\/www.euegeajans.com\/index.php\/2026\/03\/13\/uca-daglar-anadolunun-kulturel-mirasini-sahneye-tasidi\/","title":{"rendered":"\u201cUca Da\u011flar\u201d Anadolu\u2019nun k\u00fclt\u00fcrel miras\u0131n\u0131 sahneye ta\u015f\u0131d\u0131"},"content":{"rendered":"<p style=\"text-align: justify;\">*Ege \u00dcniversitesi Ekin Dans Toplulu\u011fu taraf\u0131ndan sahnelenen \u201cUca Da\u011flar\u201d geleneksel dans anlat\u0131s\u0131, Erzurum\u2019dan Ardahan\u2019a uzanan zengin k\u00fclt\u00fcrel birikimi muhte\u015fem bir g\u00f6rsel \u015f\u00f6lenle sanatseverlerle bulu\u015fturdu.<\/p>\n<p style=\"text-align: justify;\">Ege \u00dcniversitesi Devlet T\u00fcrk Musikisi Konservatuvar\u0131 T\u00fcrk Halk Oyunlar\u0131 B\u00f6l\u00fcm\u00fc \u00f6\u011fretim elemanlar\u0131 taraf\u0131ndan haz\u0131rlanan ve b\u00f6l\u00fcm \u00f6\u011frencilerinden olu\u015fan Ekin Dans Toplulu\u011fu\u2019nun sahneledi\u011fi \u201cUca Da\u011flar\u201d adl\u0131 geleneksel dans anlat\u0131s\u0131, E\u00dc Prof. Dr. Yusuf Vardar M\u00d6TBE K\u00fclt\u00fcr Merkezi\u2019nde ger\u00e7ekle\u015ftirildi.<\/p>\n<p style=\"text-align: justify;\">\u00a0Erzurum, Kars, Ardahan ve A\u011fr\u0131 y\u00f6relerinin halk danslar\u0131n\u0131 ve m\u00fcziklerini \u00f6zg\u00fcn bir koreografiyle sahneye ta\u015f\u0131yan g\u00f6steriye; Ege \u00dcniversitesi Rekt\u00f6r\u00fc Prof. Dr. Musa Alc\u0131, Konservatuvar y\u00f6netimi, akademisyenler, \u00f6\u011frenciler ve \u00e7ok say\u0131da sanatsever kat\u0131ld\u0131.<\/p>\n<p style=\"text-align: justify;\">\u201cUca Da\u011flar\u201d projesi, T\u00fcrk Halk Oyunlar\u0131 B\u00f6l\u00fcm\u00fc \u00f6\u011fretim elemanlar\u0131 ile Ekin Dans Toplulu\u011fu \u00fcyelerinin titiz \u00e7al\u0131\u015fmalar\u0131yla hayat buldu. Y\u00f6netmenli\u011fini Devlet T\u00fcrk Musikisi Konservatuvar\u0131 T\u00fcrk Halk Oyunlar\u0131 B\u00f6l\u00fcm\u00fc T\u00fcrk Halk Oyunlar\u0131 \u00d6\u011freticili\u011fi Anasanat \u00f6\u011fretim \u00fcyesi Dal\u0131 Do\u00e7. Dr. Bora Okdan\u2019\u0131n, m\u00fczik direkt\u00f6rl\u00fc\u011f\u00fcn\u00fc ise Devlet T\u00fcrk Musikisi Konservatuvar\u0131 T\u00fcrk Halk Oyunlar\u0131 B\u00f6l\u00fcm\u00fc T\u00fcrk Halk Oyunlar\u0131 \u0130cra Anasanat Dal\u0131 Dr. Ahmet Serdar Kastelli\u2019nin \u00fcstlendi\u011fi anlat\u0131da; Do\u011fu Anadolu\u2019nun k\u00fclt\u00fcrel dokusu geleneksel danslar\u0131n esteti\u011fiyle birle\u015fti. Erzurum, Kars, A\u011fr\u0131 ve Ardahan y\u00f6relerine ait halk oyunlar\u0131, y\u00f6resel kost\u00fcmler ve \u00f6zel m\u00fczik d\u00fczenlemeleri e\u015fli\u011finde izleyicilere sunuldu. G\u00f6steri, sahne d\u00fczeni ve g\u00f6rsel performans\u0131yla izleyenlerden tam not ald\u0131.<\/p>\n<p style=\"text-align: justify;\"><b>\u201cOyunlar\u0131 do\u011fdu\u011fu topraklara g\u00f6t\u00fcrd\u00fck\u201d<\/b><\/p>\n<p style=\"text-align: justify;\">Projenin detaylar\u0131 hakk\u0131nda bilgi veren Ege \u00dcniversitesi Devlet T\u00fcrk Musikisi Konservatuvar\u0131 T\u00fcrk Halk Oyunlar\u0131 B\u00f6l\u00fcm\u00fc Ekin Dans Toplulu\u011fu Genel Koordinat\u00f6r\u00fc Prof. Dr. Mehmet \u00d6cal \u00d6zbilgin, projenin iki y\u0131ll\u0131k bir eme\u011fin \u00fcr\u00fcn\u00fc oldu\u011funu vurgulad\u0131. Prof. Dr. \u00d6zbilgin, \u201cHem Hakk\u00e2ri, hem A\u011fr\u0131, hem Kars hem de Erzurum\u2019u konu alan, da\u011flar\u0131n etraf\u0131nda k\u00fclt\u00fcrlenen halk danslar\u0131yla beraber o k\u00fclt\u00fcr\u00fc anlatmaya \u00e7al\u0131\u015ft\u0131k. Bunu sadece bir dans g\u00f6sterisi halinde de\u011fil de bir dans tiyatrosu \u015feklinde anlat\u0131m\u0131n\u0131 sunmaya \u00e7al\u0131\u015ft\u0131k. G\u00f6sterimizde 80 \u00f6\u011frencimiz g\u00f6rev ald\u0131. T\u00fcrk Halk Oyunlar\u0131 B\u00f6l\u00fcm\u00fc\u2019n\u00fcn 15 hocas\u0131yla beraber bu projeyi hayata ge\u00e7irdik. Bizim i\u00e7in \u00e7ok \u00f6nemli olan bir \u015feyi ba\u015fard\u0131k; oyunlar\u0131 do\u011fdu\u011fu topraklara g\u00f6t\u00fcrd\u00fck. Hem Kars\u2019ta hem Erzurum\u2019da g\u00f6steriler yaparak kendi vatanda\u015flar\u0131na kendi oyunlar\u0131n\u0131 tekrar kendi k\u00fclt\u00fcrleriyle anlatmaya \u00e7al\u0131\u015ft\u0131k. O y\u00fczden bu projeyi \u00e7ok \u00f6nemsiyoruz. Anadolu\u2019nun her co\u011frafyas\u0131n\u0131n ne kadar k\u0131ymetli ve g\u00fczel oldu\u011funu anlatmay\u0131 hedefledik\u201d diye konu\u015ftu.<\/p>\n<p style=\"text-align: justify;\">Gecenin sonunda, Ege \u00dcniversitesi Rekt\u00f6r\u00fc Prof. Dr. Musa Alc\u0131, sergilenen ba\u015far\u0131l\u0131 performans\u0131n an\u0131s\u0131na Do\u00e7. Dr. Bora Okdan ile Ekin Dans Toplulu\u011funu temsilen bir \u00f6\u011frenciye \u00e7i\u00e7ek takdim ederek ba\u015far\u0131lar\u0131n\u0131n devam\u0131n\u0131 diledi.<\/p>\n<div id='gallery-1' class='gallery galleryid-32537 gallery-columns-3 gallery-size-medium'><figure class='gallery-item'>\n\t\t\t<div class='gallery-icon landscape'>\n\t\t\t\t<a href='https:\/\/www.euegeajans.com\/wp-content\/uploads\/2026\/03\/9-2.jpg'><img loading=\"lazy\" decoding=\"async\" width=\"300\" height=\"169\" src=\"https:\/\/www.euegeajans.com\/wp-content\/uploads\/2026\/03\/9-2.jpg\" class=\"attachment-medium size-medium\" alt=\"\" \/><\/a>\n\t\t\t<\/div><\/figure><figure class='gallery-item'>\n\t\t\t<div class='gallery-icon landscape'>\n\t\t\t\t<a href='https:\/\/www.euegeajans.com\/wp-content\/uploads\/2026\/03\/2-20.jpg'><img loading=\"lazy\" decoding=\"async\" width=\"300\" height=\"169\" src=\"https:\/\/www.euegeajans.com\/wp-content\/uploads\/2026\/03\/2-20.jpg\" class=\"attachment-medium size-medium\" alt=\"\" \/><\/a>\n\t\t\t<\/div><\/figure><figure class='gallery-item'>\n\t\t\t<div class='gallery-icon landscape'>\n\t\t\t\t<a href='https:\/\/www.euegeajans.com\/wp-content\/uploads\/2026\/03\/4-19.jpg'><img loading=\"lazy\" decoding=\"async\" width=\"300\" height=\"169\" src=\"https:\/\/www.euegeajans.com\/wp-content\/uploads\/2026\/03\/4-19.jpg\" class=\"attachment-medium size-medium\" alt=\"\" \/><\/a>\n\t\t\t<\/div><\/figure><figure class='gallery-item'>\n\t\t\t<div class='gallery-icon landscape'>\n\t\t\t\t<a href='https:\/\/www.euegeajans.com\/wp-content\/uploads\/2026\/03\/5-19.jpg'><img loading=\"lazy\" decoding=\"async\" width=\"300\" height=\"169\" src=\"https:\/\/www.euegeajans.com\/wp-content\/uploads\/2026\/03\/5-19.jpg\" class=\"attachment-medium size-medium\" alt=\"\" \/><\/a>\n\t\t\t<\/div><\/figure><figure class='gallery-item'>\n\t\t\t<div class='gallery-icon landscape'>\n\t\t\t\t<a href='https:\/\/www.euegeajans.com\/wp-content\/uploads\/2026\/03\/7-10.jpg'><img loading=\"lazy\" decoding=\"async\" width=\"300\" height=\"169\" src=\"https:\/\/www.euegeajans.com\/wp-content\/uploads\/2026\/03\/7-10.jpg\" class=\"attachment-medium size-medium\" alt=\"\" \/><\/a>\n\t\t\t<\/div><\/figure><figure class='gallery-item'>\n\t\t\t<div class='gallery-icon landscape'>\n\t\t\t\t<a href='https:\/\/www.euegeajans.com\/wp-content\/uploads\/2026\/03\/8-2.jpg'><img loading=\"lazy\" decoding=\"async\" width=\"300\" height=\"169\" src=\"https:\/\/www.euegeajans.com\/wp-content\/uploads\/2026\/03\/8-2.jpg\" class=\"attachment-medium size-medium\" alt=\"\" \/><\/a>\n\t\t\t<\/div><\/figure>\n\t\t<\/div>\n\n","protected":false},"excerpt":{"rendered":"<p>*Ege \u00dcniversitesi Ekin Dans Toplulu\u011fu taraf\u0131ndan sahnelenen \u201cUca Da\u011flar\u201d geleneksel dans anlat\u0131s\u0131, Erzurum\u2019dan Ardahan\u2019a uzanan&#8230;<\/p>\n","protected":false},"author":2,"featured_media":32538,"comment_status":"open","ping_status":"open","sticky":false,"template":"","format":"standard","meta":{"footnotes":""},"categories":[99,1,70,540],"tags":[],"class_list":["post-32537","post","type-post","status-publish","format-standard","has-post-thumbnail","hentry","category-egitim","category-gncl","category-kampus","category-kultur-sanat"],"featured_image_urls":{"full":["https:\/\/www.euegeajans.com\/wp-content\/uploads\/2026\/03\/UCA-DAGLAR.jpg",1920,1080,false],"thumbnail":["https:\/\/www.euegeajans.com\/wp-content\/uploads\/2026\/03\/UCA-DAGLAR.jpg",150,84,false],"medium":["https:\/\/www.euegeajans.com\/wp-content\/uploads\/2026\/03\/UCA-DAGLAR.jpg",300,169,false],"medium_large":["https:\/\/www.euegeajans.com\/wp-content\/uploads\/2026\/03\/UCA-DAGLAR.jpg",640,360,false],"large":["https:\/\/www.euegeajans.com\/wp-content\/uploads\/2026\/03\/UCA-DAGLAR.jpg",640,360,false],"1536x1536":["https:\/\/www.euegeajans.com\/wp-content\/uploads\/2026\/03\/UCA-DAGLAR.jpg",1536,864,false],"2048x2048":["https:\/\/www.euegeajans.com\/wp-content\/uploads\/2026\/03\/UCA-DAGLAR.jpg",1920,1080,false],"newsphere-slider-full":["https:\/\/www.euegeajans.com\/wp-content\/uploads\/2026\/03\/UCA-DAGLAR.jpg",1280,720,false],"newsphere-featured":["https:\/\/www.euegeajans.com\/wp-content\/uploads\/2026\/03\/UCA-DAGLAR.jpg",1024,576,false],"newsphere-medium":["https:\/\/www.euegeajans.com\/wp-content\/uploads\/2026\/03\/UCA-DAGLAR.jpg",676,380,false]},"author_info":{"display_name":"Editor","author_link":"https:\/\/www.euegeajans.com\/index.php\/author\/editor\/"},"category_info":"<a href=\"https:\/\/www.euegeajans.com\/index.php\/category\/egitim\/\" rel=\"category tag\">E\u011fitim<\/a> <a href=\"https:\/\/www.euegeajans.com\/index.php\/category\/gncl\/\" rel=\"category tag\">G\u00fcncel<\/a> <a href=\"https:\/\/www.euegeajans.com\/index.php\/category\/kampus\/\" rel=\"category tag\">Kamp\u00fcs<\/a> <a href=\"https:\/\/www.euegeajans.com\/index.php\/category\/kultur-sanat\/\" rel=\"category tag\">K\u00fclt\u00fcr - Sanat<\/a>","tag_info":"K\u00fclt\u00fcr - Sanat","comment_count":"0","_links":{"self":[{"href":"https:\/\/www.euegeajans.com\/index.php\/wp-json\/wp\/v2\/posts\/32537","targetHints":{"allow":["GET"]}}],"collection":[{"href":"https:\/\/www.euegeajans.com\/index.php\/wp-json\/wp\/v2\/posts"}],"about":[{"href":"https:\/\/www.euegeajans.com\/index.php\/wp-json\/wp\/v2\/types\/post"}],"author":[{"embeddable":true,"href":"https:\/\/www.euegeajans.com\/index.php\/wp-json\/wp\/v2\/users\/2"}],"replies":[{"embeddable":true,"href":"https:\/\/www.euegeajans.com\/index.php\/wp-json\/wp\/v2\/comments?post=32537"}],"version-history":[{"count":2,"href":"https:\/\/www.euegeajans.com\/index.php\/wp-json\/wp\/v2\/posts\/32537\/revisions"}],"predecessor-version":[{"id":32547,"href":"https:\/\/www.euegeajans.com\/index.php\/wp-json\/wp\/v2\/posts\/32537\/revisions\/32547"}],"wp:featuredmedia":[{"embeddable":true,"href":"https:\/\/www.euegeajans.com\/index.php\/wp-json\/wp\/v2\/media\/32538"}],"wp:attachment":[{"href":"https:\/\/www.euegeajans.com\/index.php\/wp-json\/wp\/v2\/media?parent=32537"}],"wp:term":[{"taxonomy":"category","embeddable":true,"href":"https:\/\/www.euegeajans.com\/index.php\/wp-json\/wp\/v2\/categories?post=32537"},{"taxonomy":"post_tag","embeddable":true,"href":"https:\/\/www.euegeajans.com\/index.php\/wp-json\/wp\/v2\/tags?post=32537"}],"curies":[{"name":"wp","href":"https:\/\/api.w.org\/{rel}","templated":true}]}}