{"id":32531,"date":"2026-03-12T13:34:09","date_gmt":"2026-03-12T13:34:09","guid":{"rendered":"https:\/\/www.euegeajans.com\/?p=32531"},"modified":"2026-03-12T13:34:10","modified_gmt":"2026-03-12T13:34:10","slug":"prof-dr-gokcek-mehmet-akif-istiklal-ruhunun-edebi-bayraktarligini-ustlenmistir","status":"publish","type":"post","link":"https:\/\/www.euegeajans.com\/index.php\/2026\/03\/12\/prof-dr-gokcek-mehmet-akif-istiklal-ruhunun-edebi-bayraktarligini-ustlenmistir\/","title":{"rendered":"Prof. Dr. G\u00f6k\u00e7ek, \u201cMehmet Akif \u2018istiklal\u2019 ruhunun edebi bayraktarl\u0131\u011f\u0131n\u0131 \u00fcstlenmi\u015ftir\u201d"},"content":{"rendered":"<p style=\"text-align: justify;\"><strong>\u00a0E\u00dc\u2019de \u0130stiklal Mar\u015f\u0131n\u0131n kabul\u00fcn\u00fcn 105. y\u0131l\u0131nda Milli \u015eair Mehmet Akif Ersoy an\u0131ld\u0131<\/strong><\/p>\n<p style=\"text-align: justify;\">* Prof. Dr. Faz\u0131l G\u00f6k\u00e7ek, \u201cMehmet Akif, kurtulu\u015fu simgeleyen \u2018istiklal\u2019 ile \u00e7\u00f6k\u00fc\u015f\u00fc ifade eden \u2018izmihlal\u2019 kavramlar\u0131n\u0131 e\u015fsiz bir ustal\u0131kla kar\u015f\u0131 kar\u015f\u0131ya getirerek ve istiklalden ba\u015fka bir se\u00e7ene\u011fin bulunmad\u0131\u011f\u0131n\u0131 ve bunun z\u0131dd\u0131n\u0131n tarih sahnesinden silinmek olaca\u011f\u0131n\u0131 g\u00f6stermi\u015f ve \u0130stiklal Mar\u015f\u0131&#8217;m\u0131z\u0131, milletimizin sars\u0131lmaz ba\u011f\u0131ms\u0131zl\u0131k manifestosu olarak tarihe arma\u011fan etmi\u015ftir\u201d dedi.<\/p>\n<p style=\"text-align: justify;\"><b>\u0130ZM\u0130R (Ege Ajans)-<\/b>\u00a0Ege \u00dcniversitesi Edebiyat Fak\u00fcltesi, \u0130stiklal Mar\u015f\u0131\u2019n\u0131n kabul\u00fcn\u00fcn 105. y\u0131l d\u00f6n\u00fcm\u00fc dolay\u0131s\u0131yla \u201cBilim Kafe\u201d etkinlikleri kapsam\u0131nda &#8220;Kabul\u00fcn\u00fcn 105. Y\u0131l\u0131nda \u0130stiklal Mar\u015f\u0131m\u0131z ve Mehmet Akif Ersoy&#8221; ba\u015fl\u0131kl\u0131 anlaml\u0131 bir konferans ger\u00e7ekle\u015ftirildi. Edebiyat Fak\u00fcltesi Prof. Dr. Nuri Bilgin Konferans Salonu\u2019nda d\u00fczenlenen etkinli\u011fe, E\u00dc Rekt\u00f6r Yard\u0131mc\u0131s\u0131 Prof. Dr. Aydo\u011fan Savran,\u00a0Edebiyat Fak\u00fcltesi Dekan\u0131 Prof. Dr. Selami Fedak\u00e2r, akademisyenler, idari personel ve \u00f6\u011frenciler kat\u0131ld\u0131. T\u00fcrk Dili ve Edebiyat\u0131 B\u00f6l\u00fcm\u00fc \u00d6\u011fretim \u00dcyesi Prof. Dr. Faz\u0131l G\u00f6k\u00e7ek\u2019in konu\u015fmac\u0131 olarak kat\u0131ld\u0131\u011f\u0131 konferansta, Milli \u015eair Mehmet Akif Ersoy\u2019un ya\u015fam\u0131 ve \u0130stiklal Mar\u015f\u0131\u2019n\u0131n yaz\u0131m s\u00fcreci t\u00fcm detaylar\u0131yla ele al\u0131nd\u0131.<\/p>\n<p style=\"text-align: justify;\">Konferansta \u0130stiklal Mar\u015f\u0131\u2019n\u0131n yaz\u0131lma s\u00fcrecindeki tarih\u00ee detaylar\u0131 payla\u015fan Prof. Dr. Faz\u0131l G\u00f6k\u00e7ek, \u201c\u0130stiklal Mar\u015f\u0131m\u0131z\u0131n kabul\u00fcn\u00fcn 105. y\u0131l d\u00f6n\u00fcm\u00fc vesilesiyle, edebiyat\u0131m\u0131z\u0131n mihenk ta\u015flar\u0131ndan \u2018Milli \u015eair\u2019 Mehmet Akif Ersoy\u2019un, tarihi tekerr\u00fcrden kurtaracak bir \u2018ibret alma\u2019 bilinciyle hareket etti\u011fini s\u00f6yledi. \u201c\u0130stiklal Mar\u015f\u0131&#8217;n\u0131 kaleme almadan \u00e7ok \u00f6nce de T\u00fcrk \u015fiirine ad\u0131n\u0131 yazd\u0131ran Akif; 1911 ile 1933 y\u0131llar\u0131 aras\u0131nda yay\u0131mlad\u0131\u011f\u0131 yedi kitapl\u0131k\u00a0\u2018Safahat\u00a0K\u00fclliyat\u0131\u2019 ile T\u00fcrkiye\u2019nin yak\u0131n tarihine, sosyal ve siyasi buhranlar\u0131na adeta bir ayna tutmu\u015ftur. \u015eair; eserlerinde \u0130slam co\u011frafyas\u0131n\u0131n dertlerini, Balkan Sava\u015flar\u0131&#8217;n\u0131n yaratt\u0131\u011f\u0131 o b\u00fcy\u00fck insani trajediyi ve \u00e7\u00f6k\u00fc\u015ften kurtulu\u015fun tek re\u00e7etesi olan \u2018\u00e7al\u0131\u015fmay\u0131\u2019 ustal\u0131kla i\u015fleyerek milletin \u0131st\u0131rab\u0131n\u0131 sanat\u0131n\u0131n merkezine koymu\u015f, bu sars\u0131lmaz duru\u015fuyla \u2018Milli \u015eair\u2019 unvan\u0131n\u0131 sonuna kadar hak etmi\u015ftir\u201d dedi.<\/p>\n<p style=\"text-align: justify;\"><b>\u201cKorkma\u201d nidas\u0131n\u0131n Berlin\u2019deki ilk ayak sesleri<\/b><\/p>\n<p style=\"text-align: justify;\">Mehmet Akif Ersoy\u2019un en umutsuz anlarda bile milletin sars\u0131lmaz iradesinin ve ba\u011f\u0131ms\u0131zl\u0131k inanc\u0131n\u0131n ebedi sesi oldu\u011funu s\u00f6yleyen Prof. Dr. Faz\u0131l G\u00f6k\u00e7ek \u201cBirinci D\u00fcnya Sava\u015f\u0131&#8217;n\u0131n o \u00e7etin y\u0131llar\u0131nda Harbiye Nezareti taraf\u0131ndan Berlin&#8217;e g\u00f6nderilerek buradaki esir M\u00fcsl\u00fcman askerleri ayd\u0131nlatma misyonunu \u00fcstlenen usta edebiyat\u00e7\u0131, \u00c7anakkale Zaferi\u2019nin co\u015fkusunu da gurbette kaleme ald\u0131\u011f\u0131 \u2018Berlin Hat\u0131ralar\u0131\u2019 \u015fiirine yans\u0131tm\u0131\u015ft\u0131r. Akif&#8217;in bu eserde kulland\u0131\u011f\u0131\u00a0\u2018Korkma, cehennem olsa gelen g\u00f6\u011fs\u00fcm\u00fczde s\u00f6nd\u00fcr\u00fcr\u00fcz! Bu yol ki Hak yoludur, d\u00f6nme bilmeyiz, y\u00fcr\u00fcr\u00fcz!\u2019\u00a0m\u0131sralar\u0131, sava\u015f\u0131n ard\u0131ndan d\u00fc\u015fman z\u0131rhl\u0131lar\u0131n\u0131n \u0130stanbul Bo\u011faz\u0131&#8217;na demirledi\u011fi o karanl\u0131k m\u00fctareke g\u00fcnlerinde yaz\u0131lacak olan \u0130stiklal Mar\u015f\u0131&#8217;m\u0131z\u0131n destans\u0131 ruhunu y\u0131llar \u00f6ncesinden m\u00fcjdelemi\u015ftir. Hem edebi lirizmi hem de tarihi ger\u00e7ekleri zirvede bulu\u015fturan Mehmet Akif Ersoy, en umutsuz anlarda bile milletimizin sars\u0131lmaz iradesinin ve ba\u011f\u0131ms\u0131zl\u0131k inanc\u0131n\u0131n ebedi sesi olmaya devam etmektedir\u201d diye konu\u015ftu.<\/p>\n<p style=\"text-align: justify;\"><b>\u201c\u00d6d\u00fcl\u00fc reddeden asil duru\u015ftan bir istiklal manifestosuna\u201d<\/b><\/p>\n<p style=\"text-align: justify;\">\u0130stiklal Mar\u015f\u0131\u2019n\u0131n, milletin sars\u0131lmaz ba\u011f\u0131ms\u0131zl\u0131k manifestosu olarak tarihe arma\u011fan edildi\u011fini dile getiren Prof. Dr. G\u00f6k\u00e7ek, \u201cMilli M\u00fccadele y\u0131llar\u0131nda meclis faaliyetlerinin yan\u0131 s\u0131ra halk\u0131 topyek\u00fbn direni\u015fe \u00e7a\u011f\u0131ran etkili vaazlar\u0131yla da kilit bir rol \u00fcstlenen Mehmet Akif Ersoy, ba\u015flarda ucunda para \u00f6d\u00fcl\u00fc oldu\u011fu i\u00e7in asil bir duru\u015f sergileyerek \u2018Milli Mar\u015f M\u00fcsabakas\u0131\u2019na kat\u0131lmay\u0131 reddetmi\u015ftir. Ancak yar\u0131\u015fmaya kat\u0131lan eserlerin milli ruhu yans\u0131tmaktan uzak kalmas\u0131 \u00fczerine, d\u00f6nemin Maarif Vekili Hamdullah Suphi Tanr\u0131\u00f6ver\u2019in \u00f6d\u00fcl krizinin \u00e7\u00f6z\u00fclece\u011fine dair g\u00fcvence verdi\u011fi tarihi mektubu ve dostu Hasan Basri \u00c7antay\u2019\u0131n \u0131srarlar\u0131 sonucunda usta \u015fair para almamak \u015fart\u0131yla kalemi eline alm\u0131\u015ft\u0131r. Mustafa Kemal Pa\u015fa&#8217;n\u0131n nutuklar\u0131nda da yank\u0131 bulan ba\u011f\u0131ms\u0131zl\u0131k ate\u015fini dizelerine d\u00f6kerek eserini \u2018Kahraman Ordumuza\u2019 ithaf eden Akif, kurtulu\u015fu simgeleyen \u2018istiklal\u2019 ile \u00e7\u00f6k\u00fc\u015f\u00fc ifade eden \u2018izmihlal\u2019 kavramlar\u0131n\u0131 e\u015fsiz bir ustal\u0131kla kar\u015f\u0131 kar\u015f\u0131ya getirerek \u0130stiklal Mar\u015f\u0131&#8217;m\u0131z\u0131 milletimizin sars\u0131lmaz ba\u011f\u0131ms\u0131zl\u0131k manifestosu olarak tarihe arma\u011fan etmi\u015ftir\u201d dedi.<\/p>\n<p style=\"text-align: justify;\"><b>Taceddin Derg\u00e2h\u0131&#8217;nda \u015fekillenen destan ve e\u015fsiz tevazu<\/b><\/p>\n<p style=\"text-align: justify;\">Mehmet Akif Ersoy\u2019un \u00e7ok m\u00fctevaz\u0131 bir insan oldu\u011funu vurgulayan Prof. Dr.\u00a0G\u00f6k\u00e7ek \u201cMehmet Akif Ersoy, eserlerinde toplumu yok olu\u015fa (izmihlal) kar\u015f\u0131 uyaran sert ama bir o kadar da i\u00e7ten ele\u015ftirileriyle halk\u0131n ba\u011fr\u0131na bast\u0131\u011f\u0131 bir ayd\u0131n olurken; Mustafa Kemal Pa\u015fa&#8217;n\u0131n da nutuklar\u0131nda vurgulad\u0131\u011f\u0131 \u2018istiklal\u2019 ruhunun edebi bayraktarl\u0131\u011f\u0131n\u0131 \u00fcstlenmi\u015ftir. Titiz bir \u2018\u015fiir i\u015f\u00e7isi\u2019 olan Akif&#8217;in, Ankara&#8217;daki Taceddin Derg\u00e2h\u0131&#8217;nda birka\u00e7 g\u00fcnde k\u00e2\u011f\u0131da d\u00f6kt\u00fc\u011f\u00fc \u0130stiklal Mar\u015f\u0131, asl\u0131nda yar\u0131\u015fma ilan\u0131ndan itibaren zihninde ilmek ilmek dokudu\u011fu derin bir tefekk\u00fcr\u00fcn \u00fcr\u00fcn\u00fcd\u00fcr. 12 Mart 1921&#8217;de TBMM&#8217;de Hamdullah Suphi Bey taraf\u0131ndan ilk kez okundu\u011funda milletvekillerince ayakta ve b\u00fcy\u00fck bir co\u015fkuyla kabul edilen bu muazzam eserin mimar\u0131, \u00f6v\u00fclmekten hicap duyan e\u015fsiz tevazusu nedeniyle o tarihi anda meclis salonunda dahi bulunmam\u0131\u015ft\u0131r. Unutmayal\u0131m ki, Mehmet Akif Ersoy, \u0130stiklal Mar\u015f\u0131\u2019n\u0131 yazmasa da edebiyat tarihimizde b\u00fcy\u00fck bir \u015fair olarak kalacakt\u0131 ama \u0130stiklal Mar\u015f\u0131\u2019n\u0131 yazarak \u015fairli\u011fini ta\u00e7land\u0131rm\u0131\u015ft\u0131r\u201d diye konu\u015ftu.<\/p>\n<p style=\"text-align: justify;\">Konferans\u0131n kapan\u0131\u015f b\u00f6l\u00fcm\u00fcnde, \u0130stiklal Mar\u015f\u0131 yar\u0131\u015fmas\u0131na g\u00f6nderilen di\u011fer \u015fiirlerden \u00e7arp\u0131c\u0131 \u00f6rnekler sunan Prof. Dr. Faz\u0131l G\u00f6k\u00e7ek, Mehmet Akif\u2019in \u00f6l\u00fcms\u00fcz eserinin edebi ve estetik a\u00e7\u0131dan ula\u015ft\u0131\u011f\u0131 o eri\u015filmez seviyeyi dinleyicilerin g\u00f6zleri \u00f6n\u00fcne serdi. Tarihe ve edebiyata \u0131\u015f\u0131k tutan program, E\u00dc Rekt\u00f6r Yard\u0131mc\u0131s\u0131 Prof. Dr. Aydo\u011fan Savran\u2019\u0131n, katk\u0131lar\u0131ndan \u00f6t\u00fcr\u00fc Prof. Dr. G\u00f6k\u00e7ek\u2019e te\u015fekk\u00fcr mahiyetinde \u00e7i\u00e7ek takdim etmesiyle sona erdi.<\/p>\n<div id='gallery-1' class='gallery galleryid-32531 gallery-columns-3 gallery-size-medium'><figure class='gallery-item'>\n\t\t\t<div class='gallery-icon landscape'>\n\t\t\t\t<a href='https:\/\/www.euegeajans.com\/wp-content\/uploads\/2026\/03\/6-15.jpg'><img loading=\"lazy\" decoding=\"async\" width=\"300\" height=\"169\" src=\"https:\/\/www.euegeajans.com\/wp-content\/uploads\/2026\/03\/6-15.jpg\" class=\"attachment-medium size-medium\" alt=\"\" \/><\/a>\n\t\t\t<\/div><\/figure><figure class='gallery-item'>\n\t\t\t<div class='gallery-icon landscape'>\n\t\t\t\t<a href='https:\/\/www.euegeajans.com\/wp-content\/uploads\/2026\/03\/3-20.jpg'><img loading=\"lazy\" decoding=\"async\" width=\"300\" height=\"169\" src=\"https:\/\/www.euegeajans.com\/wp-content\/uploads\/2026\/03\/3-20.jpg\" class=\"attachment-medium size-medium\" alt=\"\" \/><\/a>\n\t\t\t<\/div><\/figure><figure class='gallery-item'>\n\t\t\t<div class='gallery-icon landscape'>\n\t\t\t\t<a href='https:\/\/www.euegeajans.com\/wp-content\/uploads\/2026\/03\/5-18.jpg'><img loading=\"lazy\" decoding=\"async\" width=\"300\" height=\"169\" src=\"https:\/\/www.euegeajans.com\/wp-content\/uploads\/2026\/03\/5-18.jpg\" class=\"attachment-medium size-medium\" alt=\"\" \/><\/a>\n\t\t\t<\/div><\/figure>\n\t\t<\/div>\n\n","protected":false},"excerpt":{"rendered":"<p>\u00a0E\u00dc\u2019de \u0130stiklal Mar\u015f\u0131n\u0131n kabul\u00fcn\u00fcn 105. y\u0131l\u0131nda Milli \u015eair Mehmet Akif Ersoy an\u0131ld\u0131 * Prof. Dr&#8230;.<\/p>\n","protected":false},"author":2,"featured_media":32532,"comment_status":"open","ping_status":"open","sticky":false,"template":"","format":"standard","meta":{"footnotes":""},"categories":[1,70,540],"tags":[],"class_list":["post-32531","post","type-post","status-publish","format-standard","has-post-thumbnail","hentry","category-gncl","category-kampus","category-kultur-sanat"],"featured_image_urls":{"full":["https:\/\/www.euegeajans.com\/wp-content\/uploads\/2026\/03\/2-19.jpg",1920,1080,false],"thumbnail":["https:\/\/www.euegeajans.com\/wp-content\/uploads\/2026\/03\/2-19.jpg",150,84,false],"medium":["https:\/\/www.euegeajans.com\/wp-content\/uploads\/2026\/03\/2-19.jpg",300,169,false],"medium_large":["https:\/\/www.euegeajans.com\/wp-content\/uploads\/2026\/03\/2-19.jpg",640,360,false],"large":["https:\/\/www.euegeajans.com\/wp-content\/uploads\/2026\/03\/2-19.jpg",640,360,false],"1536x1536":["https:\/\/www.euegeajans.com\/wp-content\/uploads\/2026\/03\/2-19.jpg",1536,864,false],"2048x2048":["https:\/\/www.euegeajans.com\/wp-content\/uploads\/2026\/03\/2-19.jpg",1920,1080,false],"newsphere-slider-full":["https:\/\/www.euegeajans.com\/wp-content\/uploads\/2026\/03\/2-19.jpg",1280,720,false],"newsphere-featured":["https:\/\/www.euegeajans.com\/wp-content\/uploads\/2026\/03\/2-19.jpg",1024,576,false],"newsphere-medium":["https:\/\/www.euegeajans.com\/wp-content\/uploads\/2026\/03\/2-19.jpg",676,380,false]},"author_info":{"display_name":"Editor","author_link":"https:\/\/www.euegeajans.com\/index.php\/author\/editor\/"},"category_info":"<a href=\"https:\/\/www.euegeajans.com\/index.php\/category\/gncl\/\" rel=\"category tag\">G\u00fcncel<\/a> <a href=\"https:\/\/www.euegeajans.com\/index.php\/category\/kampus\/\" rel=\"category tag\">Kamp\u00fcs<\/a> <a href=\"https:\/\/www.euegeajans.com\/index.php\/category\/kultur-sanat\/\" rel=\"category tag\">K\u00fclt\u00fcr - Sanat<\/a>","tag_info":"K\u00fclt\u00fcr - Sanat","comment_count":"0","_links":{"self":[{"href":"https:\/\/www.euegeajans.com\/index.php\/wp-json\/wp\/v2\/posts\/32531","targetHints":{"allow":["GET"]}}],"collection":[{"href":"https:\/\/www.euegeajans.com\/index.php\/wp-json\/wp\/v2\/posts"}],"about":[{"href":"https:\/\/www.euegeajans.com\/index.php\/wp-json\/wp\/v2\/types\/post"}],"author":[{"embeddable":true,"href":"https:\/\/www.euegeajans.com\/index.php\/wp-json\/wp\/v2\/users\/2"}],"replies":[{"embeddable":true,"href":"https:\/\/www.euegeajans.com\/index.php\/wp-json\/wp\/v2\/comments?post=32531"}],"version-history":[{"count":1,"href":"https:\/\/www.euegeajans.com\/index.php\/wp-json\/wp\/v2\/posts\/32531\/revisions"}],"predecessor-version":[{"id":32536,"href":"https:\/\/www.euegeajans.com\/index.php\/wp-json\/wp\/v2\/posts\/32531\/revisions\/32536"}],"wp:featuredmedia":[{"embeddable":true,"href":"https:\/\/www.euegeajans.com\/index.php\/wp-json\/wp\/v2\/media\/32532"}],"wp:attachment":[{"href":"https:\/\/www.euegeajans.com\/index.php\/wp-json\/wp\/v2\/media?parent=32531"}],"wp:term":[{"taxonomy":"category","embeddable":true,"href":"https:\/\/www.euegeajans.com\/index.php\/wp-json\/wp\/v2\/categories?post=32531"},{"taxonomy":"post_tag","embeddable":true,"href":"https:\/\/www.euegeajans.com\/index.php\/wp-json\/wp\/v2\/tags?post=32531"}],"curies":[{"name":"wp","href":"https:\/\/api.w.org\/{rel}","templated":true}]}}