{"id":32525,"date":"2026-03-12T03:25:00","date_gmt":"2026-03-12T03:25:00","guid":{"rendered":"https:\/\/www.euegeajans.com\/?p=32525"},"modified":"2026-03-12T08:27:05","modified_gmt":"2026-03-12T08:27:05","slug":"sanatci-adaylarina-baglama-icrasinda-tini-estetigini-belirleyen-unsurlar-anlatildi","status":"publish","type":"post","link":"https:\/\/www.euegeajans.com\/index.php\/2026\/03\/12\/sanatci-adaylarina-baglama-icrasinda-tini-estetigini-belirleyen-unsurlar-anlatildi\/","title":{"rendered":"Sanat\u00e7\u0131 adaylar\u0131na \u201cBa\u011flama \u0130cras\u0131nda T\u0131n\u0131 Esteti\u011fini Belirleyen Unsurlar\u201d anlat\u0131ld\u0131"},"content":{"rendered":"<p style=\"font-weight: 400; text-align: justify;\">Haber: Sena Y\u00fccesoy- Tuana Nehir Ar\u0131can<\/p>\n<p style=\"font-weight: 400; text-align: justify;\">Foto\u011fraf: Aleyna Karadeniz- Melek Nur Sever<\/p>\n<p style=\"font-weight: 400; text-align: justify;\">Ege \u00dcniversitesi (E\u00dc) Devlet T\u00fcrk Musikisi Konservatuvar\u0131 (DTMK) taraf\u0131ndan \u201cBa\u011flama \u0130cras\u0131nda T\u0131n\u0131 Esteti\u011fini Belirleyen Unsurlar\u201d ba\u015fl\u0131kl\u0131 etkinlik d\u00fczenlendi. E\u00dc Konservatuvar Etkinlik Salonunda ger\u00e7ekle\u015ftirilen program\u0131n koordinat\u00f6rl\u00fc\u011f\u00fcn\u00fc DTMK M\u00fcd\u00fcr\u00fc Prof. Dr. Ali Maruf Alaskan \u00fcstlenirken, konu\u015fmac\u0131 olarak \u0130stanbul \u00dcniversitesi Devlet Konservatuvar\u0131 T\u00fcrk M\u00fczi\u011fi B\u00f6l\u00fcm\u00fc \u00f6\u011fretim \u00fcyesi Do\u00e7. Dr. Yusuf Benli konuk oldu.<\/p>\n<p style=\"font-weight: 400; text-align: justify;\">Program\u0131n a\u00e7\u0131l\u0131\u015f konu\u015fmas\u0131nda m\u00fczi\u011fin yaln\u0131zca teknik bir icra olmad\u0131\u011f\u0131n\u0131 s\u00f6yleyen Prof. Dr. Ali Maruf Alaskan,\u00a0\u201cHepimizin \u00e7ocuklu\u011fundan beri pe\u015fine d\u00fc\u015ft\u00fc\u011f\u00fc, sevdas\u0131na tutuldu\u011fu m\u00fcziksel notalar\u0131, sesleri,\u00a0 perdeleri ve dokunu\u015flar\u0131 bug\u00fcn ba\u015fka bir pencereden, akademik bir bak\u0131\u015f a\u00e7\u0131s\u0131yla ve daha bilimsel bir yakla\u015f\u0131mla ele alaca\u011f\u0131z. Bast\u0131\u011f\u0131n\u0131z perdede parma\u011f\u0131n\u0131z\u0131n kaplad\u0131\u011f\u0131 alan\u0131n etkisinden, \u00e7ald\u0131\u011f\u0131n\u0131z saz\u0131n yap\u0131ld\u0131\u011f\u0131 malzemeye; perdenin ba\u011fland\u0131\u011f\u0131 materyalden v\u00fccudunuzda biriken elektri\u011fe ve hatta giydi\u011finiz k\u0131yafetin kinetik enerjisine kadar bir\u00e7ok unsurun \u00e7\u0131karmak istedi\u011finiz ton \u00fczerinde ne kadar etkili oldu\u011funu tart\u0131\u015faca\u011f\u0131z\u201d dedi.<\/p>\n<p style=\"font-weight: 400; text-align: justify;\">Ba\u011flama icras\u0131nda t\u0131n\u0131 esteti\u011fi konusundan bahseden Do\u00e7. Yusuf Benli,\u00a0\u201cBa\u011flama icras\u0131nda\u00a0\u2018t\u0131n\u0131 esteti\u011fi\u2019kavram\u0131n\u0131 ele al\u0131rken \u015funu vurgulamak istiyorum. Bir enstr\u00fcmandan elde edilen sesi yaln\u0131zca frekans de\u011ferleriyle a\u00e7\u0131klamak m\u00fcmk\u00fcn de\u011fil; icrac\u0131n\u0131n tekni\u011fi, yorumu ve ki\u015fisel yakla\u015f\u0131m\u0131 da en az frekanslar kadar belirleyicidir. Estetik bir t\u0131n\u0131ya ula\u015fmak, ki\u015fis\u00a0\u00a0\u00a0\u00a0\u00a0\u00a0\u00a0\u00a0 el fark\u0131ndal\u0131k, teknik bilgi ve y\u0131llara dayanan deneyim gerektiriyor. Ba\u011flamadaki t\u0131n\u0131 esteti\u011fini de\u011ferlendirirken d\u00f6rt temel unsuru g\u00f6z \u00f6n\u00fcnde bulunduruyoruz. Saz\u0131n yap\u0131sal \u00f6zellikleri, icra tekni\u011fi, m\u00fczik ile icrac\u0131 aras\u0131ndaki manevi ba\u011f ve eserin estetik \u00f6zellikleri. \u00d6zellikle tezene kullan\u0131m\u0131, parmak bask\u0131s\u0131 ve akort d\u00fczeni, ses karakterini do\u011frudan etkiliyor. M\u00fczisyenlerin usta icrac\u0131lar\u0131 dinleyerek bir\u00a0\u2018t\u0131n\u0131 haf\u0131zas\u0131\u2019 geli\u015ftirmesi \u00e7ok \u00f6nemli; b\u00f6ylece ba\u011flama icras\u0131nda \u00f6zg\u00fcn bir yorum ve estetik anlay\u0131\u015f ortaya \u00e7\u0131kabiliyor. Unutmamak gerekir ki m\u00fczik sadece teknik bir faaliyet de\u011fil, ayn\u0131 zamanda k\u00fclt\u00fcrel ve toplumsal bir ifade bi\u00e7imi. Sanat\u00e7\u0131lar olarak bizler, toplum \u00fczerinde \u00f6nemli bir etki yarat\u0131yor ve k\u00fclt\u00fcrel aktar\u0131mda \u00f6nemli bir rol \u00fcstleniyoruz\u201d diye konu\u015ftu.<\/p>\n<p style=\"font-weight: 400; text-align: justify;\">Etkinli\u011fin sonunda Prof. Dr. Ali Maruf Alaskan, Do\u00e7. Yusuf Benli\u2019ye katk\u0131lar\u0131ndan dolay\u0131 \u201cTe\u015fekk\u00fcr Belgesi\u201d takdim etti.<\/p>\n<div id='gallery-1' class='gallery galleryid-32525 gallery-columns-3 gallery-size-medium'><figure class='gallery-item'>\n\t\t\t<div class='gallery-icon landscape'>\n\t\t\t\t<a href='https:\/\/www.euegeajans.com\/wp-content\/uploads\/2026\/03\/5-17.jpg'><img loading=\"lazy\" decoding=\"async\" width=\"300\" height=\"169\" src=\"https:\/\/www.euegeajans.com\/wp-content\/uploads\/2026\/03\/5-17.jpg\" class=\"attachment-medium size-medium\" alt=\"\" \/><\/a>\n\t\t\t<\/div><\/figure><figure class='gallery-item'>\n\t\t\t<div class='gallery-icon landscape'>\n\t\t\t\t<a href='https:\/\/www.euegeajans.com\/wp-content\/uploads\/2026\/03\/4-18.jpg'><img loading=\"lazy\" decoding=\"async\" width=\"300\" height=\"169\" src=\"https:\/\/www.euegeajans.com\/wp-content\/uploads\/2026\/03\/4-18.jpg\" class=\"attachment-medium size-medium\" alt=\"\" \/><\/a>\n\t\t\t<\/div><\/figure><figure class='gallery-item'>\n\t\t\t<div class='gallery-icon landscape'>\n\t\t\t\t<a href='https:\/\/www.euegeajans.com\/wp-content\/uploads\/2026\/03\/3-19.jpg'><img loading=\"lazy\" decoding=\"async\" width=\"300\" height=\"169\" src=\"https:\/\/www.euegeajans.com\/wp-content\/uploads\/2026\/03\/3-19.jpg\" class=\"attachment-medium size-medium\" alt=\"\" \/><\/a>\n\t\t\t<\/div><\/figure>\n\t\t<\/div>\n\n","protected":false},"excerpt":{"rendered":"<p>Haber: Sena Y\u00fccesoy- Tuana Nehir Ar\u0131can Foto\u011fraf: Aleyna Karadeniz- Melek Nur Sever Ege \u00dcniversitesi (E\u00dc)&#8230;<\/p>\n","protected":false},"author":2,"featured_media":32526,"comment_status":"open","ping_status":"open","sticky":false,"template":"","format":"standard","meta":{"footnotes":""},"categories":[1,70,540],"tags":[],"class_list":["post-32525","post","type-post","status-publish","format-standard","has-post-thumbnail","hentry","category-gncl","category-kampus","category-kultur-sanat"],"featured_image_urls":{"full":["https:\/\/www.euegeajans.com\/wp-content\/uploads\/2026\/03\/2-18.jpg",1920,1080,false],"thumbnail":["https:\/\/www.euegeajans.com\/wp-content\/uploads\/2026\/03\/2-18.jpg",150,84,false],"medium":["https:\/\/www.euegeajans.com\/wp-content\/uploads\/2026\/03\/2-18.jpg",300,169,false],"medium_large":["https:\/\/www.euegeajans.com\/wp-content\/uploads\/2026\/03\/2-18.jpg",640,360,false],"large":["https:\/\/www.euegeajans.com\/wp-content\/uploads\/2026\/03\/2-18.jpg",640,360,false],"1536x1536":["https:\/\/www.euegeajans.com\/wp-content\/uploads\/2026\/03\/2-18.jpg",1536,864,false],"2048x2048":["https:\/\/www.euegeajans.com\/wp-content\/uploads\/2026\/03\/2-18.jpg",1920,1080,false],"newsphere-slider-full":["https:\/\/www.euegeajans.com\/wp-content\/uploads\/2026\/03\/2-18.jpg",1280,720,false],"newsphere-featured":["https:\/\/www.euegeajans.com\/wp-content\/uploads\/2026\/03\/2-18.jpg",1024,576,false],"newsphere-medium":["https:\/\/www.euegeajans.com\/wp-content\/uploads\/2026\/03\/2-18.jpg",676,380,false]},"author_info":{"display_name":"Editor","author_link":"https:\/\/www.euegeajans.com\/index.php\/author\/editor\/"},"category_info":"<a href=\"https:\/\/www.euegeajans.com\/index.php\/category\/gncl\/\" rel=\"category tag\">G\u00fcncel<\/a> <a href=\"https:\/\/www.euegeajans.com\/index.php\/category\/kampus\/\" rel=\"category tag\">Kamp\u00fcs<\/a> <a href=\"https:\/\/www.euegeajans.com\/index.php\/category\/kultur-sanat\/\" rel=\"category tag\">K\u00fclt\u00fcr - Sanat<\/a>","tag_info":"K\u00fclt\u00fcr - Sanat","comment_count":"0","_links":{"self":[{"href":"https:\/\/www.euegeajans.com\/index.php\/wp-json\/wp\/v2\/posts\/32525","targetHints":{"allow":["GET"]}}],"collection":[{"href":"https:\/\/www.euegeajans.com\/index.php\/wp-json\/wp\/v2\/posts"}],"about":[{"href":"https:\/\/www.euegeajans.com\/index.php\/wp-json\/wp\/v2\/types\/post"}],"author":[{"embeddable":true,"href":"https:\/\/www.euegeajans.com\/index.php\/wp-json\/wp\/v2\/users\/2"}],"replies":[{"embeddable":true,"href":"https:\/\/www.euegeajans.com\/index.php\/wp-json\/wp\/v2\/comments?post=32525"}],"version-history":[{"count":1,"href":"https:\/\/www.euegeajans.com\/index.php\/wp-json\/wp\/v2\/posts\/32525\/revisions"}],"predecessor-version":[{"id":32530,"href":"https:\/\/www.euegeajans.com\/index.php\/wp-json\/wp\/v2\/posts\/32525\/revisions\/32530"}],"wp:featuredmedia":[{"embeddable":true,"href":"https:\/\/www.euegeajans.com\/index.php\/wp-json\/wp\/v2\/media\/32526"}],"wp:attachment":[{"href":"https:\/\/www.euegeajans.com\/index.php\/wp-json\/wp\/v2\/media?parent=32525"}],"wp:term":[{"taxonomy":"category","embeddable":true,"href":"https:\/\/www.euegeajans.com\/index.php\/wp-json\/wp\/v2\/categories?post=32525"},{"taxonomy":"post_tag","embeddable":true,"href":"https:\/\/www.euegeajans.com\/index.php\/wp-json\/wp\/v2\/tags?post=32525"}],"curies":[{"name":"wp","href":"https:\/\/api.w.org\/{rel}","templated":true}]}}