{"id":32506,"date":"2026-03-12T07:07:32","date_gmt":"2026-03-12T07:07:32","guid":{"rendered":"https:\/\/www.euegeajans.com\/?p=32506"},"modified":"2026-03-12T07:07:33","modified_gmt":"2026-03-12T07:07:33","slug":"ege-universitesi-ailesi-oruclarini-gonul-sofrasinda-acti","status":"publish","type":"post","link":"https:\/\/www.euegeajans.com\/index.php\/2026\/03\/12\/ege-universitesi-ailesi-oruclarini-gonul-sofrasinda-acti\/","title":{"rendered":"Ege \u00dcniversitesi ailesi oru\u00e7lar\u0131n\u0131 g\u00f6n\u00fcl sofras\u0131nda a\u00e7t\u0131"},"content":{"rendered":"<p style=\"text-align: justify;\"><strong>E\u00dc ile T\u00fcrk K\u0131z\u0131lay \u0130zmir \u0130l Merkezi ortak iftar program\u0131 d\u00fczenledi<\/strong><\/p>\n<p style=\"text-align: justify;\">*Ege \u00dcniversitesi ve T\u00fcrk K\u0131z\u0131lay \u0130zmir \u0130l Merkezi i\u015f birli\u011finde d\u00fczenlenen iftar program\u0131nda konu\u015fan Ege \u00dcniversitesi Rekt\u00f6r\u00fc Prof. Dr. Musa Alc\u0131, \u201cBirlik ve beraberli\u011fin en g\u00fczel \u015fekilde hissedildi\u011fi bu programda, mensuplar\u0131m\u0131zla ayn\u0131 sofrada bulu\u015fman\u0131n sevincini ya\u015f\u0131yoruz\u201d dedi.<b><\/b><\/p>\n<p style=\"text-align: justify;\">Ege \u00dcniversitesi, Ramazan ay\u0131n\u0131n manevi atmosferini\u00a0 kamp\u00fcste ya\u015fatmaya devam ediyor.\u00a0 Ege \u00dcniversitesi ile T\u00fcrk K\u0131z\u0131lay \u0130zmir \u0130l Merkezi i\u015f birli\u011finde d\u00fczenlenen iftar program\u0131nda akademisyenler, \u00e7al\u0131\u015fanlar ve \u00f6\u011frenciler bir araya geldi.\u00a0 Rekt\u00f6r Prof. Dr. Musa Alc\u0131 ve T\u00fcrk K\u0131z\u0131lay \u0130zmir \u0130l Merkezi Ba\u015fkan\u0131 Kerem Fahri Baykalm\u0131\u015f\u2019\u0131n da kat\u0131ld\u0131\u011f\u0131 iftarda, oru\u00e7lar dualarla a\u00e7\u0131ld\u0131. Program kapsam\u0131nda Devlet T\u00fcrk Musikisi Konservatuvar\u0131n\u0131n ger\u00e7ekle\u015ftirdi\u011fi dinleti ile Ramazan ay\u0131n\u0131n birle\u015ftirici ruhu bir kez daha hissedildi. Programda Rekt\u00f6r Prof. Dr. Alc\u0131, \u00f6\u011frencilere yemek da\u011f\u0131tt\u0131.<\/p>\n<p style=\"text-align: justify;\">Ege \u00dcniversitesi Rekt\u00f6r\u00fc Prof. Dr. Musa Alc\u0131, \u201cT\u00fcrk K\u0131z\u0131lay \u0130zmir \u0130l Merkezi ile ortak d\u00fczenledi\u011fimiz iftar program\u0131m\u0131zda \u00f6\u011frencilerimiz ve mensuplar\u0131m\u0131zla ayn\u0131 sofrada bulu\u015fman\u0131n sevincini ya\u015f\u0131yoruz. Birlik ve beraberli\u011fin en g\u00fczel \u015fekilde hissedildi\u011fi, dayan\u0131\u015fman\u0131n en g\u00fczel \u00f6rneklerinden birinin sergilendi\u011fi bu anlaml\u0131 ak\u015fam\u0131n d\u00fczenlenmesinde eme\u011fi ge\u00e7en herkese te\u015fekk\u00fcr ediyorum\u201d dedi.<\/p>\n<p style=\"text-align: justify;\">K\u0131z\u0131lay \u0130zmir \u0130l Merkezi Ba\u015fkan\u0131 Kerem Fahri Baykalm\u0131\u015f da b\u00f6ylesine anlaml\u0131 bir dayan\u0131\u015fmaya ev sahipli\u011finden \u00f6t\u00fcr\u00fc Ege \u00dcniversitesi ailesine te\u015fekk\u00fcr etti. Rekt\u00f6r Prof. Dr. Musa Alc\u0131, programa sa\u011flad\u0131\u011f\u0131 katk\u0131lardan dolay\u0131 Kerem Fahri Baykalm\u0131\u015f\u2019a te\u015fekk\u00fcr plaketi takdim etti.<\/p>\n<p style=\"text-align: justify;\"><b>Gen\u00e7 D\u00fc\u015f\u00fcnce Fikir, Sanat ve Medeniyet Toplulu\u011fundan renkli iftar<\/b><\/p>\n<p style=\"text-align: justify;\">Ege \u00dcniversitesi Gen\u00e7 D\u00fc\u015f\u00fcnce Fikir, Sanat ve Medeniyet Toplulu\u011funun d\u00fczenledi\u011fi iftar program\u0131na da kat\u0131lan Rekt\u00f6r Prof. Dr. Musa Alc\u0131, \u00fcniversite \u00fcst y\u00f6netimi ile birlikte \u00f6\u011frencilerle bir araya gelerek sohbet etti. Birlik, beraberlik ve toplumsal payla\u015fman\u0131n \u00f6nemine dikkat \u00e7eken Prof. Dr. Alc\u0131,\u00a0bu t\u00fcr bulu\u015fmalar\u0131n \u00fcniversite ya\u015fam\u0131na \u00f6nemli katk\u0131lar sundu\u011funu s\u00f6yledi. \u0130ftar program\u0131n\u0131n \u00f6\u011frenciler ve \u00fcniversite y\u00f6netimi aras\u0131ndaki ba\u011flar\u0131 daha da g\u00fc\u00e7lendirdi\u011fini s\u00f6yleyen Prof. Dr. Alc\u0131, yo\u011fun kat\u0131l\u0131mdan dolay\u0131 duydu\u011fu memnuniyeti dile getirdi.<\/p>\n<div id='gallery-1' class='gallery galleryid-32506 gallery-columns-4 gallery-size-medium'><figure class='gallery-item'>\n\t\t\t<div class='gallery-icon landscape'>\n\t\t\t\t<a href='https:\/\/www.euegeajans.com\/wp-content\/uploads\/2026\/03\/2-16.jpg'><img loading=\"lazy\" decoding=\"async\" width=\"300\" height=\"169\" src=\"https:\/\/www.euegeajans.com\/wp-content\/uploads\/2026\/03\/2-16.jpg\" class=\"attachment-medium size-medium\" alt=\"\" \/><\/a>\n\t\t\t<\/div><\/figure><figure class='gallery-item'>\n\t\t\t<div class='gallery-icon landscape'>\n\t\t\t\t<a href='https:\/\/www.euegeajans.com\/wp-content\/uploads\/2026\/03\/3-17.jpg'><img loading=\"lazy\" decoding=\"async\" width=\"300\" height=\"169\" src=\"https:\/\/www.euegeajans.com\/wp-content\/uploads\/2026\/03\/3-17.jpg\" class=\"attachment-medium size-medium\" alt=\"\" \/><\/a>\n\t\t\t<\/div><\/figure><figure class='gallery-item'>\n\t\t\t<div class='gallery-icon landscape'>\n\t\t\t\t<a href='https:\/\/www.euegeajans.com\/wp-content\/uploads\/2026\/03\/4-16.jpg'><img loading=\"lazy\" decoding=\"async\" width=\"300\" height=\"169\" src=\"https:\/\/www.euegeajans.com\/wp-content\/uploads\/2026\/03\/4-16.jpg\" class=\"attachment-medium size-medium\" alt=\"\" \/><\/a>\n\t\t\t<\/div><\/figure><figure class='gallery-item'>\n\t\t\t<div class='gallery-icon landscape'>\n\t\t\t\t<a href='https:\/\/www.euegeajans.com\/wp-content\/uploads\/2026\/03\/5-15.jpg'><img loading=\"lazy\" decoding=\"async\" width=\"300\" height=\"169\" src=\"https:\/\/www.euegeajans.com\/wp-content\/uploads\/2026\/03\/5-15.jpg\" class=\"attachment-medium size-medium\" alt=\"\" \/><\/a>\n\t\t\t<\/div><\/figure><figure class='gallery-item'>\n\t\t\t<div class='gallery-icon landscape'>\n\t\t\t\t<a href='https:\/\/www.euegeajans.com\/wp-content\/uploads\/2026\/03\/6-13.jpg'><img loading=\"lazy\" decoding=\"async\" width=\"300\" height=\"169\" src=\"https:\/\/www.euegeajans.com\/wp-content\/uploads\/2026\/03\/6-13.jpg\" class=\"attachment-medium size-medium\" alt=\"\" \/><\/a>\n\t\t\t<\/div><\/figure><figure class='gallery-item'>\n\t\t\t<div class='gallery-icon landscape'>\n\t\t\t\t<a href='https:\/\/www.euegeajans.com\/wp-content\/uploads\/2026\/03\/7-9.jpg'><img loading=\"lazy\" decoding=\"async\" width=\"300\" height=\"169\" src=\"https:\/\/www.euegeajans.com\/wp-content\/uploads\/2026\/03\/7-9.jpg\" class=\"attachment-medium size-medium\" alt=\"\" \/><\/a>\n\t\t\t<\/div><\/figure><figure class='gallery-item'>\n\t\t\t<div class='gallery-icon landscape'>\n\t\t\t\t<a href='https:\/\/www.euegeajans.com\/wp-content\/uploads\/2026\/03\/9-1.jpg'><img loading=\"lazy\" decoding=\"async\" width=\"300\" height=\"169\" src=\"https:\/\/www.euegeajans.com\/wp-content\/uploads\/2026\/03\/9-1.jpg\" class=\"attachment-medium size-medium\" alt=\"\" \/><\/a>\n\t\t\t<\/div><\/figure><figure class='gallery-item'>\n\t\t\t<div class='gallery-icon landscape'>\n\t\t\t\t<a href='https:\/\/www.euegeajans.com\/wp-content\/uploads\/2026\/03\/10-1.jpg'><img loading=\"lazy\" decoding=\"async\" width=\"300\" height=\"169\" src=\"https:\/\/www.euegeajans.com\/wp-content\/uploads\/2026\/03\/10-1.jpg\" class=\"attachment-medium size-medium\" alt=\"\" \/><\/a>\n\t\t\t<\/div><\/figure>\n\t\t<\/div>\n\n<p>\u00a0<\/p>\n\n\n<p><\/p>\n","protected":false},"excerpt":{"rendered":"<p>E\u00dc ile T\u00fcrk K\u0131z\u0131lay \u0130zmir \u0130l Merkezi ortak iftar program\u0131 d\u00fczenledi *Ege \u00dcniversitesi ve T\u00fcrk&#8230;<\/p>\n","protected":false},"author":2,"featured_media":32507,"comment_status":"open","ping_status":"open","sticky":false,"template":"","format":"standard","meta":{"footnotes":""},"categories":[1,11,70],"tags":[],"class_list":["post-32506","post","type-post","status-publish","format-standard","has-post-thumbnail","hentry","category-gncl","category-haber","category-kampus"],"featured_image_urls":{"full":["https:\/\/www.euegeajans.com\/wp-content\/uploads\/2026\/03\/Ege-Universitesi-ailesi-oruclarini-gonul-sofrasinda-acti-2.jpg",1600,1066,false],"thumbnail":["https:\/\/www.euegeajans.com\/wp-content\/uploads\/2026\/03\/Ege-Universitesi-ailesi-oruclarini-gonul-sofrasinda-acti-2.jpg",150,100,false],"medium":["https:\/\/www.euegeajans.com\/wp-content\/uploads\/2026\/03\/Ege-Universitesi-ailesi-oruclarini-gonul-sofrasinda-acti-2.jpg",300,200,false],"medium_large":["https:\/\/www.euegeajans.com\/wp-content\/uploads\/2026\/03\/Ege-Universitesi-ailesi-oruclarini-gonul-sofrasinda-acti-2.jpg",640,426,false],"large":["https:\/\/www.euegeajans.com\/wp-content\/uploads\/2026\/03\/Ege-Universitesi-ailesi-oruclarini-gonul-sofrasinda-acti-2.jpg",640,426,false],"1536x1536":["https:\/\/www.euegeajans.com\/wp-content\/uploads\/2026\/03\/Ege-Universitesi-ailesi-oruclarini-gonul-sofrasinda-acti-2.jpg",1536,1023,false],"2048x2048":["https:\/\/www.euegeajans.com\/wp-content\/uploads\/2026\/03\/Ege-Universitesi-ailesi-oruclarini-gonul-sofrasinda-acti-2.jpg",1600,1066,false],"newsphere-slider-full":["https:\/\/www.euegeajans.com\/wp-content\/uploads\/2026\/03\/Ege-Universitesi-ailesi-oruclarini-gonul-sofrasinda-acti-2.jpg",1081,720,false],"newsphere-featured":["https:\/\/www.euegeajans.com\/wp-content\/uploads\/2026\/03\/Ege-Universitesi-ailesi-oruclarini-gonul-sofrasinda-acti-2.jpg",1024,682,false],"newsphere-medium":["https:\/\/www.euegeajans.com\/wp-content\/uploads\/2026\/03\/Ege-Universitesi-ailesi-oruclarini-gonul-sofrasinda-acti-2.jpg",570,380,false]},"author_info":{"display_name":"Editor","author_link":"https:\/\/www.euegeajans.com\/index.php\/author\/editor\/"},"category_info":"<a href=\"https:\/\/www.euegeajans.com\/index.php\/category\/gncl\/\" rel=\"category tag\">G\u00fcncel<\/a> <a href=\"https:\/\/www.euegeajans.com\/index.php\/category\/haber\/\" rel=\"category tag\">Haber<\/a> <a href=\"https:\/\/www.euegeajans.com\/index.php\/category\/kampus\/\" rel=\"category tag\">Kamp\u00fcs<\/a>","tag_info":"Kamp\u00fcs","comment_count":"0","_links":{"self":[{"href":"https:\/\/www.euegeajans.com\/index.php\/wp-json\/wp\/v2\/posts\/32506","targetHints":{"allow":["GET"]}}],"collection":[{"href":"https:\/\/www.euegeajans.com\/index.php\/wp-json\/wp\/v2\/posts"}],"about":[{"href":"https:\/\/www.euegeajans.com\/index.php\/wp-json\/wp\/v2\/types\/post"}],"author":[{"embeddable":true,"href":"https:\/\/www.euegeajans.com\/index.php\/wp-json\/wp\/v2\/users\/2"}],"replies":[{"embeddable":true,"href":"https:\/\/www.euegeajans.com\/index.php\/wp-json\/wp\/v2\/comments?post=32506"}],"version-history":[{"count":1,"href":"https:\/\/www.euegeajans.com\/index.php\/wp-json\/wp\/v2\/posts\/32506\/revisions"}],"predecessor-version":[{"id":32516,"href":"https:\/\/www.euegeajans.com\/index.php\/wp-json\/wp\/v2\/posts\/32506\/revisions\/32516"}],"wp:featuredmedia":[{"embeddable":true,"href":"https:\/\/www.euegeajans.com\/index.php\/wp-json\/wp\/v2\/media\/32507"}],"wp:attachment":[{"href":"https:\/\/www.euegeajans.com\/index.php\/wp-json\/wp\/v2\/media?parent=32506"}],"wp:term":[{"taxonomy":"category","embeddable":true,"href":"https:\/\/www.euegeajans.com\/index.php\/wp-json\/wp\/v2\/categories?post=32506"},{"taxonomy":"post_tag","embeddable":true,"href":"https:\/\/www.euegeajans.com\/index.php\/wp-json\/wp\/v2\/tags?post=32506"}],"curies":[{"name":"wp","href":"https:\/\/api.w.org\/{rel}","templated":true}]}}