{"id":32481,"date":"2026-03-11T07:26:37","date_gmt":"2026-03-11T07:26:37","guid":{"rendered":"https:\/\/www.euegeajans.com\/?p=32481"},"modified":"2026-03-11T07:27:16","modified_gmt":"2026-03-11T07:27:16","slug":"eude-hind-rajabin-sesi-filminin-ozel-gosterimi-gerceklestirildi","status":"publish","type":"post","link":"https:\/\/www.euegeajans.com\/index.php\/2026\/03\/11\/eude-hind-rajabin-sesi-filminin-ozel-gosterimi-gerceklestirildi\/","title":{"rendered":"E\u00dc\u2019de \u201cHind Rajab\u2019\u0131n Sesi\u201d filminin \u00f6zel g\u00f6sterimi ger\u00e7ekle\u015ftirildi"},"content":{"rendered":"<p style=\"text-align: justify;\"><strong>Ege \u00dcniversitesinde anlaml\u0131 g\u00f6sterim<\/strong><\/p>\n<p style=\"text-align: justify;\" align=\"right\">Recep D\u00f6nmez- Gencay Sessiz<\/p>\n<p style=\"text-align: justify;\">Ege \u00dcniversitesi ile \u0130zmir \u0130l Milli E\u011fitim M\u00fcd\u00fcrl\u00fc\u011f\u00fc i\u015f birli\u011finde, Sinema Genel M\u00fcd\u00fcrl\u00fc\u011f\u00fcn\u00fcn destekleriyle, Gazze\u2019de ya\u015fanan insanl\u0131k dram\u0131n\u0131n sembol isimlerinden biri haline gelen Hind Rajab\u2019\u0131n trajik hik\u00e2yesini konu alan \u201cHind Rajab\u2019\u0131n Sesi\u201d filminin \u00f6zel g\u00f6sterimi ger\u00e7ekle\u015ftirildi. Ege \u00dcniversitesi Atat\u00fcrk K\u00fclt\u00fcr Merkezinde, Ramazan ay\u0131n\u0131n manevi atmosferinde d\u00fczenlenen programda, d\u00fcnyada ya\u015fanan \u00e7ocuk \u00f6l\u00fcmlerine ve Gazze\u2019deki insanl\u0131k dram\u0131na dikkat \u00e7ekilerek fark\u0131ndal\u0131k olu\u015fturulmas\u0131 ama\u00e7land\u0131. Etkinli\u011fe Ege \u00dcniversitesi Rekt\u00f6r\u00fc Prof. Dr. Musa Alc\u0131, \u0130zmir \u0130l Milli E\u011fitim M\u00fcd\u00fcr\u00fc Dr. \u00d6mer Yah\u015fi, \u0130zmir \u0130l Milli E\u011fitim M\u00fcd\u00fcr Yard\u0131mc\u0131s\u0131 Firdevs \u00c7atalkaya, akademisyenler ve \u00f6\u011frenciler kat\u0131ld\u0131.<\/p>\n<p style=\"text-align: justify;\">Programda konu\u015fan Ege \u00dcniversitesi Rekt\u00f6r\u00fc Prof. Dr. Musa Alc\u0131, \u201cBug\u00fcn burada asl\u0131nda insanl\u0131k ad\u0131na bulunuyoruz. Ne yaz\u0131k ki yak\u0131n co\u011frafyam\u0131z \u015fu anda ate\u015f alt\u0131nda; adaletin zedelendi\u011fi, uluslararas\u0131 sistemin ciddi \u015fekilde sorguland\u0131\u011f\u0131 bir d\u00f6nemden ge\u00e7iyoruz. Gazze iki y\u0131l\u0131 a\u015fk\u0131n s\u00fcredir her t\u00fcrl\u00fc vah\u015fetin ya\u015fand\u0131\u011f\u0131 bir yer haline geldi, bug\u00fcn ise farkl\u0131 b\u00f6lgelerde de benzer ac\u0131lar\u0131n ya\u015fand\u0131\u011f\u0131n\u0131 g\u00f6r\u00fcyoruz. Ancak siz de\u011ferli \u00f6\u011frencilerimizi g\u00f6rd\u00fck\u00e7e \u00fcmitsizli\u011fe kap\u0131lm\u0131yor, aksine umutlar\u0131m\u0131z\u0131n yeniden ye\u015ferdi\u011fini hissediyoruz. \u0130nsanl\u0131k paydas\u0131nda hepimizin ortak bir noktada bulu\u015ftu\u011funa inan\u0131yoruz. Bu \u00e7er\u00e7evede izleyece\u011fimiz filmin \u00f6nemli bir fark\u0131ndal\u0131k olu\u015fturaca\u011f\u0131n\u0131 ve hepimize anlaml\u0131 kazan\u0131mlar sa\u011flayaca\u011f\u0131n\u0131 d\u00fc\u015f\u00fcn\u00fcyorum. Bu vesileyle program\u0131n d\u00fczenlenmesine katk\u0131 sunan \u0130zmir \u0130l Milli E\u011fitim M\u00fcd\u00fcr\u00fc Dr. \u00d6mer Yah\u015fi\u2019ye ve organizasyona destek veren Sinema Genel M\u00fcd\u00fcrl\u00fc\u011f\u00fcne te\u015fekk\u00fcr ediyorum. Hepinize sevgi ve sayg\u0131lar\u0131m\u0131 sunuyorum\u201d dedi.<\/p>\n<p style=\"text-align: justify;\"><b>\u201cKalp; merhametin, adaletin ve vicdan\u0131n merkezidir\u201d<\/b><\/p>\n<p style=\"text-align: justify;\">\u0130zmir \u0130l Milli E\u011fitim M\u00fcd\u00fcr\u00fc Dr. \u00d6mer Yah\u015fi, Ramazan ay\u0131n\u0131n manevi atmosferinde b\u00f6yle bir program d\u00fczenlemek istediklerini belirterek, d\u00fcnyan\u0131n g\u00f6zleri \u00f6n\u00fcnde ya\u015fanan b\u00fcy\u00fck bir insanl\u0131k dram\u0131na dikkat \u00e7ekmek istediklerini s\u00f6yledi.\u00a0 Dr. Yah\u015fi, \u201c\u0130stedik ki bu ayda, d\u00fcnyan\u0131n g\u00f6zleri \u00f6n\u00fcnde bir cinayetin, bir katliam\u0131n, bir vah\u015fetin ya\u015fand\u0131\u011f\u0131; \u00e7ocuklar\u0131n \u00f6ld\u00fcr\u00fcld\u00fc\u011f\u00fc ve d\u00fcnyan\u0131n adeta sinema ya da tiyatro izler gibi buna kay\u0131ts\u0131z kald\u0131\u011f\u0131 ger\u00e7e\u011fine birlikte tan\u0131kl\u0131k edelim. \u0130spanya ba\u015fta olmak \u00fczere bir\u00e7ok \u00fclkede vicdan sahibi sanat\u00e7\u0131lar, akt\u00f6rler ve kanaat \u00f6nderleri bu vah\u015fete tepki g\u00f6sterdi; \u00e7ocuklar\u0131n dili, dini, mezhebi ne olursa olsun bunun bir cinayet oldu\u011funu dile getirdi. Bug\u00fcn de Ege \u00dcniversitesi Rekt\u00f6r\u00fcm\u00fcz ile birlikte, Filistin\u2019de ya\u015fanan trajediyi bir \u00e7ocu\u011fun ger\u00e7ek sesinden anlatan bu sinema eserini sizlerle payla\u015fmak i\u00e7in buraday\u0131z. Temel amac\u0131m\u0131z; \u2018beden \u00fclkesinin ba\u015fkenti\u2019 olarak nitelendirdi\u011fimiz kalbin yaln\u0131zca kan pompalayan bir organ olmad\u0131\u011f\u0131n\u0131 anlatmak. Kalp; merhametin, adaletin, \u015fefkatin ve vicdan\u0131n merkezidir ve bu duygular\u0131n sizlerin g\u00f6nl\u00fcnde yer etmesini arzuluyoruz\u201d dedi.<\/p>\n<p style=\"text-align: justify;\"><b>\u201cMa\u011fdur her \u00e7ocu\u011fun yan\u0131nday\u0131z\u201d<\/b><\/p>\n<p style=\"text-align: justify;\">Filmi izledi\u011finde derinden etkilendi\u011fini ifade eden Dr. Yah\u015fi, \u0130zmir\u2019in gen\u00e7lerinin de bu ger\u00e7e\u011fe tan\u0131kl\u0131k etmesini istedi\u011fini belirterek, \u201cBu filmde sizden \u00e7ok daha k\u00fc\u00e7\u00fck bir k\u0131z \u00e7ocu\u011funun ve ona yard\u0131m etmek i\u00e7in \u00e7\u0131rp\u0131nan insanlar\u0131n ger\u00e7ek hik\u00e2yesini izleyeceksiniz. \u0130zlerken i\u00e7iniz ac\u0131yacak; ancak unutmay\u0131n ki o ses de o \u00e7ocuk da maruz kal\u0131nan vah\u015fet de b\u00fct\u00fcn\u00fcyle ger\u00e7ektir. Fakat t\u00fcm bu ac\u0131lar\u0131n yan\u0131nda bir ba\u015fka b\u00fcy\u00fck ger\u00e7ek daha var. Bizler T\u00fcrkiye Cumhuriyeti Devleti\u2019nin de\u011ferleriyle yeti\u015fmi\u015f bireyler olarak Suriye\u2019den Ukrayna\u2019ya kadar d\u00fcnyan\u0131n neresinde olursa olsun ma\u011fdur her \u00e7ocu\u011fun yan\u0131nday\u0131z. Yard\u0131ma muhta\u00e7 birini g\u00f6rd\u00fc\u011f\u00fcm\u00fczde onun dinine ya da diline bakmay\u0131z, sadece yard\u0131ma ihtiyac\u0131 olup olmad\u0131\u011f\u0131na bakar\u0131z. Bu, tarihsel kodlar\u0131m\u0131zda ve bu topraklar\u0131n mayas\u0131nda vard\u0131r. \u00c7anakkale\u2019de d\u00fc\u015fman\u0131na bile adaletsiz davranmayan bir neslin torunlar\u0131 olarak merhameti ve vicdan\u0131 her \u015feyin \u00fcst\u00fcnde tutan bir ku\u015fa\u011f\u0131n temsilcileriyiz\u201d diye konu\u015ftu.<\/p>\n<p style=\"text-align: justify;\">Konu\u015fmalar\u0131n ard\u0131ndan \u201cHind Rajab\u2019\u0131n Sesi\u201d filmi izleyiciyle bulu\u015ftu. Filistinli k\u00fc\u00e7\u00fck bir k\u0131z \u00e7ocu\u011funun ya\u015fad\u0131klar\u0131n\u0131 ve ona yard\u0131m etmeye \u00e7al\u0131\u015fan insanlar\u0131n \u00e7abas\u0131n\u0131 konu alan film, ger\u00e7ek ses kay\u0131tlar\u0131 ve ya\u015fanm\u0131\u015f olaylardan esinlenerek haz\u0131rland\u0131. G\u00f6sterim s\u0131ras\u0131nda salonda duygusal anlar ya\u015fan\u0131rken, \u00f6\u011frenciler filmi b\u00fcy\u00fck bir ilgi ile izledi. Program, film g\u00f6steriminin ard\u0131ndan sona erdi.<\/p>\n<div id='gallery-1' class='gallery galleryid-32481 gallery-columns-2 gallery-size-medium'><figure class='gallery-item'>\n\t\t\t<div class='gallery-icon landscape'>\n\t\t\t\t<a href='https:\/\/www.euegeajans.com\/wp-content\/uploads\/2026\/03\/2-13.jpg'><img loading=\"lazy\" decoding=\"async\" width=\"300\" height=\"169\" src=\"https:\/\/www.euegeajans.com\/wp-content\/uploads\/2026\/03\/2-13.jpg\" class=\"attachment-medium size-medium\" alt=\"\" \/><\/a>\n\t\t\t<\/div><\/figure><figure class='gallery-item'>\n\t\t\t<div class='gallery-icon landscape'>\n\t\t\t\t<a href='https:\/\/www.euegeajans.com\/wp-content\/uploads\/2026\/03\/3-14.jpg'><img loading=\"lazy\" decoding=\"async\" width=\"300\" height=\"169\" src=\"https:\/\/www.euegeajans.com\/wp-content\/uploads\/2026\/03\/3-14.jpg\" class=\"attachment-medium size-medium\" alt=\"\" \/><\/a>\n\t\t\t<\/div><\/figure>\n\t\t<\/div>\n\n","protected":false},"excerpt":{"rendered":"<p>Ege \u00dcniversitesinde anlaml\u0131 g\u00f6sterim Recep D\u00f6nmez- Gencay Sessiz Ege \u00dcniversitesi ile \u0130zmir \u0130l Milli E\u011fitim&#8230;<\/p>\n","protected":false},"author":2,"featured_media":32483,"comment_status":"open","ping_status":"open","sticky":false,"template":"","format":"standard","meta":{"footnotes":""},"categories":[1,70,540],"tags":[],"class_list":["post-32481","post","type-post","status-publish","format-standard","has-post-thumbnail","hentry","category-gncl","category-kampus","category-kultur-sanat"],"featured_image_urls":{"full":["https:\/\/www.euegeajans.com\/wp-content\/uploads\/2026\/03\/4-13.jpg",1920,1080,false],"thumbnail":["https:\/\/www.euegeajans.com\/wp-content\/uploads\/2026\/03\/4-13.jpg",150,84,false],"medium":["https:\/\/www.euegeajans.com\/wp-content\/uploads\/2026\/03\/4-13.jpg",300,169,false],"medium_large":["https:\/\/www.euegeajans.com\/wp-content\/uploads\/2026\/03\/4-13.jpg",640,360,false],"large":["https:\/\/www.euegeajans.com\/wp-content\/uploads\/2026\/03\/4-13.jpg",640,360,false],"1536x1536":["https:\/\/www.euegeajans.com\/wp-content\/uploads\/2026\/03\/4-13.jpg",1536,864,false],"2048x2048":["https:\/\/www.euegeajans.com\/wp-content\/uploads\/2026\/03\/4-13.jpg",1920,1080,false],"newsphere-slider-full":["https:\/\/www.euegeajans.com\/wp-content\/uploads\/2026\/03\/4-13.jpg",1280,720,false],"newsphere-featured":["https:\/\/www.euegeajans.com\/wp-content\/uploads\/2026\/03\/4-13.jpg",1024,576,false],"newsphere-medium":["https:\/\/www.euegeajans.com\/wp-content\/uploads\/2026\/03\/4-13.jpg",676,380,false]},"author_info":{"display_name":"Editor","author_link":"https:\/\/www.euegeajans.com\/index.php\/author\/editor\/"},"category_info":"<a href=\"https:\/\/www.euegeajans.com\/index.php\/category\/gncl\/\" rel=\"category tag\">G\u00fcncel<\/a> <a href=\"https:\/\/www.euegeajans.com\/index.php\/category\/kampus\/\" rel=\"category tag\">Kamp\u00fcs<\/a> <a href=\"https:\/\/www.euegeajans.com\/index.php\/category\/kultur-sanat\/\" rel=\"category tag\">K\u00fclt\u00fcr - Sanat<\/a>","tag_info":"K\u00fclt\u00fcr - Sanat","comment_count":"0","_links":{"self":[{"href":"https:\/\/www.euegeajans.com\/index.php\/wp-json\/wp\/v2\/posts\/32481","targetHints":{"allow":["GET"]}}],"collection":[{"href":"https:\/\/www.euegeajans.com\/index.php\/wp-json\/wp\/v2\/posts"}],"about":[{"href":"https:\/\/www.euegeajans.com\/index.php\/wp-json\/wp\/v2\/types\/post"}],"author":[{"embeddable":true,"href":"https:\/\/www.euegeajans.com\/index.php\/wp-json\/wp\/v2\/users\/2"}],"replies":[{"embeddable":true,"href":"https:\/\/www.euegeajans.com\/index.php\/wp-json\/wp\/v2\/comments?post=32481"}],"version-history":[{"count":2,"href":"https:\/\/www.euegeajans.com\/index.php\/wp-json\/wp\/v2\/posts\/32481\/revisions"}],"predecessor-version":[{"id":32488,"href":"https:\/\/www.euegeajans.com\/index.php\/wp-json\/wp\/v2\/posts\/32481\/revisions\/32488"}],"wp:featuredmedia":[{"embeddable":true,"href":"https:\/\/www.euegeajans.com\/index.php\/wp-json\/wp\/v2\/media\/32483"}],"wp:attachment":[{"href":"https:\/\/www.euegeajans.com\/index.php\/wp-json\/wp\/v2\/media?parent=32481"}],"wp:term":[{"taxonomy":"category","embeddable":true,"href":"https:\/\/www.euegeajans.com\/index.php\/wp-json\/wp\/v2\/categories?post=32481"},{"taxonomy":"post_tag","embeddable":true,"href":"https:\/\/www.euegeajans.com\/index.php\/wp-json\/wp\/v2\/tags?post=32481"}],"curies":[{"name":"wp","href":"https:\/\/api.w.org\/{rel}","templated":true}]}}