{"id":32474,"date":"2026-03-10T04:44:00","date_gmt":"2026-03-10T04:44:00","guid":{"rendered":"https:\/\/www.euegeajans.com\/?p=32474"},"modified":"2026-03-10T07:48:39","modified_gmt":"2026-03-10T07:48:39","slug":"euden-beden-mekan-ve-sorumluluk-sahne-uzerinden-sahne-arkasina-soylesisi","status":"publish","type":"post","link":"https:\/\/www.euegeajans.com\/index.php\/2026\/03\/10\/euden-beden-mekan-ve-sorumluluk-sahne-uzerinden-sahne-arkasina-soylesisi\/","title":{"rendered":"E\u00dc\u2019den\u00a0 \u201cBeden, Mekan ve Sorumluluk: Sahne \u00dczerinden Sahne Arkas\u0131na\u201d s\u00f6yle\u015fisi"},"content":{"rendered":"<p style=\"font-weight: 400; text-align: justify;\">Haber: Aleyna Karadeniz &#8211; Sena Y\u00fccesoy<\/p>\n<p style=\"font-weight: 400; text-align: justify;\">Foto\u011fraf: Hayat\u00a0 Karadeniz &#8211; Tuana Nehir Ar\u0131can<\/p>\n<p style=\"font-weight: 400; text-align: justify;\">Ege \u00dcniversitesi, Devlet T\u00fcrk Musikisi Konservatuvar\u0131 taraf\u0131ndan, \u201cKariyer Etkinlikleri \u201ckapsam\u0131nda \u00f6\u011frencilerin mesleki geli\u015fimlerine katk\u0131 sa\u011flamak ve onlar\u0131 sekt\u00f6r\u00fcn \u00f6nde gelen isimleriyle bulu\u015fturmak amac\u0131yla \u201cBeden, Mekan ve Sorumluluk: Sahne \u00dczerinden Sahne Arkas\u0131na\u201d ba\u015fl\u0131kl\u0131 s\u00f6yle\u015fi d\u00fczenledi. Devlet T\u00fcrk Musikisi Konservatuvar\u0131 T\u00fcrk Halk Oyunlar\u0131 B\u00f6l\u00fcm\u00fc T\u00fcrk Halk Oyunlar\u0131 \u00d6\u011freticili\u011fi Anasanat Dal\u0131 \u00d6\u011fr. G\u00f6r. Dr. Ferruh \u00d6zdin\u00e7er\u2019in koordinat\u00f6rl\u00fc\u011f\u00fcn\u00fc yapt\u0131\u011f\u0131 etkinli\u011fe Zorlu Performans Sanatlar\u0131 Merkezi \u00a0Sahne Amirleri \u015eefi Emre G\u00f6kmeno\u011flu konu\u015fmac\u0131 olarak kat\u0131ld\u0131. S\u00f6yle\u015fide, sahne sanatlar\u0131n\u0131n g\u00f6r\u00fcnmeyen kahramanlar\u0131 ve mutfak k\u0131sm\u0131ndaki titiz \u00e7al\u0131\u015fmalar\u0131 sanat ve prod\u00fcksiyon d\u00fcnyas\u0131na ilgi duyan \u00f6\u011frencilerle payla\u015ft\u0131.<\/p>\n<p style=\"font-weight: 400; text-align: justify;\">Etkinlikte sahne arkas\u0131 mesleklerinin g\u00f6r\u00fcnmeyen y\u00f6nlerini anlatan Emre G\u00f6kmeno\u011flu, sahne y\u00f6netiminin yaln\u0131zca teknik bir i\u015f olmad\u0131\u011f\u0131n\u0131, ayn\u0131 zamanda g\u00fc\u00e7l\u00fc bir koordinasyon ve sorumluluk gerektirdi\u011fini vurgulad\u0131. Sahne amirinin; dekor, \u0131\u015f\u0131k, ses ve teknik ekipler aras\u0131ndaki ileti\u015fimi sa\u011flayan merkez konumda oldu\u011funu belirten G\u00f6kmeno\u011flu,\u00a0\u201cSahne amiri, asl\u0131nda sahnedeki t\u00fcm trafi\u011fi y\u00f6neten ki\u015fidir. Herkesin ayn\u0131 anda ve do\u011fru zamanda hareket etmesi gerekir. Sahne \u00fczerindeki d\u00fczenin sa\u011flanmas\u0131 tamamen bu koordinasyona ba\u011fl\u0131d\u0131r\u201d dedi.<\/p>\n<p style=\"font-weight: 400; text-align: justify;\">Sahne arkas\u0131nda ya\u015fanabilecek teknik aksakl\u0131klar\u0131n h\u0131zl\u0131 ve do\u011fru m\u00fcdahale gerektirdi\u011fini ifade eden G\u00f6kmeno\u011flu, b\u00fcy\u00fck prod\u00fcksiyonlarda ekipler aras\u0131nda s\u00fcrekli ileti\u015fim sa\u011fland\u0131\u011f\u0131n\u0131 s\u00f6yledi. Sahne ekibinin interkom sistemleriyle birbirine ba\u011fl\u0131 \u00e7al\u0131\u015ft\u0131\u011f\u0131n\u0131 belirten G\u00f6kmeno\u011flu,\u00a0\u201cDekor, \u0131\u015f\u0131k, ses ve sahne ekiplerinin tamam\u0131 ayn\u0131 anda komut al\u0131r. Herkes ayn\u0131 anda hareket eder. K\u00fc\u00e7\u00fck bir gecikme bile sahnedeki ak\u0131\u015f\u0131 bozabilir\u201d diye konu\u015ftu.<\/p>\n<p style=\"font-weight: 400; text-align: justify;\"><strong>\u201c\u0130leti\u015fim ve koordinasyon her zamankinden daha \u00f6nemli\u201d<\/strong><\/p>\n<p style=\"font-weight: 400; text-align: justify;\">Sahne teknolojilerinin geli\u015fmesiyle birlikte prod\u00fcksiyonlar\u0131n daha karma\u015f\u0131k hale geldi\u011fini dile getiren G\u00f6kmeno\u011flu,\u00a0\u201cBug\u00fcn prod\u00fcksiyonlar \u00e7ok daha b\u00fcy\u00fck ve \u00e7ok daha fazla ekip \u00e7al\u0131\u015fmas\u0131 gerektiriyor. Bu y\u00fczden ileti\u015fim ve koordinasyon her zamankinden daha \u00f6nemli\u201d ifadelerini kulland\u0131. Konu\u015fmas\u0131nda kariyer yolculu\u011funa da de\u011finen G\u00f6kmeno\u011flu, sahne arkas\u0131nda \u00e7al\u0131\u015fmak isteyen gen\u00e7lere tavsiyelerde bulunarak,\u00a0\u201cSahne amiri olmak istiyorsan\u0131z \u00f6nce sahne teknisyenli\u011fini \u00f6\u011frenmeniz gerekir. Bir kablonun nas\u0131l ba\u011fland\u0131\u011f\u0131n\u0131, bir dekorun nas\u0131l kuruldu\u011funu bilmeden bu i\u015fi y\u00f6netmek m\u00fcmk\u00fcn de\u011fil. Bu i\u015f merak ve sab\u0131r gerektirir\u201d dedi.<\/p>\n<p style=\"font-weight: 400; text-align: justify;\">Konu\u015fmas\u0131n\u0131n ard\u0131ndan E\u00dc Devlet T\u00fcrk Musikisi Konservatuvar\u0131 M\u00fcd\u00fcr\u00fc Prof. Dr. Ali Maruf Alaskan, katk\u0131lar\u0131ndan \u00f6t\u00fcr\u00fc Emre G\u00f6kmeno\u011flu\u2019na te\u015fekk\u00fcr belgesi takdim etti.<\/p>\n<div id='gallery-1' class='gallery galleryid-32474 gallery-columns-2 gallery-size-medium'><figure class='gallery-item'>\n\t\t\t<div class='gallery-icon landscape'>\n\t\t\t\t<a href='https:\/\/www.euegeajans.com\/wp-content\/uploads\/2026\/03\/4-12.jpg'><img loading=\"lazy\" decoding=\"async\" width=\"300\" height=\"300\" src=\"https:\/\/www.euegeajans.com\/wp-content\/uploads\/2026\/03\/4-12.jpg\" class=\"attachment-medium size-medium\" alt=\"\" \/><\/a>\n\t\t\t<\/div><\/figure><figure class='gallery-item'>\n\t\t\t<div class='gallery-icon landscape'>\n\t\t\t\t<a href='https:\/\/www.euegeajans.com\/wp-content\/uploads\/2026\/03\/3-13.jpg'><img loading=\"lazy\" decoding=\"async\" width=\"300\" height=\"300\" src=\"https:\/\/www.euegeajans.com\/wp-content\/uploads\/2026\/03\/3-13.jpg\" class=\"attachment-medium size-medium\" alt=\"\" \/><\/a>\n\t\t\t<\/div><\/figure><figure class='gallery-item'>\n\t\t\t<div class='gallery-icon landscape'>\n\t\t\t\t<a href='https:\/\/www.euegeajans.com\/wp-content\/uploads\/2026\/03\/5-12.jpg'><img loading=\"lazy\" decoding=\"async\" width=\"300\" height=\"300\" src=\"https:\/\/www.euegeajans.com\/wp-content\/uploads\/2026\/03\/5-12.jpg\" class=\"attachment-medium size-medium\" alt=\"\" \/><\/a>\n\t\t\t<\/div><\/figure><figure class='gallery-item'>\n\t\t\t<div class='gallery-icon landscape'>\n\t\t\t\t<a href='https:\/\/www.euegeajans.com\/wp-content\/uploads\/2026\/03\/6-10.jpg'><img loading=\"lazy\" decoding=\"async\" width=\"300\" height=\"300\" src=\"https:\/\/www.euegeajans.com\/wp-content\/uploads\/2026\/03\/6-10.jpg\" class=\"attachment-medium size-medium\" alt=\"\" \/><\/a>\n\t\t\t<\/div><\/figure>\n\t\t<\/div>\n\n","protected":false},"excerpt":{"rendered":"<p>Haber: Aleyna Karadeniz &#8211; Sena Y\u00fccesoy Foto\u011fraf: Hayat\u00a0 Karadeniz &#8211; Tuana Nehir Ar\u0131can Ege \u00dcniversitesi,&#8230;<\/p>\n","protected":false},"author":2,"featured_media":32475,"comment_status":"open","ping_status":"open","sticky":false,"template":"","format":"standard","meta":{"footnotes":""},"categories":[99,1,70,540],"tags":[],"class_list":["post-32474","post","type-post","status-publish","format-standard","has-post-thumbnail","hentry","category-egitim","category-gncl","category-kampus","category-kultur-sanat"],"featured_image_urls":{"full":["https:\/\/www.euegeajans.com\/wp-content\/uploads\/2026\/03\/2-12.jpg",1080,1080,false],"thumbnail":["https:\/\/www.euegeajans.com\/wp-content\/uploads\/2026\/03\/2-12.jpg",150,150,false],"medium":["https:\/\/www.euegeajans.com\/wp-content\/uploads\/2026\/03\/2-12.jpg",300,300,false],"medium_large":["https:\/\/www.euegeajans.com\/wp-content\/uploads\/2026\/03\/2-12.jpg",640,640,false],"large":["https:\/\/www.euegeajans.com\/wp-content\/uploads\/2026\/03\/2-12.jpg",640,640,false],"1536x1536":["https:\/\/www.euegeajans.com\/wp-content\/uploads\/2026\/03\/2-12.jpg",1080,1080,false],"2048x2048":["https:\/\/www.euegeajans.com\/wp-content\/uploads\/2026\/03\/2-12.jpg",1080,1080,false],"newsphere-slider-full":["https:\/\/www.euegeajans.com\/wp-content\/uploads\/2026\/03\/2-12.jpg",720,720,false],"newsphere-featured":["https:\/\/www.euegeajans.com\/wp-content\/uploads\/2026\/03\/2-12.jpg",1024,1024,false],"newsphere-medium":["https:\/\/www.euegeajans.com\/wp-content\/uploads\/2026\/03\/2-12.jpg",380,380,false]},"author_info":{"display_name":"Editor","author_link":"https:\/\/www.euegeajans.com\/index.php\/author\/editor\/"},"category_info":"<a href=\"https:\/\/www.euegeajans.com\/index.php\/category\/egitim\/\" rel=\"category tag\">E\u011fitim<\/a> <a href=\"https:\/\/www.euegeajans.com\/index.php\/category\/gncl\/\" rel=\"category tag\">G\u00fcncel<\/a> <a href=\"https:\/\/www.euegeajans.com\/index.php\/category\/kampus\/\" rel=\"category tag\">Kamp\u00fcs<\/a> <a href=\"https:\/\/www.euegeajans.com\/index.php\/category\/kultur-sanat\/\" rel=\"category tag\">K\u00fclt\u00fcr - Sanat<\/a>","tag_info":"K\u00fclt\u00fcr - Sanat","comment_count":"0","_links":{"self":[{"href":"https:\/\/www.euegeajans.com\/index.php\/wp-json\/wp\/v2\/posts\/32474","targetHints":{"allow":["GET"]}}],"collection":[{"href":"https:\/\/www.euegeajans.com\/index.php\/wp-json\/wp\/v2\/posts"}],"about":[{"href":"https:\/\/www.euegeajans.com\/index.php\/wp-json\/wp\/v2\/types\/post"}],"author":[{"embeddable":true,"href":"https:\/\/www.euegeajans.com\/index.php\/wp-json\/wp\/v2\/users\/2"}],"replies":[{"embeddable":true,"href":"https:\/\/www.euegeajans.com\/index.php\/wp-json\/wp\/v2\/comments?post=32474"}],"version-history":[{"count":1,"href":"https:\/\/www.euegeajans.com\/index.php\/wp-json\/wp\/v2\/posts\/32474\/revisions"}],"predecessor-version":[{"id":32480,"href":"https:\/\/www.euegeajans.com\/index.php\/wp-json\/wp\/v2\/posts\/32474\/revisions\/32480"}],"wp:featuredmedia":[{"embeddable":true,"href":"https:\/\/www.euegeajans.com\/index.php\/wp-json\/wp\/v2\/media\/32475"}],"wp:attachment":[{"href":"https:\/\/www.euegeajans.com\/index.php\/wp-json\/wp\/v2\/media?parent=32474"}],"wp:term":[{"taxonomy":"category","embeddable":true,"href":"https:\/\/www.euegeajans.com\/index.php\/wp-json\/wp\/v2\/categories?post=32474"},{"taxonomy":"post_tag","embeddable":true,"href":"https:\/\/www.euegeajans.com\/index.php\/wp-json\/wp\/v2\/tags?post=32474"}],"curies":[{"name":"wp","href":"https:\/\/api.w.org\/{rel}","templated":true}]}}