{"id":32465,"date":"2026-03-10T05:27:00","date_gmt":"2026-03-10T05:27:00","guid":{"rendered":"https:\/\/www.euegeajans.com\/?p=32465"},"modified":"2026-03-10T07:31:20","modified_gmt":"2026-03-10T07:31:20","slug":"eude-lenfodem-her-yonuyle-uzmanlar-tarafindan-degerlendirildi","status":"publish","type":"post","link":"https:\/\/www.euegeajans.com\/index.php\/2026\/03\/10\/eude-lenfodem-her-yonuyle-uzmanlar-tarafindan-degerlendirildi\/","title":{"rendered":"E\u00dc\u2019de \u201cLenf\u00f6dem\u201d her y\u00f6n\u00fcyle uzmanlar taraf\u0131ndan de\u011ferlendirildi"},"content":{"rendered":"<p style=\"text-align: justify;\" align=\"right\">Zeren \u0130kisivri- Nisa Ketenci<\/p>\n<p style=\"text-align: justify;\" align=\"right\">Yi\u011fit Ka\u011fan G\u00f6kkaya- Emre Ta\u015fk\u0131n<\/p>\n<p style=\"text-align: justify;\">Ege \u00dcniversitesi(E\u00dc) T\u0131p Fak\u00fcltesinde, \u201cD\u00fcnya Lenf\u00f6dem G\u00fcn\u00fc\u201d kapsam\u0131nda toplumda fark\u0131ndal\u0131k olu\u015fturmak ve hastalar\u0131 bilgilendirmek amac\u0131yla etkinlik d\u00fczenlendi. T\u0131p Fak\u00fcltesi Muhiddin Erel Amfisinde ger\u00e7ekle\u015fen etkinli\u011fe uzman hekimler,\u00a0 sa\u011fl\u0131k \u00e7al\u0131\u015fanlar\u0131, \u00f6\u011frenciler ve hasta yak\u0131nlar\u0131 kat\u0131ld\u0131. \u201cSessiz tehlike&#8221; olarak bilinen lenf\u00f6dem hastal\u0131\u011f\u0131 ile \u00a0ilgili bilgilerin sunuldu\u011fu etkinlikte, hastal\u0131\u011f\u0131n nedenleri, belirtileri ve modern tedavi s\u00fcre\u00e7leri derinlemesine incelendi.<\/p>\n<p style=\"text-align: justify;\">Hastal\u0131\u011f\u0131n fizyolojik boyutu hakk\u0131nda bilgi veren E\u00dc T\u0131p Fak\u00fcltesi Genel Cerrahi Anabilim Dal\u0131 \u00f6\u011fretim \u00fcyesi Do\u00e7. Dr. Berk G\u00f6ktepe, lenf\u00f6demin lenf sistemindeki dola\u015f\u0131m\u0131n bozulmas\u0131yla ortaya \u00e7\u0131kt\u0131\u011f\u0131n\u0131 vurgulad\u0131. Do\u00e7. Dr. G\u00f6ktepe, \u201cLenf\u00f6dem, proteinden zengin lenf s\u0131v\u0131s\u0131n\u0131n ameliyat, radyoterapi, enfeksiyon ya da travma gibi nedenlerle dola\u015f\u0131m\u0131n\u0131n bozulmas\u0131 sonucu olu\u015fur ve v\u00fccudun farkl\u0131 b\u00f6lgelerinde \u015fi\u015fliklere yol a\u00e7abilir\u201d dedi. \u00d6zellikle meme kanseri cerrahisi sonras\u0131 riskin artt\u0131\u011f\u0131n\u0131 belirten Do\u00e7. Dr. G\u00f6ktepe, \u201cKoltuk alt\u0131ndaki lenf nodlar\u0131na yap\u0131lan cerrahi m\u00fcdahaleler sonras\u0131nda lenfatik ak\u0131m bozulabiliyor ve bu da kolda \u015fi\u015flik olu\u015fmas\u0131na neden olabiliyor. G\u00fcn\u00fcm\u00fczde uygulanan yeni cerrahi tekniklerle bu riski en aza indirmeye \u00e7al\u0131\u015f\u0131yoruz\u201d dedi.<\/p>\n<p style=\"text-align: justify;\"><b>\u201cModern yakla\u015f\u0131mlarla ya\u015fam kalitesi \u00f6n planda\u201d<\/b><\/p>\n<p style=\"text-align: justify;\">E\u00dc T\u0131p Fak\u00fcltesi Radyasyon Onkolojisi Anabilim Dal\u0131 \u00d6\u011fretim \u00dcyesi Prof. Dr. Senem Alanyal\u0131, kanser tedavisinde ba\u015far\u0131n\u0131n yan\u0131 s\u0131ra hastan\u0131n konforunun da kritik oldu\u011funu ifade etti. Prof. Dr. Alanyal\u0131, \u201cMeme kanseri tedavisinde ba\u015far\u0131 oran\u0131 olduk\u00e7a y\u00fcksek. Bu nedenle hastalar\u0131m\u0131z\u0131n tedavi sonras\u0131 ya\u015fam kalitesini korumak bizim i\u00e7in b\u00fcy\u00fck \u00f6nem ta\u015f\u0131yor. Lenf\u00f6dem gibi yan etkilerin erken fark edilmesi bu a\u00e7\u0131dan kritik\u201d dedi. G\u00fcncel t\u0131bbi yakla\u015f\u0131mlara de\u011finen Alanyal\u0131, \u201c20 y\u0131l \u00f6nce koltuk alt\u0131n\u0131 tamamen temizlemek bir cerrahi ba\u015far\u0131 gibi g\u00f6r\u00fcl\u00fcrken; art\u0131k g\u00fcn\u00fcm\u00fczde daha az lenf nodu \u00e7\u0131karmak ve geride kalan h\u00fccreleri hedefli radyoterapiyle kurutmak temel yakla\u015f\u0131m\u0131m\u0131z haline geldi\u201d diye konu\u015ftu<\/p>\n<p style=\"text-align: justify;\"><b>\u201cErken te\u015fhis ve her ya\u015fta g\u00f6r\u00fclme riski\u201d<\/b><\/p>\n<p style=\"text-align: justify;\">E\u00dc Fizik Tedavi ve Rehabilitasyon Anabilim Dal\u0131 \u00d6\u011fretim \u00dcyesi Prof. Dr. Sibel Eyig\u00f6r, erken fark\u0131ndal\u0131\u011f\u0131n tedavideki hayati rol\u00fcne de\u011findi. Hastalar\u0131n kollar\u0131nda hissettikleri dolgunluk veya gerginlik hissinin ilk uyar\u0131c\u0131lar oldu\u011funu belirten Prof. Dr. Eyig\u00f6r, \u201cErken d\u00f6nemde m\u00fcdahale edildi\u011finde lenf\u00f6dem geli\u015fmeden s\u00fcreci kontrol etmek m\u00fcmk\u00fcn olabiliyor\u201d dedi. Hastal\u0131\u011f\u0131n sadece yeti\u015fkinlerde de\u011fil, bebeklerde dahi g\u00f6r\u00fclebildi\u011fini kaydeden Eyig\u00f6r, \u201cDo\u011fumdan itibaren lenf sisteminin geli\u015fmemesine ba\u011fl\u0131 olarak bebeklerde de bu tabloyla kar\u015f\u0131la\u015fabiliyoruz. Ancak son y\u0131llarda cerrahi ve radyoterapi tekniklerindeki geli\u015fim sayesinde lenf\u00f6dem vakalar\u0131nda bir azalma g\u00f6zlemliyoruz\u201d diye konu\u015ftu.<\/p>\n<p style=\"text-align: justify;\"><b>\u201cHastalar i\u00e7in pembe bileklik ve cilt bak\u0131m\u0131 \u00f6nemli\u201d<\/b><\/p>\n<p style=\"text-align: justify;\">Etkinlikte Dr. Berna Bulut, hastalar\u0131n g\u00fcnl\u00fck ya\u015famda dikkat etmesi gereken pratik bilgileri payla\u015ft\u0131. Ameliyatl\u0131 kolun korunmas\u0131 gerekti\u011fini vurgulayan Bulut, \u201cHastalar\u0131m\u0131z 2 kilogramdan a\u011f\u0131r y\u00fck ta\u015f\u0131mamal\u0131, dar m\u00fccevher ve s\u0131k\u0131 k\u0131yafetlerden ka\u00e7\u0131nmal\u0131d\u0131r. Ayr\u0131ca tansiyon \u00f6l\u00e7\u00fcm\u00fc ve kan alma gibi i\u015flemlerin bu koldan yap\u0131lmamas\u0131 hayati \u00f6nem ta\u015f\u0131yor. Acil durumlarda yanl\u0131\u015f m\u00fcdahaleyi \u00f6nlemek i\u00e7in etkilenen tarafa \u2018pembe bileklik\u2019 tak\u0131lmas\u0131n\u0131 \u00f6neriyoruz\u201d dedi. Cilt bak\u0131m\u0131n\u0131n enfeksiyon riskini \u00f6nlemedeki rol\u00fcne dikkat \u00e7eken Bulut, n\u00f6tr PH\u2019l\u0131 temizleyicilerin kullan\u0131lmas\u0131n\u0131 ve kurulama s\u0131ras\u0131nda havluyla \u201cdokundur-\u00e7ek\u201d y\u00f6nteminin uygulanmas\u0131n\u0131 tavsiye etti.<\/p>\n<p style=\"text-align: justify;\">\u201c<b>Egzersiz ve do\u011fru bandajlama teknikleri\u201d<\/b><\/p>\n<p style=\"text-align: justify;\">Hem\u015fire Sedef \u00c7al\u0131\u015fkan ve Hem\u015fire Menek\u015fe \u00d6zg\u00fcr \u0130nbat, lenf ak\u0131\u015f\u0131n\u0131 h\u0131zland\u0131ran teknik y\u00f6ntemler \u00fczerine sunumlar ger\u00e7ekle\u015ftirdi. Egzersizin kas pompas\u0131n\u0131 \u00e7al\u0131\u015ft\u0131rarak lenf s\u0131v\u0131s\u0131 emilimini art\u0131rd\u0131\u011f\u0131n\u0131 belirten Sedef \u00c7al\u0131\u015fkan, \u201cY\u00fcr\u00fcy\u00fc\u015f, y\u00fczme ve yoga gibi aktiviteler faydal\u0131yken; tenis ve golf gibi darbeli sporlar \u015fi\u015fli\u011fi tetikleyebilir. \u00d6zellikle \u2018kol pompa\u2019 ve solunum egzersizleri g\u00fcn i\u00e7inde mutlaka tekrarlanmal\u0131d\u0131r\u201d dedi.<\/p>\n<p style=\"text-align: justify;\">Do\u011fru bandajlaman\u0131n \u00f6nemine de\u011finen Menek\u015fe \u00d6zg\u00fcr \u0130nbat ise, standart sarg\u0131lar\u0131n aksine \u201ck\u0131sa gerim\u201d \u00f6zelli\u011fine sahip profesyonel materyallerin kullan\u0131lmas\u0131 gerekti\u011fini hat\u0131rlatt\u0131. \u0130nbat, uzman kontrol\u00fcnde yap\u0131lan masaj ve bandaj uygulamalar\u0131n\u0131n dokudaki yumu\u015famay\u0131 ve \u00f6dem azalmas\u0131n\u0131 kal\u0131c\u0131 hale getirdi\u011fini ifade etti.<\/p>\n<div id='gallery-1' class='gallery galleryid-32465 gallery-columns-3 gallery-size-medium'><figure class='gallery-item'>\n\t\t\t<div class='gallery-icon landscape'>\n\t\t\t\t<a href='https:\/\/www.euegeajans.com\/wp-content\/uploads\/2026\/03\/2-11.jpg'><img loading=\"lazy\" decoding=\"async\" width=\"300\" height=\"169\" src=\"https:\/\/www.euegeajans.com\/wp-content\/uploads\/2026\/03\/2-11.jpg\" class=\"attachment-medium size-medium\" alt=\"\" \/><\/a>\n\t\t\t<\/div><\/figure><figure class='gallery-item'>\n\t\t\t<div class='gallery-icon landscape'>\n\t\t\t\t<a href='https:\/\/www.euegeajans.com\/wp-content\/uploads\/2026\/03\/4-11.jpg'><img loading=\"lazy\" decoding=\"async\" width=\"300\" height=\"169\" src=\"https:\/\/www.euegeajans.com\/wp-content\/uploads\/2026\/03\/4-11.jpg\" class=\"attachment-medium size-medium\" alt=\"\" \/><\/a>\n\t\t\t<\/div><\/figure><figure class='gallery-item'>\n\t\t\t<div class='gallery-icon landscape'>\n\t\t\t\t<a href='https:\/\/www.euegeajans.com\/wp-content\/uploads\/2026\/03\/5-11.jpg'><img loading=\"lazy\" decoding=\"async\" width=\"300\" height=\"169\" src=\"https:\/\/www.euegeajans.com\/wp-content\/uploads\/2026\/03\/5-11.jpg\" class=\"attachment-medium size-medium\" alt=\"\" \/><\/a>\n\t\t\t<\/div><\/figure><figure class='gallery-item'>\n\t\t\t<div class='gallery-icon landscape'>\n\t\t\t\t<a href='https:\/\/www.euegeajans.com\/wp-content\/uploads\/2026\/03\/6-9.jpg'><img loading=\"lazy\" decoding=\"async\" width=\"300\" height=\"169\" src=\"https:\/\/www.euegeajans.com\/wp-content\/uploads\/2026\/03\/6-9.jpg\" class=\"attachment-medium size-medium\" alt=\"\" \/><\/a>\n\t\t\t<\/div><\/figure><figure class='gallery-item'>\n\t\t\t<div class='gallery-icon landscape'>\n\t\t\t\t<a href='https:\/\/www.euegeajans.com\/wp-content\/uploads\/2026\/03\/7-6.jpg'><img loading=\"lazy\" decoding=\"async\" width=\"300\" height=\"169\" src=\"https:\/\/www.euegeajans.com\/wp-content\/uploads\/2026\/03\/7-6.jpg\" class=\"attachment-medium size-medium\" alt=\"\" \/><\/a>\n\t\t\t<\/div><\/figure><figure class='gallery-item'>\n\t\t\t<div class='gallery-icon landscape'>\n\t\t\t\t<a href='https:\/\/www.euegeajans.com\/wp-content\/uploads\/2026\/03\/8-1.jpg'><img loading=\"lazy\" decoding=\"async\" width=\"300\" height=\"169\" src=\"https:\/\/www.euegeajans.com\/wp-content\/uploads\/2026\/03\/8-1.jpg\" class=\"attachment-medium size-medium\" alt=\"\" \/><\/a>\n\t\t\t<\/div><\/figure>\n\t\t<\/div>\n\n","protected":false},"excerpt":{"rendered":"<p>Zeren \u0130kisivri- Nisa Ketenci Yi\u011fit Ka\u011fan G\u00f6kkaya- Emre Ta\u015fk\u0131n Ege \u00dcniversitesi(E\u00dc) T\u0131p Fak\u00fcltesinde, \u201cD\u00fcnya Lenf\u00f6dem&#8230;<\/p>\n","protected":false},"author":2,"featured_media":32466,"comment_status":"open","ping_status":"open","sticky":false,"template":"","format":"standard","meta":{"footnotes":""},"categories":[99,1,68],"tags":[],"class_list":["post-32465","post","type-post","status-publish","format-standard","has-post-thumbnail","hentry","category-egitim","category-gncl","category-saglik"],"featured_image_urls":{"full":["https:\/\/www.euegeajans.com\/wp-content\/uploads\/2026\/03\/ORNEK_YATAY-Kopyasi.jpg",1920,1080,false],"thumbnail":["https:\/\/www.euegeajans.com\/wp-content\/uploads\/2026\/03\/ORNEK_YATAY-Kopyasi.jpg",150,84,false],"medium":["https:\/\/www.euegeajans.com\/wp-content\/uploads\/2026\/03\/ORNEK_YATAY-Kopyasi.jpg",300,169,false],"medium_large":["https:\/\/www.euegeajans.com\/wp-content\/uploads\/2026\/03\/ORNEK_YATAY-Kopyasi.jpg",640,360,false],"large":["https:\/\/www.euegeajans.com\/wp-content\/uploads\/2026\/03\/ORNEK_YATAY-Kopyasi.jpg",640,360,false],"1536x1536":["https:\/\/www.euegeajans.com\/wp-content\/uploads\/2026\/03\/ORNEK_YATAY-Kopyasi.jpg",1536,864,false],"2048x2048":["https:\/\/www.euegeajans.com\/wp-content\/uploads\/2026\/03\/ORNEK_YATAY-Kopyasi.jpg",1920,1080,false],"newsphere-slider-full":["https:\/\/www.euegeajans.com\/wp-content\/uploads\/2026\/03\/ORNEK_YATAY-Kopyasi.jpg",1280,720,false],"newsphere-featured":["https:\/\/www.euegeajans.com\/wp-content\/uploads\/2026\/03\/ORNEK_YATAY-Kopyasi.jpg",1024,576,false],"newsphere-medium":["https:\/\/www.euegeajans.com\/wp-content\/uploads\/2026\/03\/ORNEK_YATAY-Kopyasi.jpg",676,380,false]},"author_info":{"display_name":"Editor","author_link":"https:\/\/www.euegeajans.com\/index.php\/author\/editor\/"},"category_info":"<a href=\"https:\/\/www.euegeajans.com\/index.php\/category\/egitim\/\" rel=\"category tag\">E\u011fitim<\/a> <a href=\"https:\/\/www.euegeajans.com\/index.php\/category\/gncl\/\" rel=\"category tag\">G\u00fcncel<\/a> <a href=\"https:\/\/www.euegeajans.com\/index.php\/category\/saglik\/\" rel=\"category tag\">Sa\u011fl\u0131k<\/a>","tag_info":"Sa\u011fl\u0131k","comment_count":"0","_links":{"self":[{"href":"https:\/\/www.euegeajans.com\/index.php\/wp-json\/wp\/v2\/posts\/32465","targetHints":{"allow":["GET"]}}],"collection":[{"href":"https:\/\/www.euegeajans.com\/index.php\/wp-json\/wp\/v2\/posts"}],"about":[{"href":"https:\/\/www.euegeajans.com\/index.php\/wp-json\/wp\/v2\/types\/post"}],"author":[{"embeddable":true,"href":"https:\/\/www.euegeajans.com\/index.php\/wp-json\/wp\/v2\/users\/2"}],"replies":[{"embeddable":true,"href":"https:\/\/www.euegeajans.com\/index.php\/wp-json\/wp\/v2\/comments?post=32465"}],"version-history":[{"count":1,"href":"https:\/\/www.euegeajans.com\/index.php\/wp-json\/wp\/v2\/posts\/32465\/revisions"}],"predecessor-version":[{"id":32473,"href":"https:\/\/www.euegeajans.com\/index.php\/wp-json\/wp\/v2\/posts\/32465\/revisions\/32473"}],"wp:featuredmedia":[{"embeddable":true,"href":"https:\/\/www.euegeajans.com\/index.php\/wp-json\/wp\/v2\/media\/32466"}],"wp:attachment":[{"href":"https:\/\/www.euegeajans.com\/index.php\/wp-json\/wp\/v2\/media?parent=32465"}],"wp:term":[{"taxonomy":"category","embeddable":true,"href":"https:\/\/www.euegeajans.com\/index.php\/wp-json\/wp\/v2\/categories?post=32465"},{"taxonomy":"post_tag","embeddable":true,"href":"https:\/\/www.euegeajans.com\/index.php\/wp-json\/wp\/v2\/tags?post=32465"}],"curies":[{"name":"wp","href":"https:\/\/api.w.org\/{rel}","templated":true}]}}