{"id":32454,"date":"2026-03-10T07:10:15","date_gmt":"2026-03-10T07:10:15","guid":{"rendered":"https:\/\/www.euegeajans.com\/?p=32454"},"modified":"2026-03-10T07:10:17","modified_gmt":"2026-03-10T07:10:17","slug":"ege-universitesinde-ramazanin-manevi-iklimi-kampuse-tasindi","status":"publish","type":"post","link":"https:\/\/www.euegeajans.com\/index.php\/2026\/03\/10\/ege-universitesinde-ramazanin-manevi-iklimi-kampuse-tasindi\/","title":{"rendered":"Ege \u00dcniversitesinde Ramazan\u2019\u0131n manevi iklimi kamp\u00fcse ta\u015f\u0131nd\u0131"},"content":{"rendered":"<p style=\"text-align: justify;\" align=\"right\"><span lang=\"tr\">Ahmet Faruk Dutlar, Beyzanur \u015eahin, Melek Nur Sever<\/span><\/p>\n<p style=\"text-align: justify;\"><span lang=\"tr\">Ege \u00dcniversitesi(E\u00dc) ve Vak\u0131flar \u0130zmir B\u00f6lge M\u00fcd\u00fcrl\u00fc\u011f\u00fc i\u015f birli\u011fiyle d\u00fczenlenen dev iftar organizasyonu, binlerce \u00f6\u011frenci ve akademisyeni birlik, beraberlik ve payla\u015fma ruhuyla ayn\u0131 sofrada bulu\u015fturdu.<\/span><\/p>\n<p style=\"text-align: justify;\"><span lang=\"tr\">Ege \u00dcniversitesi (E\u00dc), Ramazan ay\u0131n\u0131n manevi iklimini ve payla\u015fma ruhunu kamp\u00fcs\u00fcn kalbine ta\u015f\u0131yarak, \u00f6\u011frencileri ve \u00fcniversite mensuplar\u0131n\u0131 iftar sofras\u0131nda bir araya getirdi.<\/span><span lang=\"tr\">\u00a0<\/span><span lang=\"tr\">Ege \u00dcniversitesini Sa\u011fl\u0131k, K\u00fclt\u00fcr ve Spor Daire Ba\u015fkanl\u0131\u011f\u0131 bah\u00e7esinde ger\u00e7ekle\u015fen etkinli\u011fe; Ege \u00dcniversitesi Rekt\u00f6r\u00fc Prof. Dr. Musa Alc\u0131, \u0130zmir Vak\u0131flar B\u00f6lge M\u00fcd\u00fcr\u00fc Tahir Emre Can, \u00fcniversite \u00fcst y\u00f6netimi, akademisyenler, idari personel ve \u00f6\u011frenciler kat\u0131ld\u0131.<\/span><\/p>\n<p style=\"text-align: justify;\"><span lang=\"tr\">Programda konu\u015fan Ege \u00dcniversitesi Rekt\u00f6r\u00fc Prof. Dr. Musa Alc\u0131, \u201cEge \u00dcniversitesi ailesi olarak Ramazan ay\u0131n\u0131n bereketini ve huzurunu hep birlikte payla\u015f\u0131yor olman\u0131n mutlulu\u011funu ya\u015f\u0131yoruz. Kurdu\u011fumuz bu g\u00f6n\u00fcl sofralar\u0131, aram\u0131zdaki karde\u015flik ba\u011flar\u0131n\u0131 ve aidiyet duygusunu daha da g\u00fc\u00e7lendiriyor. Gelece\u011fimizin teminat\u0131 olan \u00f6\u011frencilerimizin bu sofralara g\u00f6sterdi\u011fi yo\u011fun ilgi, bizler i\u00e7in en b\u00fcy\u00fck motivasyon kayna\u011f\u0131d\u0131r. Vak\u0131flar B\u00f6lge M\u00fcd\u00fcrl\u00fc\u011f\u00fcm\u00fcze bu anlaml\u0131 i\u015f birli\u011fi i\u00e7in te\u015fekk\u00fcr ediyor, birli\u011fimizin daim olmas\u0131n\u0131 diliyorum.<\/span><span lang=\"tr\">\u00a0Hepinizi sayg\u0131yla, sevgiyle ve muhabbetle selaml\u0131yorum\u201d dedi.<\/span><\/p>\n<p style=\"text-align: justify;\"><b><span lang=\"tr\">\u00a0\u201cBu bir ilk oldu, devam\u0131 gelecektir\u201d<\/span><\/b><\/p>\n<p style=\"text-align: justify;\"><span lang=\"tr\">Etkinlikte yapt\u0131\u011f\u0131 konu\u015fmada Ege \u00dcniversitesi ile y\u00fcr\u00fct\u00fclen i\u015f birli\u011finin \u00f6nemine dikkat \u00e7eken \u0130zmir Vak\u0131flar B\u00f6lge M\u00fcd\u00fcr\u00fc Tahir Emre Can, \u201cBu ak\u015fam Ege \u00dcniversitesinde, k\u0131ymetli Rekt\u00f6r\u00fcm\u00fcz\u00fcn \u00f6nc\u00fcl\u00fc\u011f\u00fc ve ev sahipli\u011finde bu iftar\u0131 ger\u00e7ekle\u015ftiriyoruz. Bug\u00fcn ne kadar do\u011fru bir i\u015f yapt\u0131\u011f\u0131m\u0131z\u0131 ve etkinli\u011fe ne kadar g\u00fczel bir tevecc\u00fch oldu\u011funu g\u00f6r\u00fcyoruz. \u0130nan\u0131yorum ki bu g\u00fczel bulu\u015fma bir ilk oldu ve devam\u0131 da gelecektir. Say\u0131n Rekt\u00f6r\u00fcm\u00fcze, g\u00f6reve ba\u015flad\u0131\u011f\u0131 ilk g\u00fcnden itibaren sergiledi\u011fi heyecan ve \u00f6\u011frencilerle kurdu\u011fu samimi diyalog i\u00e7in te\u015fekk\u00fcr ediyorum\u201d diye konu\u015ftu.<\/span><\/p>\n<p style=\"text-align: justify;\"><b><span lang=\"tr\">\u201cManeviyat dolu program ve k\u00fclt\u00fcrel esintiler\u201d<\/span><\/b><\/p>\n<p style=\"text-align: justify;\"><span lang=\"tr\">\u0130ftar saati \u00f6ncesinde ba\u015flayan etkinlikler kapsam\u0131nda, Ege \u00dcniversitesi Devlet T\u00fcrk Musikisi Konservatuvar\u0131 sanat\u00e7\u0131lar\u0131 taraf\u0131ndan icra edilen ilahi dinletisi kat\u0131l\u0131mc\u0131lara huzur dolu anlar ya\u015fatt\u0131. M\u00fczi\u011fin manevi t\u0131n\u0131lar\u0131na e\u015flik eden semazen g\u00f6sterileri ise izleyicilerden b\u00fcy\u00fck be\u011feni toplad\u0131. Ramazan ay\u0131n\u0131n geleneksel ve k\u00fclt\u00fcrel miras\u0131n\u0131 kamp\u00fcse ta\u015f\u0131yan bu g\u00f6steriler, kat\u0131l\u0131mc\u0131lar\u0131n manevi atmosferi derinden hissetmesini sa\u011flad\u0131.<\/span><\/p>\n<p style=\"text-align: justify;\"><span lang=\"tr\">Program\u0131n sonunda Ege \u00dcniversitesi Rekt\u00f6r\u00fc Prof. Dr. Musa Alc\u0131, organizasyonun hayata ge\u00e7irilmesindeki katk\u0131lar\u0131ndan dolay\u0131 \u0130zmir Vak\u0131flar B\u00f6lge M\u00fcd\u00fcr\u00fc Tahir Emre Can\u2019a \u201cTe\u015fekk\u00fcr Plaketi\u201d takdim etti.<\/span><\/p>\n<div id='gallery-1' class='gallery galleryid-32454 gallery-columns-3 gallery-size-medium'><figure class='gallery-item'>\n\t\t\t<div class='gallery-icon landscape'>\n\t\t\t\t<a href='https:\/\/www.euegeajans.com\/index.php\/2026\/03\/10\/ege-universitesinde-ramazanin-manevi-iklimi-kampuse-tasindi\/3-5\/'><img loading=\"lazy\" decoding=\"async\" width=\"300\" height=\"169\" src=\"https:\/\/www.euegeajans.com\/wp-content\/uploads\/2026\/03\/3-12.jpg\" class=\"attachment-medium size-medium\" alt=\"\" \/><\/a>\n\t\t\t<\/div><\/figure><figure class='gallery-item'>\n\t\t\t<div class='gallery-icon landscape'>\n\t\t\t\t<a href='https:\/\/www.euegeajans.com\/index.php\/2026\/03\/10\/ege-universitesinde-ramazanin-manevi-iklimi-kampuse-tasindi\/5-76\/'><img loading=\"lazy\" decoding=\"async\" width=\"300\" height=\"169\" src=\"https:\/\/www.euegeajans.com\/wp-content\/uploads\/2026\/03\/5-10.jpg\" class=\"attachment-medium size-medium\" alt=\"\" \/><\/a>\n\t\t\t<\/div><\/figure><figure class='gallery-item'>\n\t\t\t<div class='gallery-icon landscape'>\n\t\t\t\t<a href='https:\/\/www.euegeajans.com\/index.php\/2026\/03\/10\/ege-universitesinde-ramazanin-manevi-iklimi-kampuse-tasindi\/6-40\/'><img loading=\"lazy\" decoding=\"async\" width=\"300\" height=\"169\" src=\"https:\/\/www.euegeajans.com\/wp-content\/uploads\/2026\/03\/6-8.jpg\" class=\"attachment-medium size-medium\" alt=\"\" \/><\/a>\n\t\t\t<\/div><\/figure><figure class='gallery-item'>\n\t\t\t<div class='gallery-icon landscape'>\n\t\t\t\t<a href='https:\/\/www.euegeajans.com\/index.php\/2026\/03\/10\/ege-universitesinde-ramazanin-manevi-iklimi-kampuse-tasindi\/7-28\/'><img loading=\"lazy\" decoding=\"async\" width=\"300\" height=\"169\" src=\"https:\/\/www.euegeajans.com\/wp-content\/uploads\/2026\/03\/7-5.jpg\" class=\"attachment-medium size-medium\" alt=\"\" \/><\/a>\n\t\t\t<\/div><\/figure><figure class='gallery-item'>\n\t\t\t<div class='gallery-icon landscape'>\n\t\t\t\t<a href='https:\/\/www.euegeajans.com\/index.php\/2026\/03\/10\/ege-universitesinde-ramazanin-manevi-iklimi-kampuse-tasindi\/10-6\/'><img loading=\"lazy\" decoding=\"async\" width=\"300\" height=\"169\" src=\"https:\/\/www.euegeajans.com\/wp-content\/uploads\/2026\/03\/10.jpg\" class=\"attachment-medium size-medium\" alt=\"\" \/><\/a>\n\t\t\t<\/div><\/figure><figure class='gallery-item'>\n\t\t\t<div class='gallery-icon landscape'>\n\t\t\t\t<a href='https:\/\/www.euegeajans.com\/index.php\/2026\/03\/10\/ege-universitesinde-ramazanin-manevi-iklimi-kampuse-tasindi\/9-6\/'><img loading=\"lazy\" decoding=\"async\" width=\"300\" height=\"169\" src=\"https:\/\/www.euegeajans.com\/wp-content\/uploads\/2026\/03\/9.jpg\" class=\"attachment-medium size-medium\" alt=\"\" \/><\/a>\n\t\t\t<\/div><\/figure>\n\t\t<\/div>\n\n","protected":false},"excerpt":{"rendered":"<p>Ahmet Faruk Dutlar, Beyzanur \u015eahin, Melek Nur Sever Ege \u00dcniversitesi(E\u00dc) ve Vak\u0131flar \u0130zmir B\u00f6lge M\u00fcd\u00fcrl\u00fc\u011f\u00fc&#8230;<\/p>\n","protected":false},"author":2,"featured_media":32457,"comment_status":"open","ping_status":"open","sticky":false,"template":"","format":"standard","meta":{"footnotes":""},"categories":[1,11,70],"tags":[],"class_list":["post-32454","post","type-post","status-publish","format-standard","has-post-thumbnail","hentry","category-gncl","category-haber","category-kampus"],"featured_image_urls":{"full":["https:\/\/www.euegeajans.com\/wp-content\/uploads\/2026\/03\/2-10.jpg",1920,1080,false],"thumbnail":["https:\/\/www.euegeajans.com\/wp-content\/uploads\/2026\/03\/2-10.jpg",150,84,false],"medium":["https:\/\/www.euegeajans.com\/wp-content\/uploads\/2026\/03\/2-10.jpg",300,169,false],"medium_large":["https:\/\/www.euegeajans.com\/wp-content\/uploads\/2026\/03\/2-10.jpg",640,360,false],"large":["https:\/\/www.euegeajans.com\/wp-content\/uploads\/2026\/03\/2-10.jpg",640,360,false],"1536x1536":["https:\/\/www.euegeajans.com\/wp-content\/uploads\/2026\/03\/2-10.jpg",1536,864,false],"2048x2048":["https:\/\/www.euegeajans.com\/wp-content\/uploads\/2026\/03\/2-10.jpg",1920,1080,false],"newsphere-slider-full":["https:\/\/www.euegeajans.com\/wp-content\/uploads\/2026\/03\/2-10.jpg",1280,720,false],"newsphere-featured":["https:\/\/www.euegeajans.com\/wp-content\/uploads\/2026\/03\/2-10.jpg",1024,576,false],"newsphere-medium":["https:\/\/www.euegeajans.com\/wp-content\/uploads\/2026\/03\/2-10.jpg",676,380,false]},"author_info":{"display_name":"Editor","author_link":"https:\/\/www.euegeajans.com\/index.php\/author\/editor\/"},"category_info":"<a href=\"https:\/\/www.euegeajans.com\/index.php\/category\/gncl\/\" rel=\"category tag\">G\u00fcncel<\/a> <a href=\"https:\/\/www.euegeajans.com\/index.php\/category\/haber\/\" rel=\"category tag\">Haber<\/a> <a href=\"https:\/\/www.euegeajans.com\/index.php\/category\/kampus\/\" rel=\"category tag\">Kamp\u00fcs<\/a>","tag_info":"Kamp\u00fcs","comment_count":"0","_links":{"self":[{"href":"https:\/\/www.euegeajans.com\/index.php\/wp-json\/wp\/v2\/posts\/32454","targetHints":{"allow":["GET"]}}],"collection":[{"href":"https:\/\/www.euegeajans.com\/index.php\/wp-json\/wp\/v2\/posts"}],"about":[{"href":"https:\/\/www.euegeajans.com\/index.php\/wp-json\/wp\/v2\/types\/post"}],"author":[{"embeddable":true,"href":"https:\/\/www.euegeajans.com\/index.php\/wp-json\/wp\/v2\/users\/2"}],"replies":[{"embeddable":true,"href":"https:\/\/www.euegeajans.com\/index.php\/wp-json\/wp\/v2\/comments?post=32454"}],"version-history":[{"count":1,"href":"https:\/\/www.euegeajans.com\/index.php\/wp-json\/wp\/v2\/posts\/32454\/revisions"}],"predecessor-version":[{"id":32464,"href":"https:\/\/www.euegeajans.com\/index.php\/wp-json\/wp\/v2\/posts\/32454\/revisions\/32464"}],"wp:featuredmedia":[{"embeddable":true,"href":"https:\/\/www.euegeajans.com\/index.php\/wp-json\/wp\/v2\/media\/32457"}],"wp:attachment":[{"href":"https:\/\/www.euegeajans.com\/index.php\/wp-json\/wp\/v2\/media?parent=32454"}],"wp:term":[{"taxonomy":"category","embeddable":true,"href":"https:\/\/www.euegeajans.com\/index.php\/wp-json\/wp\/v2\/categories?post=32454"},{"taxonomy":"post_tag","embeddable":true,"href":"https:\/\/www.euegeajans.com\/index.php\/wp-json\/wp\/v2\/tags?post=32454"}],"curies":[{"name":"wp","href":"https:\/\/api.w.org\/{rel}","templated":true}]}}