{"id":31910,"date":"2026-02-09T05:50:00","date_gmt":"2026-02-09T05:50:00","guid":{"rendered":"https:\/\/www.euegeajans.com\/?p=31910"},"modified":"2026-02-09T07:54:12","modified_gmt":"2026-02-09T07:54:12","slug":"ege-universitesinde-kariyer-anahtari-etkinligi-duzenlendi","status":"publish","type":"post","link":"https:\/\/www.euegeajans.com\/index.php\/2026\/02\/09\/ege-universitesinde-kariyer-anahtari-etkinligi-duzenlendi\/","title":{"rendered":"Ege \u00dcniversitesinde \u201cKariyer Anahtar\u0131\u201d etkinli\u011fi d\u00fczenlendi"},"content":{"rendered":"<p style=\"text-align: justify;\" align=\"right\">Haber: Recep D\u00f6nmez, Esra Ko\u00e7ak<\/p>\n<p style=\"text-align: justify;\" align=\"right\">Foto\u011fraf: Asl\u0131 Bulgurcu,\u00a0 Yasin D\u00f6nmez<\/p>\n<p style=\"text-align: justify;\">Ege \u00dcniversitesi (E\u00dc) Kariyer Planlama ve Ba\u015far\u0131 Koordinat\u00f6rl\u00fc\u011f\u00fc ile \u0130zmir \u0130\u015eKUR \u0130\u015f Kul\u00fcb\u00fc i\u015f birli\u011finde \u201cKariyer Anahtar\u0131: Do\u011fru CV, Etkili M\u00fclakat, G\u00fc\u00e7l\u00fc Linkedin\u201d etkinli\u011fi, Ara\u015ft\u0131rma Odakl\u0131 \u00d6\u011frenci Merkezinde (AROM) ger\u00e7ekle\u015ftirildi.<\/p>\n<p style=\"text-align: justify;\">\u00a0E\u00dc Kariyer Planlama ve Ba\u015far\u0131 Koordinat\u00f6r\u00fc \u00d6\u011fr. G\u00f6r. Ebru Kalyoncu\u2019nun moderat\u00f6rl\u00fc\u011f\u00fcnde yap\u0131lan etkinli\u011fe \u0130\u015eKUR \u0130\u015f Kul\u00fcb\u00fc liderleri \u0130pek \u00d6zt\u00fcrk Sava\u015f ve Melek \u00dcnal konu\u015fmac\u0131 olarak kat\u0131ld\u0131. \u00d6\u011frencilerin yo\u011fun ilgi g\u00f6sterdi\u011fi etkinlikte; etkili CV haz\u0131rlama tekniklerinden profesyonel a\u011f y\u00f6netimine, beden dilinden m\u00fclakat sim\u00fclasyonlar\u0131na kadar kariyer yolculu\u011funa \u0131\u015f\u0131k tutan pek \u00e7ok bilgi payla\u015f\u0131ld\u0131.<\/p>\n<p style=\"text-align: justify;\">Etkinli\u011fin \u00f6nemine de\u011finen Ege \u00dcniversitesi Kariyer Planlama ve Ba\u015far\u0131 Koordinat\u00f6r\u00fc \u00d6\u011fr. G\u00f6r. Ebru Kalyoncu, \u201cKariyer yolculu\u011funun yaln\u0131zca mezuniyetle de\u011fil, do\u011fru rehberlik ve g\u00fc\u00e7l\u00fc temaslarla \u015fekillendi\u011fine inan\u0131yoruz. Bu anlay\u0131\u015fla hayata ge\u00e7irdi\u011fimiz \u2018Kariyer Anahtar\u0131\u2019 etkinli\u011fi; do\u011fru CV haz\u0131rlamadan etkili m\u00fclakat tekniklerine, g\u00fc\u00e7l\u00fc bir Linkedin profili olu\u015fturmaktan i\u015f d\u00fcnyas\u0131n\u0131n beklentilerini anlamaya kadar \u00f6\u011frencilerimize somut ve uygulanabilir kazan\u0131mlar sunmay\u0131 hedefliyor. Koordinat\u00f6rl\u00fc\u011f\u00fcm\u00fcz i\u00e7in bu t\u00fcr \u00e7al\u0131\u015fmalar, yaln\u0131zca bir etkinlik de\u011fil; gen\u00e7lerin potansiyelini g\u00f6r\u00fcn\u00fcr k\u0131lan, onlar\u0131 i\u015f hayat\u0131na daha donan\u0131ml\u0131 ve \u00f6zg\u00fcvenli haz\u0131rlayan stratejik bir sorumluluktur. Payda\u015flar\u0131m\u0131z ve alan\u0131nda uzman isimlerle y\u00fcr\u00fctt\u00fc\u011f\u00fcm\u00fcz bu i\u015f birliklerini, \u00f6\u011frencilerimizin kariyer yolculu\u011funda ger\u00e7ek bir anahtar olaca\u011f\u0131na inanarak s\u00fcrd\u00fcr\u00fcyoruz\u201d dedi.<\/p>\n<p style=\"text-align: justify;\">Etkinlikte profesyonel \u00f6zge\u00e7mi\u015f haz\u0131rlaman\u0131n inceliklerini anlatan \u0130\u015eKUR \u0130\u015f Kul\u00fcb\u00fc Lideri \u0130pek \u00d6zt\u00fcrk Sava\u015f, \u201cCV, bir ki\u015finin i\u015f d\u00fcnyas\u0131ndaki kimli\u011fidir. Bir\u00e7ok aday CV\u2019nin k\u0131sa s\u00fcrede haz\u0131rlanabilece\u011fini d\u00fc\u015f\u00fcnse de, geli\u015fig\u00fczel haz\u0131rlanm\u0131\u015f bir \u00f6zge\u00e7mi\u015f insan kaynaklar\u0131 uzmanlar\u0131 taraf\u0131ndan hemen fark edilir. CV\u2019niz asl\u0131nda sizin reklam bro\u015f\u00fcr\u00fcn\u00fczd\u00fcr. \u00d6zen g\u00f6sterilmemi\u015f, noktalama i\u015faretlerine ve yaz\u0131m kurallar\u0131na dikkat edilmemi\u015f bir belge, i\u015fe ve kendinize olan sayg\u0131n\u0131z\u0131n bir g\u00f6stergesi olarak alg\u0131lan\u0131r. \u00d6zellikle kurumsal imaj\u0131 zedeleyen ciddiyetten uzak e-posta adresleri yerine, profesyonel hayat\u0131n gerekliliklerine uygun ileti\u015fim bilgileri kullan\u0131lmal\u0131d\u0131r. Her detay titizlikle d\u00fc\u015f\u00fcn\u00fclmeli ve kurumsal bir imaj sunulmal\u0131d\u0131r\u201d diye konu\u015ftu.<\/p>\n<p style=\"text-align: justify;\"><b>\u201cModern d\u00fcnyada i\u015fverenlerin beklentileri de\u011fi\u015fti\u201d<\/b><\/p>\n<p style=\"text-align: justify;\">Esneklik kavram\u0131n\u0131n \u00f6nemine dikkat \u00e7eken \u0130pek \u00d6zt\u00fcrk Sava\u015f, \u201cModern i\u015f d\u00fcnyas\u0131nda i\u015fveren beklentileri k\u00f6kl\u00fc bir de\u011fi\u015fimden ge\u00e7iyor ve bu s\u00fcre\u00e7te &#8216;esneklik&#8217; hayati bir rol oynuyor. Art\u0131k \u00f6\u011frenmeye a\u00e7\u0131k, bilgiye h\u0131zla ula\u015fabilen ve her t\u00fcrl\u00fc ko\u015fula kolayca adapte olan adaylar \u00f6ncelikli tercih sebebi. Unutulmamal\u0131d\u0131r ki kariyer d\u00fcmd\u00fcz bir yol de\u011fil, i\u00e7inde pek \u00e7ok sapak ve yol ayr\u0131m\u0131 bar\u0131nd\u0131ran bir ser\u00fcvendir. Bu nedenle tek bir plana ba\u011fl\u0131 kalmak yerine mutlaka A, B, C ve D planlar\u0131n\u0131z\u0131n olmas\u0131 gerekir. Hedef odakl\u0131 ya\u015famak elbette k\u0131ymetlidir; ancak kar\u015f\u0131n\u0131za \u00e7\u0131kacak f\u0131rsatlara ve de\u011fi\u015fen \u015fartlara haz\u0131rl\u0131kl\u0131 olmak, do\u011fru zamanda do\u011fru yerde bulunman\u0131z\u0131 sa\u011flar. K\u0131sacas\u0131 i\u015f d\u00fcnyas\u0131 art\u0131k esnek yap\u0131l\u0131 ve de\u011fi\u015fime h\u0131zla uyum sa\u011flayabilen bireyler ar\u0131yor\u201d dedi.<\/p>\n<p style=\"text-align: justify;\"><b>\u201c\u0130leti\u015fimin en temel ta\u015f\u0131 beden dilidir\u201d<\/b><\/p>\n<p style=\"text-align: justify;\">\u0130leti\u015fimin en temel ta\u015f\u0131 olan beden dili \u00fczerine kapsaml\u0131 bir sunum yapan Melek \u00dcnal, \u201cBeden dili, kelimelerin \u00f6tesinde duygular\u0131m\u0131z\u0131 ve d\u00fc\u015f\u00fcncelerimizi fiziksel olarak kar\u015f\u0131 tarafa aktarma bi\u00e7imimizdir. K\u0131yafet se\u00e7iminden aksesuarlara, duru\u015ftan bak\u0131\u015fa kadar her detay bir mesaj ta\u015f\u0131r. \u00d6zellikle m\u00fclakat s\u00fcrecinde ve sosyal hayatta hafif bir tebess\u00fcm\u00fcn g\u00fcc\u00fc hafife al\u0131nmamal\u0131d\u0131r. Bir i\u015fletmeye girdi\u011finiz andan itibaren kap\u0131daki g\u00f6revliden m\u00fclakat\u0131 yapacak uzmana kadar herkese nazik ve tebess\u00fcmle yakla\u015fmak, ki\u015fiyi fark edilir k\u0131lar. Modern ve dijital d\u00fcnyada her hareketimizin g\u00f6zlemlendi\u011fini unutmadan, profesyonel imaj\u0131m\u0131z\u0131 bu do\u011frultuda \u015fekillendirmeliyiz\u201d diye konu\u015ftu.<\/p>\n<p style=\"text-align: justify;\">Etkinlik, \u00f6\u011frencilerin merak ettikleri sorular\u0131n yan\u0131tlanmas\u0131n\u0131n ard\u0131ndan sona erdi.<\/p>\n<div id='gallery-1' class='gallery galleryid-31910 gallery-columns-3 gallery-size-medium'><figure class='gallery-item'>\n\t\t\t<div class='gallery-icon landscape'>\n\t\t\t\t<a href='https:\/\/www.euegeajans.com\/wp-content\/uploads\/2026\/02\/Ege-Universitesinde-Kariyer-Anahtari-etkinligi-duzenlendi-2.jpg'><img loading=\"lazy\" decoding=\"async\" width=\"300\" height=\"200\" src=\"https:\/\/www.euegeajans.com\/wp-content\/uploads\/2026\/02\/Ege-Universitesinde-Kariyer-Anahtari-etkinligi-duzenlendi-2.jpg\" class=\"attachment-medium size-medium\" alt=\"\" \/><\/a>\n\t\t\t<\/div><\/figure><figure class='gallery-item'>\n\t\t\t<div class='gallery-icon landscape'>\n\t\t\t\t<a href='https:\/\/www.euegeajans.com\/wp-content\/uploads\/2026\/02\/Ipek-Ozturk-Savas-7.jpg'><img loading=\"lazy\" decoding=\"async\" width=\"300\" height=\"200\" src=\"https:\/\/www.euegeajans.com\/wp-content\/uploads\/2026\/02\/Ipek-Ozturk-Savas-7.jpg\" class=\"attachment-medium size-medium\" alt=\"\" \/><\/a>\n\t\t\t<\/div><\/figure><figure class='gallery-item'>\n\t\t\t<div class='gallery-icon landscape'>\n\t\t\t\t<a href='https:\/\/www.euegeajans.com\/wp-content\/uploads\/2026\/02\/Melek-Unal-6.jpg'><img loading=\"lazy\" decoding=\"async\" width=\"300\" height=\"200\" src=\"https:\/\/www.euegeajans.com\/wp-content\/uploads\/2026\/02\/Melek-Unal-6.jpg\" class=\"attachment-medium size-medium\" alt=\"\" \/><\/a>\n\t\t\t<\/div><\/figure><figure class='gallery-item'>\n\t\t\t<div class='gallery-icon portrait'>\n\t\t\t\t<a href='https:\/\/www.euegeajans.com\/wp-content\/uploads\/2026\/02\/Ipek-Ozturk-Savas-5.jpg'><img loading=\"lazy\" decoding=\"async\" width=\"225\" height=\"300\" src=\"https:\/\/www.euegeajans.com\/wp-content\/uploads\/2026\/02\/Ipek-Ozturk-Savas-5.jpg\" class=\"attachment-medium size-medium\" alt=\"\" \/><\/a>\n\t\t\t<\/div><\/figure><figure class='gallery-item'>\n\t\t\t<div class='gallery-icon portrait'>\n\t\t\t\t<a href='https:\/\/www.euegeajans.com\/wp-content\/uploads\/2026\/02\/Ipek-Ozturk-Savas-3.jpg'><img loading=\"lazy\" decoding=\"async\" width=\"225\" height=\"300\" src=\"https:\/\/www.euegeajans.com\/wp-content\/uploads\/2026\/02\/Ipek-Ozturk-Savas-3.jpg\" class=\"attachment-medium size-medium\" alt=\"\" \/><\/a>\n\t\t\t<\/div><\/figure>\n\t\t<\/div>\n\n","protected":false},"excerpt":{"rendered":"<p>Haber: Recep D\u00f6nmez, Esra Ko\u00e7ak Foto\u011fraf: Asl\u0131 Bulgurcu,\u00a0 Yasin D\u00f6nmez Ege \u00dcniversitesi (E\u00dc) Kariyer Planlama&#8230;<\/p>\n","protected":false},"author":2,"featured_media":31911,"comment_status":"open","ping_status":"open","sticky":false,"template":"","format":"standard","meta":{"footnotes":""},"categories":[69,99,1,70],"tags":[],"class_list":["post-31910","post","type-post","status-publish","format-standard","has-post-thumbnail","hentry","category-bilim","category-egitim","category-gncl","category-kampus"],"featured_image_urls":{"full":["https:\/\/www.euegeajans.com\/wp-content\/uploads\/2026\/02\/Ege-Universitesinde-Kariyer-Anahtari-etkinligi-duzenlendi-1.jpg",1500,1000,false],"thumbnail":["https:\/\/www.euegeajans.com\/wp-content\/uploads\/2026\/02\/Ege-Universitesinde-Kariyer-Anahtari-etkinligi-duzenlendi-1.jpg",150,100,false],"medium":["https:\/\/www.euegeajans.com\/wp-content\/uploads\/2026\/02\/Ege-Universitesinde-Kariyer-Anahtari-etkinligi-duzenlendi-1.jpg",300,200,false],"medium_large":["https:\/\/www.euegeajans.com\/wp-content\/uploads\/2026\/02\/Ege-Universitesinde-Kariyer-Anahtari-etkinligi-duzenlendi-1.jpg",640,427,false],"large":["https:\/\/www.euegeajans.com\/wp-content\/uploads\/2026\/02\/Ege-Universitesinde-Kariyer-Anahtari-etkinligi-duzenlendi-1.jpg",640,427,false],"1536x1536":["https:\/\/www.euegeajans.com\/wp-content\/uploads\/2026\/02\/Ege-Universitesinde-Kariyer-Anahtari-etkinligi-duzenlendi-1.jpg",1500,1000,false],"2048x2048":["https:\/\/www.euegeajans.com\/wp-content\/uploads\/2026\/02\/Ege-Universitesinde-Kariyer-Anahtari-etkinligi-duzenlendi-1.jpg",1500,1000,false],"newsphere-slider-full":["https:\/\/www.euegeajans.com\/wp-content\/uploads\/2026\/02\/Ege-Universitesinde-Kariyer-Anahtari-etkinligi-duzenlendi-1.jpg",1080,720,false],"newsphere-featured":["https:\/\/www.euegeajans.com\/wp-content\/uploads\/2026\/02\/Ege-Universitesinde-Kariyer-Anahtari-etkinligi-duzenlendi-1.jpg",1024,683,false],"newsphere-medium":["https:\/\/www.euegeajans.com\/wp-content\/uploads\/2026\/02\/Ege-Universitesinde-Kariyer-Anahtari-etkinligi-duzenlendi-1.jpg",570,380,false]},"author_info":{"display_name":"Editor","author_link":"https:\/\/www.euegeajans.com\/index.php\/author\/editor\/"},"category_info":"<a href=\"https:\/\/www.euegeajans.com\/index.php\/category\/bilim\/\" rel=\"category tag\">Bilim<\/a> <a href=\"https:\/\/www.euegeajans.com\/index.php\/category\/egitim\/\" rel=\"category tag\">E\u011fitim<\/a> <a href=\"https:\/\/www.euegeajans.com\/index.php\/category\/gncl\/\" rel=\"category tag\">G\u00fcncel<\/a> <a href=\"https:\/\/www.euegeajans.com\/index.php\/category\/kampus\/\" rel=\"category tag\">Kamp\u00fcs<\/a>","tag_info":"Kamp\u00fcs","comment_count":"0","_links":{"self":[{"href":"https:\/\/www.euegeajans.com\/index.php\/wp-json\/wp\/v2\/posts\/31910","targetHints":{"allow":["GET"]}}],"collection":[{"href":"https:\/\/www.euegeajans.com\/index.php\/wp-json\/wp\/v2\/posts"}],"about":[{"href":"https:\/\/www.euegeajans.com\/index.php\/wp-json\/wp\/v2\/types\/post"}],"author":[{"embeddable":true,"href":"https:\/\/www.euegeajans.com\/index.php\/wp-json\/wp\/v2\/users\/2"}],"replies":[{"embeddable":true,"href":"https:\/\/www.euegeajans.com\/index.php\/wp-json\/wp\/v2\/comments?post=31910"}],"version-history":[{"count":1,"href":"https:\/\/www.euegeajans.com\/index.php\/wp-json\/wp\/v2\/posts\/31910\/revisions"}],"predecessor-version":[{"id":31917,"href":"https:\/\/www.euegeajans.com\/index.php\/wp-json\/wp\/v2\/posts\/31910\/revisions\/31917"}],"wp:featuredmedia":[{"embeddable":true,"href":"https:\/\/www.euegeajans.com\/index.php\/wp-json\/wp\/v2\/media\/31911"}],"wp:attachment":[{"href":"https:\/\/www.euegeajans.com\/index.php\/wp-json\/wp\/v2\/media?parent=31910"}],"wp:term":[{"taxonomy":"category","embeddable":true,"href":"https:\/\/www.euegeajans.com\/index.php\/wp-json\/wp\/v2\/categories?post=31910"},{"taxonomy":"post_tag","embeddable":true,"href":"https:\/\/www.euegeajans.com\/index.php\/wp-json\/wp\/v2\/tags?post=31910"}],"curies":[{"name":"wp","href":"https:\/\/api.w.org\/{rel}","templated":true}]}}