{"id":31835,"date":"2026-01-29T05:00:00","date_gmt":"2026-01-29T05:00:00","guid":{"rendered":"https:\/\/www.euegeajans.com\/?p=31835"},"modified":"2026-01-29T07:01:51","modified_gmt":"2026-01-29T07:01:51","slug":"ege-universitesinin-disiplinlerarasi-karbon-yakalama-projesine-tubitak-destegi","status":"publish","type":"post","link":"https:\/\/www.euegeajans.com\/index.php\/2026\/01\/29\/ege-universitesinin-disiplinlerarasi-karbon-yakalama-projesine-tubitak-destegi\/","title":{"rendered":"Ege \u00dcniversitesinin disiplinleraras\u0131 karbon yakalama projesine T\u00dcB\u0130TAK deste\u011fi"},"content":{"rendered":"<p style=\"font-weight: 400; text-align: justify;\"><strong>Egeli bilim insanlar\u0131 yerli ve milli bir anlay\u0131\u015fla Ar-Ge projeleri haz\u0131rlamaya devam ediyor<\/strong><\/p>\n<p style=\"font-weight: 400; text-align: justify;\">Ege \u00dcniversitesi M\u00fchendislik Fak\u00fcltesi \u0130n\u015faat M\u00fchendisli\u011fi B\u00f6l\u00fcm\u00fc \u00f6\u011fretim \u00fcyesi Prof. Dr. \u00d6zge Andi\u00e7 \u00c7ak\u0131r y\u00fcr\u00fct\u00fcc\u00fcl\u00fc\u011f\u00fcnde ger\u00e7ekle\u015ftirilen\u00a0 \u201cDo\u011frudan CO\u2082 Yakalayan Bakteri Bazl\u0131 Kaplama ile \u0130yile\u015ftirilmi\u015f Geopolimer Beton ve Yakalanan CO\u2082 \u00d6l\u00e7\u00fcm Cihaz\u0131 Tasar\u0131m\u0131\u201d ba\u015fl\u0131kl\u0131 proje, T\u00dcB\u0130TAK 1005 Ulusal Yeni Fikirler ve \u00dcr\u00fcnler Ara\u015ft\u0131rma Destek Program\u0131 kapsam\u0131nda desteklenmeye uygun bulundu. Disiplinleraras\u0131 bir yakla\u015f\u0131mla haz\u0131rlanan proje, farkl\u0131 disiplinlerin uzmanl\u0131k alanlar\u0131n\u0131 bir araya getirerek karbondioksit emisyonlar\u0131yla m\u00fccadeleye y\u00f6nelik yenilik\u00e7i \u00e7\u00f6z\u00fcmler \u00fcretmeyi hedefliyor.<\/p>\n<p style=\"font-weight: 400; text-align: justify;\">Ege \u00dcniversitesi Rekt\u00f6r\u00fc Prof. Dr. Musa Alc\u0131,\u00a0s\u00fcrd\u00fcr\u00fclebilirlik ve \u00e7evre dostu projeyi hayata ge\u00e7irerek T\u00dcB\u0130TAK\u2019tan destek alan Prof. Dr. \u00d6zge Andi\u00e7 \u00c7ak\u0131r ve ekini tebrik ederek \u00e7al\u0131\u015fmalar\u0131nda ba\u015far\u0131lar diledi.<\/p>\n<p style=\"font-weight: 400; text-align: justify;\"><strong>\u201cAvrupa Ye\u015fil Mutabakat\u0131 ve \u0130klim Hedefleriyle Tam Uyum\u201d<\/strong><\/p>\n<p style=\"font-weight: 400; text-align: justify;\">Proje hakk\u0131nda bilgi veren Prof. Dr. \u00d6zge Andi\u00e7 \u00c7ak\u0131r, \u201cProje kapsam\u0131nda, do\u011frudan havadan karbondioksit yakalayabilen s\u00fcrd\u00fcr\u00fclebilir bir kaplama teknolojisi kullan\u0131larak hem geopolimer beton hem de geleneksel Portland \u00e7imentosu betonu geli\u015ftirilecek. Proje b\u00fcnyesinde tasarlanacak olan yerli ve \u00f6zg\u00fcn prototip cihaz sayesinde, elde edilecek veriler bilimsel olarak de\u011ferlendirilecek ve malzemelerin \u00e7evresel etkileri kar\u015f\u0131la\u015ft\u0131rmal\u0131 olarak analiz edilebilecek. Tamamen yerli Ar-Ge imk\u00e2nlar\u0131yla geli\u015ftirilecek olan proje \u00e7\u0131kt\u0131lar\u0131, Avrupa Ye\u015fil Mutabakat\u0131 ve T\u00fcrkiye\u2019nin \u201ckarbon n\u00f6tr\u201d hedefleriyle tam uyum g\u00f6steriyor. S\u00fcrd\u00fcr\u00fclebilir ve d\u00fc\u015f\u00fck karbonlu yap\u0131 malzemelerinin geli\u015ftirilmesine b\u00fcy\u00fck katk\u0131 sa\u011flamas\u0131 beklenen projenin sonu\u00e7lar\u0131, in\u015faat sekt\u00f6r\u00fcnde karbon emisyonlar\u0131n\u0131n azalt\u0131lmas\u0131 ve karbon yakalama teknolojilerinin yayg\u0131nla\u015ft\u0131r\u0131lmas\u0131 a\u00e7\u0131s\u0131ndan stratejik \u00f6neme sahip. Projenin ilerleyen a\u015famalar\u0131nda elde edilen \u00e7\u0131kt\u0131lar\u0131n ticarile\u015fme potansiyeli ile \u00fclke ekonomisine de katma de\u011fer sa\u011flamas\u0131 hedefleniyor\u201d dedi<\/p>\n<p style=\"font-weight: 400; text-align: justify;\"><strong>\u201cUlusal \u00f6l\u00e7ekte \u00e7evresel ve teknolojik kazan\u0131mlar sa\u011flanacak\u201d<\/strong><\/p>\n<p style=\"font-weight: 400; text-align: justify;\">Proje, farkl\u0131 bilim dallar\u0131n\u0131n uzmanl\u0131k alanlar\u0131n\u0131 karbondioksit emisyonlar\u0131yla m\u00fccadele ortak paydas\u0131nda bulu\u015fturuyor.\u00a0Prof. Dr. \u00d6zge Andi\u00e7 \u00c7ak\u0131r\u2019\u0131n y\u00fcr\u00fct\u00fcc\u00fcs\u00fc oldu\u011fu projede; Ege \u00dcniversitesi Biyoloji B\u00f6l\u00fcm\u00fc \u00f6\u011fretim \u00fcyesi Prof. Dr. Ata\u00e7 Uzel ve Fizik B\u00f6l\u00fcm\u00fc \u00f6\u011fretim \u00fcyesi Do\u00e7. Dr. Metin Bilge ara\u015ft\u0131rmac\u0131 olarak yer al\u0131yor. Akademik bilgi \u00fcretiminin yan\u0131 s\u0131ra ulusal \u00f6l\u00e7ekte \u00e7evresel ve teknolojik kazan\u0131mlar sa\u011flamay\u0131 hedefleyen \u00e7al\u0131\u015fma, ayn\u0131 zamanda proje bursiyeri \u0130n\u015faat M\u00fchendisi Mehmet Kara\u2019n\u0131n doktora tezi kapsam\u0131nda y\u00fcr\u00fct\u00fcl\u00fcyor.<\/p>\n<div id='gallery-1' class='gallery galleryid-31835 gallery-columns-1 gallery-size-thumbnail'><figure class='gallery-item'>\n\t\t\t<div class='gallery-icon landscape'>\n\t\t\t\t<a href='https:\/\/www.euegeajans.com\/wp-content\/uploads\/2026\/01\/Prof.-Dr.-Ozge-Andic-Cakir.jpeg'><img loading=\"lazy\" decoding=\"async\" width=\"150\" height=\"100\" src=\"https:\/\/www.euegeajans.com\/wp-content\/uploads\/2026\/01\/Prof.-Dr.-Ozge-Andic-Cakir.jpeg\" class=\"attachment-thumbnail size-thumbnail\" alt=\"\" \/><\/a>\n\t\t\t<\/div><\/figure>\n\t\t<\/div>\n\n<p style=\"text-align: justify;\">\n","protected":false},"excerpt":{"rendered":"<p>Egeli bilim insanlar\u0131 yerli ve milli bir anlay\u0131\u015fla Ar-Ge projeleri haz\u0131rlamaya devam ediyor Ege \u00dcniversitesi&#8230;<\/p>\n","protected":false},"author":2,"featured_media":31836,"comment_status":"open","ping_status":"open","sticky":false,"template":"","format":"standard","meta":{"footnotes":""},"categories":[69,99,1,70],"tags":[],"class_list":["post-31835","post","type-post","status-publish","format-standard","has-post-thumbnail","hentry","category-bilim","category-egitim","category-gncl","category-kampus"],"featured_image_urls":{"full":["https:\/\/www.euegeajans.com\/wp-content\/uploads\/2026\/01\/Ege-Universitesinin-disiplinlerarasi-karbon-yakalama-projesine-TUBITAK-destegi.jpeg",1600,900,false],"thumbnail":["https:\/\/www.euegeajans.com\/wp-content\/uploads\/2026\/01\/Ege-Universitesinin-disiplinlerarasi-karbon-yakalama-projesine-TUBITAK-destegi.jpeg",150,84,false],"medium":["https:\/\/www.euegeajans.com\/wp-content\/uploads\/2026\/01\/Ege-Universitesinin-disiplinlerarasi-karbon-yakalama-projesine-TUBITAK-destegi.jpeg",300,169,false],"medium_large":["https:\/\/www.euegeajans.com\/wp-content\/uploads\/2026\/01\/Ege-Universitesinin-disiplinlerarasi-karbon-yakalama-projesine-TUBITAK-destegi.jpeg",640,360,false],"large":["https:\/\/www.euegeajans.com\/wp-content\/uploads\/2026\/01\/Ege-Universitesinin-disiplinlerarasi-karbon-yakalama-projesine-TUBITAK-destegi.jpeg",640,360,false],"1536x1536":["https:\/\/www.euegeajans.com\/wp-content\/uploads\/2026\/01\/Ege-Universitesinin-disiplinlerarasi-karbon-yakalama-projesine-TUBITAK-destegi.jpeg",1536,864,false],"2048x2048":["https:\/\/www.euegeajans.com\/wp-content\/uploads\/2026\/01\/Ege-Universitesinin-disiplinlerarasi-karbon-yakalama-projesine-TUBITAK-destegi.jpeg",1600,900,false],"newsphere-slider-full":["https:\/\/www.euegeajans.com\/wp-content\/uploads\/2026\/01\/Ege-Universitesinin-disiplinlerarasi-karbon-yakalama-projesine-TUBITAK-destegi.jpeg",1280,720,false],"newsphere-featured":["https:\/\/www.euegeajans.com\/wp-content\/uploads\/2026\/01\/Ege-Universitesinin-disiplinlerarasi-karbon-yakalama-projesine-TUBITAK-destegi.jpeg",1024,576,false],"newsphere-medium":["https:\/\/www.euegeajans.com\/wp-content\/uploads\/2026\/01\/Ege-Universitesinin-disiplinlerarasi-karbon-yakalama-projesine-TUBITAK-destegi.jpeg",676,380,false]},"author_info":{"display_name":"Editor","author_link":"https:\/\/www.euegeajans.com\/index.php\/author\/editor\/"},"category_info":"<a href=\"https:\/\/www.euegeajans.com\/index.php\/category\/bilim\/\" rel=\"category tag\">Bilim<\/a> <a href=\"https:\/\/www.euegeajans.com\/index.php\/category\/egitim\/\" rel=\"category tag\">E\u011fitim<\/a> <a href=\"https:\/\/www.euegeajans.com\/index.php\/category\/gncl\/\" rel=\"category tag\">G\u00fcncel<\/a> <a href=\"https:\/\/www.euegeajans.com\/index.php\/category\/kampus\/\" rel=\"category tag\">Kamp\u00fcs<\/a>","tag_info":"Kamp\u00fcs","comment_count":"0","_links":{"self":[{"href":"https:\/\/www.euegeajans.com\/index.php\/wp-json\/wp\/v2\/posts\/31835","targetHints":{"allow":["GET"]}}],"collection":[{"href":"https:\/\/www.euegeajans.com\/index.php\/wp-json\/wp\/v2\/posts"}],"about":[{"href":"https:\/\/www.euegeajans.com\/index.php\/wp-json\/wp\/v2\/types\/post"}],"author":[{"embeddable":true,"href":"https:\/\/www.euegeajans.com\/index.php\/wp-json\/wp\/v2\/users\/2"}],"replies":[{"embeddable":true,"href":"https:\/\/www.euegeajans.com\/index.php\/wp-json\/wp\/v2\/comments?post=31835"}],"version-history":[{"count":1,"href":"https:\/\/www.euegeajans.com\/index.php\/wp-json\/wp\/v2\/posts\/31835\/revisions"}],"predecessor-version":[{"id":31838,"href":"https:\/\/www.euegeajans.com\/index.php\/wp-json\/wp\/v2\/posts\/31835\/revisions\/31838"}],"wp:featuredmedia":[{"embeddable":true,"href":"https:\/\/www.euegeajans.com\/index.php\/wp-json\/wp\/v2\/media\/31836"}],"wp:attachment":[{"href":"https:\/\/www.euegeajans.com\/index.php\/wp-json\/wp\/v2\/media?parent=31835"}],"wp:term":[{"taxonomy":"category","embeddable":true,"href":"https:\/\/www.euegeajans.com\/index.php\/wp-json\/wp\/v2\/categories?post=31835"},{"taxonomy":"post_tag","embeddable":true,"href":"https:\/\/www.euegeajans.com\/index.php\/wp-json\/wp\/v2\/tags?post=31835"}],"curies":[{"name":"wp","href":"https:\/\/api.w.org\/{rel}","templated":true}]}}