{"id":31831,"date":"2026-01-29T06:38:54","date_gmt":"2026-01-29T06:38:54","guid":{"rendered":"https:\/\/www.euegeajans.com\/?p=31831"},"modified":"2026-01-29T06:47:25","modified_gmt":"2026-01-29T06:47:25","slug":"ege-universitesi-avrupanin-en-prestijli-universiteleri-arasinda-yer-aldi","status":"publish","type":"post","link":"https:\/\/www.euegeajans.com\/index.php\/2026\/01\/29\/ege-universitesi-avrupanin-en-prestijli-universiteleri-arasinda-yer-aldi\/","title":{"rendered":"Ege \u00dcniversitesi Avrupa\u2019n\u0131n en prestijli \u00fcniversiteleri aras\u0131nda yer ald\u0131"},"content":{"rendered":"<p style=\"text-align: justify;\"><strong>QS 2026 D\u00fcnya \u00dcniversite S\u0131ralamas\u0131nda Ege \u00dcniversitesi Avrupa\u2019da 367\u2019nci s\u0131raya y\u00fckseldi<\/strong><\/p>\n<p style=\"text-align: justify;\">D\u00fcnyaca sayg\u0131n \u0130ngiltere merkezli s\u0131ralama kurulu\u015fu Quacquarelli Symonds (QS) taraf\u0131ndan haz\u0131rlanan, 2026 QS D\u00fcnya \u00dcniversite S\u0131ralamas\u0131: Avrupa\u2019da, Ege \u00dcniversitesi, ilk 500 \u00fcniversite aras\u0131nda yer alarak \u00f6nemli bir ba\u015far\u0131ya imza att\u0131. Uluslararas\u0131la\u015fma alan\u0131nda \u00f6rnek \u00e7al\u0131\u015fmalara imza atan E\u00dc, Avrupa\u2019da 367\u2019nci s\u0131rada yer al\u0131rken, T\u00fcrkiye devlet \u00fcniversiteleri aras\u0131nda ise dokuzuncu oldu.<\/p>\n<p style=\"text-align: justify;\">2026 QS D\u00fcnya \u00dcniversite S\u0131ralamas\u0131: Avrupa\u2019da 958 \u00fcniversiteye yer verilirken T\u00fcrkiye\u2019den 103 \u00fcniversite s\u0131ralamaya dahil oldu. \u00c7e\u015fitli kriterlere g\u00f6re belirlenen s\u0131ralamada Ege \u00dcniversitesi; \u201cUluslararas\u0131 Ara\u015ft\u0131rma A\u011f\u0131\u201d kriterinde Avrupa s\u0131ralamas\u0131nda 275, T\u00fcrkiye devlet \u00fcniversiteleri aras\u0131nda ise be\u015finci s\u0131rada yer al\u0131rken \u201cFak\u00fclte \u00d6\u011frenci Oran\u0131\u201d kriterinde Avrupa s\u0131ralamas\u0131nda 371\u2019inci, T\u00fcrkiye devlet \u00fcniversiteleri aras\u0131nda ise d\u00f6rd\u00fcnc\u00fc oldu. Ege \u00dcniversitesi, \u201cAkademik Tan\u0131n\u0131rl\u0131k\u201d kriterinde Avrupa s\u0131ralamas\u0131nda 289\u2019uncu, T\u00fcrkiye devlet \u00fcniversiteleri aras\u0131nda sekizinci olurken, \u201c\u0130\u015fveren Tan\u0131n\u0131rl\u0131\u011f\u0131\u201d kriterinde Avrupa s\u0131ralamas\u0131nda 187\u2019inci, T\u00fcrkiye devlet \u00fcniversiteleri aras\u0131nda dokuzuncu olmay\u0131 ba\u015fard\u0131.<\/p>\n<p style=\"text-align: justify;\">S\u0131ralamay\u0131 de\u011ferlendiren Ege \u00dcniversitesi Rekt\u00f6r\u00fc Prof. Dr. Musa Alc\u0131, \u201c\u00dcniversitemiz, 2026 QS D\u00fcnya \u00dcniversite S\u0131ralamas\u0131nda, Avrupa\u2019da ilk 500\u2019de yer alarak uluslararas\u0131 d\u00fczeydeki ba\u015far\u0131s\u0131n\u0131 tescilledi. Alt kriterlerde yap\u0131lan de\u011ferlendirmelerde de \u00f6nemli ba\u015far\u0131lar elde ettik.\u00a0\u00a0K\u00f6kl\u00fc akademik birikimimiz ve g\u00fc\u00e7l\u00fc ara\u015ft\u0131rma ekosistemimizle bilim yolculu\u011fumuzu s\u00fcrd\u00fcr\u00fcyoruz. \u00dcniversitemizin uluslararas\u0131 g\u00f6r\u00fcn\u00fcrl\u00fc\u011f\u00fcn\u00fc daha da art\u0131rarak bu t\u00fcr s\u0131ralamadaki y\u00fckseli\u015fimizi s\u00fcrd\u00fcrece\u011fiz. Bir yandan \u00fclkemizin kalk\u0131nma hedefleri do\u011frultusunda projeler \u00fcretirken di\u011fer yandan da uluslararas\u0131 alanda \u00fclkemizi ba\u015far\u0131yla temsil etmek i\u00e7in azami \u00e7aba g\u00f6sterece\u011fiz.\u00a0\u00a0Ba\u015far\u0131m\u0131za katk\u0131 sunan t\u00fcm mensuplar\u0131m\u0131za te\u015fekk\u00fcr ediyorum\u201d diye konu\u015ftu.<\/p>\n","protected":false},"excerpt":{"rendered":"<p>QS 2026 D\u00fcnya \u00dcniversite S\u0131ralamas\u0131nda Ege \u00dcniversitesi Avrupa\u2019da 367\u2019nci s\u0131raya y\u00fckseldi D\u00fcnyaca sayg\u0131n \u0130ngiltere merkezli&#8230;<\/p>\n","protected":false},"author":2,"featured_media":31832,"comment_status":"open","ping_status":"open","sticky":false,"template":"","format":"standard","meta":{"footnotes":""},"categories":[69,99,1,70],"tags":[],"class_list":["post-31831","post","type-post","status-publish","format-standard","has-post-thumbnail","hentry","category-bilim","category-egitim","category-gncl","category-kampus"],"featured_image_urls":{"full":["https:\/\/www.euegeajans.com\/wp-content\/uploads\/2026\/01\/Ege-Univeristesi.jpg",2502,1571,false],"thumbnail":["https:\/\/www.euegeajans.com\/wp-content\/uploads\/2026\/01\/Ege-Univeristesi.jpg",150,94,false],"medium":["https:\/\/www.euegeajans.com\/wp-content\/uploads\/2026\/01\/Ege-Univeristesi.jpg",300,188,false],"medium_large":["https:\/\/www.euegeajans.com\/wp-content\/uploads\/2026\/01\/Ege-Univeristesi.jpg",640,402,false],"large":["https:\/\/www.euegeajans.com\/wp-content\/uploads\/2026\/01\/Ege-Univeristesi.jpg",640,402,false],"1536x1536":["https:\/\/www.euegeajans.com\/wp-content\/uploads\/2026\/01\/Ege-Univeristesi.jpg",1536,964,false],"2048x2048":["https:\/\/www.euegeajans.com\/wp-content\/uploads\/2026\/01\/Ege-Univeristesi.jpg",2048,1286,false],"newsphere-slider-full":["https:\/\/www.euegeajans.com\/wp-content\/uploads\/2026\/01\/Ege-Univeristesi.jpg",1147,720,false],"newsphere-featured":["https:\/\/www.euegeajans.com\/wp-content\/uploads\/2026\/01\/Ege-Univeristesi.jpg",1024,643,false],"newsphere-medium":["https:\/\/www.euegeajans.com\/wp-content\/uploads\/2026\/01\/Ege-Univeristesi.jpg",605,380,false]},"author_info":{"display_name":"Editor","author_link":"https:\/\/www.euegeajans.com\/index.php\/author\/editor\/"},"category_info":"<a href=\"https:\/\/www.euegeajans.com\/index.php\/category\/bilim\/\" rel=\"category tag\">Bilim<\/a> <a href=\"https:\/\/www.euegeajans.com\/index.php\/category\/egitim\/\" rel=\"category tag\">E\u011fitim<\/a> <a href=\"https:\/\/www.euegeajans.com\/index.php\/category\/gncl\/\" rel=\"category tag\">G\u00fcncel<\/a> <a href=\"https:\/\/www.euegeajans.com\/index.php\/category\/kampus\/\" rel=\"category tag\">Kamp\u00fcs<\/a>","tag_info":"Kamp\u00fcs","comment_count":"0","_links":{"self":[{"href":"https:\/\/www.euegeajans.com\/index.php\/wp-json\/wp\/v2\/posts\/31831","targetHints":{"allow":["GET"]}}],"collection":[{"href":"https:\/\/www.euegeajans.com\/index.php\/wp-json\/wp\/v2\/posts"}],"about":[{"href":"https:\/\/www.euegeajans.com\/index.php\/wp-json\/wp\/v2\/types\/post"}],"author":[{"embeddable":true,"href":"https:\/\/www.euegeajans.com\/index.php\/wp-json\/wp\/v2\/users\/2"}],"replies":[{"embeddable":true,"href":"https:\/\/www.euegeajans.com\/index.php\/wp-json\/wp\/v2\/comments?post=31831"}],"version-history":[{"count":2,"href":"https:\/\/www.euegeajans.com\/index.php\/wp-json\/wp\/v2\/posts\/31831\/revisions"}],"predecessor-version":[{"id":31834,"href":"https:\/\/www.euegeajans.com\/index.php\/wp-json\/wp\/v2\/posts\/31831\/revisions\/31834"}],"wp:featuredmedia":[{"embeddable":true,"href":"https:\/\/www.euegeajans.com\/index.php\/wp-json\/wp\/v2\/media\/31832"}],"wp:attachment":[{"href":"https:\/\/www.euegeajans.com\/index.php\/wp-json\/wp\/v2\/media?parent=31831"}],"wp:term":[{"taxonomy":"category","embeddable":true,"href":"https:\/\/www.euegeajans.com\/index.php\/wp-json\/wp\/v2\/categories?post=31831"},{"taxonomy":"post_tag","embeddable":true,"href":"https:\/\/www.euegeajans.com\/index.php\/wp-json\/wp\/v2\/tags?post=31831"}],"curies":[{"name":"wp","href":"https:\/\/api.w.org\/{rel}","templated":true}]}}